{"id":263774,"date":"2025-11-30T14:24:21","date_gmt":"2025-11-30T14:24:21","guid":{"rendered":"https:\/\/www.europesays.com\/es\/263774\/"},"modified":"2025-11-30T14:24:21","modified_gmt":"2025-11-30T14:24:21","slug":"netflix-tiene-escondida-en-su-catalogo-una-de-las-peliculas-de-epoca-mas-vistas-en-los-anos-90-que-fue-aclamada-por-la-critica-una-fantasia-exquisita","status":"publish","type":"post","link":"https:\/\/www.europesays.com\/es\/263774\/","title":{"rendered":"Netflix tiene escondida en su cat\u00e1logo una de las pel\u00edculas de \u00e9poca m\u00e1s vistas en los a\u00f1os 90 que fue aclamada por la cr\u00edtica: \u00abUna fantas\u00eda exquisita\u00bb"},"content":{"rendered":"<p data-journey-content=\"true\" data-node-id=\"3\" class=\"css-6wxqfj emevuu60\">En la \u00faltima d\u00e9cada, <a href=\"https:\/\/www.cosmopolitan.com\/es\/entretenimiento-cultura\/g60021371\/mejores-peliculas-de-epoca\/\" data-vars-ga-outbound-link=\"https:\/\/www.cosmopolitan.com\/es\/entretenimiento-cultura\/g60021371\/mejores-peliculas-de-epoca\/\" data-vars-ga-ux-element=\"Hyperlink\" data-vars-ga-call-to-action=\"las pel\u00edculas de \u00e9poca\" data-node-id=\"3.1\" class=\"body-link css-103hk4r emevuu60\" rel=\"nofollow noopener\" target=\"_blank\">las pel\u00edculas de \u00e9poca<\/a> se han convertido en toda una revoluci\u00f3n imparable. Lejos de ser s\u00f3lo una curiosidad para amantes del pasado, estas producciones est\u00e1n cautivando cada d\u00eda a nuevas generaciones, muchas veces impulsados por el \u00e9xito de las novelas en las que se inspiran. Lo fascinante es c\u00f3mo <strong data-node-id=\"3.3\">estas historias se reinventan para conectar con el p\u00fablico moderno:<\/strong> desde los decorados cuidados y los vestidos rom\u00e1nticos hasta una narrativa que mezcla tradici\u00f3n con nuevas sensibilidades. Si bien los dramas hist\u00f3ricos siempre han tenido su nicho, lo cierto es que nunca antes hab\u00edan logrado una base de espectadores tan incre\u00edble como ahora, gracias tambi\u00e9n al auge de las plataformas de &#8216;streaming&#8217;.<\/p>\n<p data-journey-content=\"true\" data-node-id=\"6\" class=\"css-6wxqfj emevuu60\">Esa popularidad contempor\u00e1nea tiene mucho que ver con el \u00e9xito de series como <a href=\"https:\/\/www.cosmopolitan.com\/es\/los-bridgerton-netflix\/\" data-vars-ga-outbound-link=\"https:\/\/www.cosmopolitan.com\/es\/los-bridgerton-netflix\/\" data-vars-ga-ux-element=\"Hyperlink\" data-vars-ga-call-to-action=\"&#039;Los Bridgerton&#039;\" data-node-id=\"6.1\" class=\"body-link css-103hk4r emevuu60\" rel=\"nofollow noopener\" target=\"_blank\">&#8216;<strong data-node-id=\"6.1.1\">Los Bridgerton&#8217;<\/strong><\/a>, con su est\u00e9tica exuberante y sus tramas de alta sociedad, o <a href=\"https:\/\/www.cosmopolitan.com\/es\/famosos\/peliculas-series\/a43792671\/la-reina-carlota-los-bridgerton-netflix-curiosidades\/\" data-vars-ga-outbound-link=\"https:\/\/www.cosmopolitan.com\/es\/famosos\/peliculas-series\/a43792671\/la-reina-carlota-los-bridgerton-netflix-curiosidades\/\" data-vars-ga-ux-element=\"Hyperlink\" data-vars-ga-call-to-action=\"&#039;La reina Carlota&#039;,\" data-node-id=\"6.3\" class=\"body-link css-103hk4r emevuu60\" rel=\"nofollow noopener\" target=\"_blank\">&#8216;<strong data-node-id=\"6.3.1\">La reina Carlota&#8217;,<\/strong><\/a> que profundiza en los entresijos de la realeza con una sensibilidad moderna. Incluso pel\u00edculas cl\u00e1sicas como &#8216;<strong data-node-id=\"6.5\">Orgullo y Prejuicio&#8217;<\/strong> siguen teniendo un efecto poderoso: su romanticismo atemporal y sus conflictos de clase resuenan tanto en el espectador actual como en el de d\u00e9cadas pasadas.<\/p>\n<p><img draggable=\"true\" alt=\"'la princesita', pel\u00edcula de 1995\" title=\"'La princesita', pel\u00edcula de 1995\" loading=\"lazy\" width=\"2048\" height=\"1153\" decoding=\"async\" data-nimg=\"1\" style=\"color:transparent;width:100%;height:auto;\"   src=\"https:\/\/www.europesays.com\/es\/wp-content\/uploads\/2025\/11\/laprincesita9-6925a9548fe99.jpg\" class=\"css-0 e1g79fud0\"\/><\/p>\n<p>courtesy by Prime Video<\/p>\n<p data-journey-content=\"true\" data-node-id=\"9\" class=\"css-6wxqfj emevuu60\">As\u00ed es como llegamos a Netflix y descubrimos que tiene escondida en su cat\u00e1logo una de las pel\u00edculas de \u00e9poca m\u00e1s vistas en los a\u00f1os 90 que fue aclamada por la cr\u00edtica: \u00abUna fantas\u00eda exquisita\u00bb, seg\u00fan &#8216;Variety&#8217;. Nos referimos a &#8216;La Princesita&#8217;, pel\u00edcula de Alfonso Cuar\u00f3n que narra la historia de Sara Crewe, una ni\u00f1a con una imaginaci\u00f3n desbordante que es enviada a un internado en Nueva York cuando su padre parte rumbo a la Primera Guerra Mundial. <\/p>\n<p data-journey-content=\"true\" data-node-id=\"13\" class=\"css-6wxqfj emevuu60\">Tras recibir la fat\u00eddica noticia de que su padre ha muerto, Sara pasa de ser una joven privilegiada a servir, pero nunca pierde la esperanza ni su mundo interior m\u00e1gico. Lo que distingue a <strong data-node-id=\"13.1\">esta versi\u00f3n que dura menos de dos horas<\/strong> de otras adaptaciones de la novela de 1905 de Frances Hodgson Burnett es la ambientaci\u00f3n y la profundidad con la que explora la imaginaci\u00f3n infantil: no es un cuento de hadas edulcorado, sino <strong data-node-id=\"13.3\">un retrato conmovedor de la resiliencia a trav\u00e9s del realismo m\u00e1gico.<\/strong><\/p>\n<p><img draggable=\"true\" alt=\"a little princess (1995)directed by alfonso cuaronshown: liesel matthews (as sara crewe)\" title=\"a little princess (1995)directed by alfonso cuaronshown: liesel matthews (as sara crewe)\" loading=\"lazy\" width=\"2048\" height=\"1152\" decoding=\"async\" data-nimg=\"1\" style=\"color:transparent;width:100%;height:auto;\"   src=\"https:\/\/www.europesays.com\/es\/wp-content\/uploads\/2025\/11\/laprincesita56-6925a9956f229.jpg\" class=\"css-0 e1g79fud0\"\/><\/p>\n<p>Courtesy Prime Video<\/p>\n<p data-journey-content=\"true\" data-node-id=\"17\" class=\"css-6wxqfj emevuu60\">El reconocimiento a &#8216;La princesita&#8217; ha sido notable con <strong data-node-id=\"17.1\">dos nominaciones a los premios \u00d3scar que recibi\u00f3<\/strong> a mejor direcci\u00f3n art\u00edstica y otra por fotograf\u00eda, por el trabajo de Emmanuel Lubezki. Por su parte, sus actores han hablado en diversas entrevistas sobre su trabajo dentro del &#8216;set&#8217;. Vanessa Lee Chester, que interpreta a Becky, record\u00f3 <a href=\"https:\/\/www.refinery29.com\/en-us\/2015\/05\/87213\/becky-a-little-princess-cast-interview\" target=\"_blank\" rel=\"nofollow noopener\" data-vars-ga-outbound-link=\"https:\/\/www.refinery29.com\/en-us\/2015\/05\/87213\/becky-a-little-princess-cast-interview\" data-vars-ga-ux-element=\"Hyperlink\" data-vars-ga-call-to-action=\"en una entrevista con &#039;Refinery29&#039;\" data-node-id=\"17.3\" class=\"body-link css-103hk4r emevuu60\">en una entrevista con &#8216;Refinery29&#8217;<\/a> cu\u00e1nto le marc\u00f3 formar parte del proyecto: \u00abDe ni\u00f1a, sab\u00eda que la pel\u00edcula era especial, pero <strong data-node-id=\"17.5\">no fue hasta que empec\u00e9 a recibir mensajes en Instagram y Twitter cuando realmente comprend\u00ed el impacto que ten\u00eda en las ni\u00f1as peque\u00f1as\u00bb. <\/strong>Adem\u00e1s, habl\u00f3 del buen ambiente que hab\u00eda en el rodaje y del propio director: \u00abCuar\u00f3n ten\u00eda un incre\u00edble cabello rizado y negro azabache en el que<strong data-node-id=\"17.7\"> las chicas y yo le pon\u00edamos rulos rosas. Se pasaba horas con los rulos puestos\u00bb.<\/strong><\/p>\n<p><img draggable=\"true\" alt=\"la princesita, pel\u00edcula de 1995\" title=\"La princesita, pel\u00edcula de 1995\" loading=\"lazy\" width=\"2048\" height=\"1153\" decoding=\"async\" data-nimg=\"1\" style=\"color:transparent;width:100%;height:auto;\"   src=\"https:\/\/www.europesays.com\/es\/wp-content\/uploads\/2025\/11\/primevideoes-6925aa560db53.png\" class=\"css-0 e1g79fud0\"\/><\/p>\n<p>Courtesy Prime Video<\/p>\n<p data-journey-content=\"true\" data-node-id=\"22\" class=\"css-6wxqfj emevuu60\">En definitiva, los a\u00f1os 90 nos regalaron mucho m\u00e1s que algunas de <a href=\"https:\/\/www.cosmopolitan.com\/es\/entretenimiento-cultura\/a36861028\/mejores-comedias-romanticas\/\" data-vars-ga-outbound-link=\"https:\/\/www.cosmopolitan.com\/es\/entretenimiento-cultura\/a36861028\/mejores-comedias-romanticas\/\" data-vars-ga-ux-element=\"Hyperlink\" data-vars-ga-call-to-action=\"las mejores comedias rom\u00e1nticas\" data-node-id=\"22.1\" class=\"body-link css-103hk4r emevuu60\" rel=\"nofollow noopener\" target=\"_blank\">las mejores comedias rom\u00e1nticas<\/a>, ya que fue <strong data-node-id=\"22.3\">una d\u00e9cada en la que el cine de \u00e9poca no s\u00f3lo revivi\u00f3, sino que tambi\u00e9n se reinvent\u00f3.<\/strong> Gracias a pel\u00edculas como &#8216;La princesita&#8217; se sentaron las bases para ese tipo de historias m\u00e1gicas y sensibles que ahora forman parte del ADN de muchas producciones modernas. Y es bien merecido que obras como la mencionada sigan encontrando nuevas audiencias en plataformas como Netflix.<\/p>\n<p><img src=\"https:\/\/www.europesays.com\/es\/wp-content\/uploads\/2025\/11\/1764512661_75_7a301f88-8d0c-4dfa-91ae-488ef69e7fe1_1674648920.file\" alt=\"Headshot of \u00c1lvaro Alonso de la Fuente\" title=\"Headshot of \u00c1lvaro Alonso de la Fuente\" width=\"100%\" height=\"100%\" decoding=\"async\" loading=\"lazy\" class=\"css-o0wq4v ev8dhu53\"\/><\/p>\n<p>\u00c1lvaro Alonso es redactor de actualidad y \u2018celebrities\u2019 en Cosmopolitan y experto en famosas y cultura Y2K desde hace varios a\u00f1os. Si no est\u00e1 escribiendo, seguramente est\u00e9 encontrando las mejores an\u00e9cdotas y contenidos en redes sociales sobre los a\u00f1os 2000s y las tendencias de moda que vuelven a llevarse hoy en d\u00eda. Es un apasionado de los realities show, por lo que conoce al detalle las vidas de las hermanas Kardashian y todas esas palabras y expresiones de la cultura pop que la Generaci\u00f3n Z utiliza.\u00a0<\/p>\n<p>En su d\u00eda a d\u00eda en Cosmopolitan, \u00c1lvaro Alonso est\u00e1 enfocado a la redacci\u00f3n de contenidos de celebrities y actualidad, siempre con tilde \u2018fashion\u2019, pues es un apasionado de las pasarelas. No se le escapa ning\u00fan contenido que se haga viral en Instagram, Twitter y TikTok. Conoce muy bien las redes, pues compagina la redacci\u00f3n con la creaci\u00f3n de contenidos, sobre todo en TikTok, donde comparte v\u00eddeos non-stop. \u00c1lvaro Alonso est\u00e1 graduado en Periodismo por la Universidad Rey Juan Carlos y estudia un M\u00e1ster en Comunicaci\u00f3n Audiovisual en la Nueva Era Digital por la Universidad Complutense de Madrid.\u00a0<\/p>\n<p>Comenz\u00f3 a escribir como redactor en una agencia de comunicaci\u00f3n sobre contenido de actualidad en la Comunidad de Madrid, pasando por varios medios digitales e impresos como Togayther, donde escribe cada vez que puede sobre moda, televisi\u00f3n, \u2018celebrities\u2019 y contenido enfocado desde la perspectiva LGTBI. De la misma forma, en Why Not Magazine colabora de manera frecuente, hablando sobre temas de cultura, m\u00fasica y televisi\u00f3n. \u00a0<\/p>\n","protected":false},"excerpt":{"rendered":"En la \u00faltima d\u00e9cada, las pel\u00edculas de \u00e9poca se han convertido en toda una revoluci\u00f3n imparable. Lejos de&hellip;\n","protected":false},"author":2,"featured_media":263775,"comment_status":"","ping_status":"","sticky":false,"template":"","format":"standard","meta":{"footnotes":""},"categories":[169],"tags":[177,253,146,147,25,24,176,175,23],"class_list":{"0":"post-263774","1":"post","2":"type-post","3":"status-publish","4":"format-standard","5":"has-post-thumbnail","7":"category-cine","8":"tag-cine","9":"tag-discover","10":"tag-entertainment","11":"tag-entretenimiento","12":"tag-es","13":"tag-espana","14":"tag-film","15":"tag-movies","16":"tag-spain"},"share_on_mastodon":{"url":"https:\/\/pubeurope.com\/@es\/115639108701420779","error":""},"_links":{"self":[{"href":"https:\/\/www.europesays.com\/es\/wp-json\/wp\/v2\/posts\/263774","targetHints":{"allow":["GET"]}}],"collection":[{"href":"https:\/\/www.europesays.com\/es\/wp-json\/wp\/v2\/posts"}],"about":[{"href":"https:\/\/www.europesays.com\/es\/wp-json\/wp\/v2\/types\/post"}],"author":[{"embeddable":true,"href":"https:\/\/www.europesays.com\/es\/wp-json\/wp\/v2\/users\/2"}],"replies":[{"embeddable":true,"href":"https:\/\/www.europesays.com\/es\/wp-json\/wp\/v2\/comments?post=263774"}],"version-history":[{"count":0,"href":"https:\/\/www.europesays.com\/es\/wp-json\/wp\/v2\/posts\/263774\/revisions"}],"wp:featuredmedia":[{"embeddable":true,"href":"https:\/\/www.europesays.com\/es\/wp-json\/wp\/v2\/media\/263775"}],"wp:attachment":[{"href":"https:\/\/www.europesays.com\/es\/wp-json\/wp\/v2\/media?parent=263774"}],"wp:term":[{"taxonomy":"category","embeddable":true,"href":"https:\/\/www.europesays.com\/es\/wp-json\/wp\/v2\/categories?post=263774"},{"taxonomy":"post_tag","embeddable":true,"href":"https:\/\/www.europesays.com\/es\/wp-json\/wp\/v2\/tags?post=263774"}],"curies":[{"name":"wp","href":"https:\/\/api.w.org\/{rel}","templated":true}]}}