{"id":263778,"date":"2025-11-30T14:26:09","date_gmt":"2025-11-30T14:26:09","guid":{"rendered":"https:\/\/www.europesays.com\/es\/263778\/"},"modified":"2025-11-30T14:26:09","modified_gmt":"2025-11-30T14:26:09","slug":"la-concha-del-espolon-acoge-este-lunes-la-conmemoracion-del-dia-mundial-de-lucha-contra-el-sida","status":"publish","type":"post","link":"https:\/\/www.europesays.com\/es\/263778\/","title":{"rendered":"La concha del Espol\u00f3n acoge este lunes la conmemoraci\u00f3n del D\u00eda Mundial de Lucha contra el Sida"},"content":{"rendered":"<p><a href=\"https:\/\/img.europapress.es\/fotoweb\/fotonoticia_20251130140500_1920.jpg\" title=\"Ampliar foto\" class=\"enlaceampliarfoto\" data-fotoid=\"1791368\" rel=\"nofollow noopener\" target=\"_blank\"><img id=\"fotoPrincipalNoticia\" src=\"https:\/\/www.europesays.com\/es\/wp-content\/uploads\/2025\/11\/fotonoticia_20251130140500_260.jpg\" fetchpriority=\"high\" decoding=\"async\" border=\"0\" alt=\"Archivo - SIDA, VIH\" title=\"La concha del Espol\u00f3n acoge este lunes la conmemoraci\u00f3n del D\u00eda Mundial de Lucha contra el Sida\" width=\"260\" height=\"260\" itemprop=\"image\"\/><\/a><\/p>\n<p>Archivo &#8211; SIDA, VIH &#8211; EUROPA PRESS &#8211; Archivo<\/p>\n<p>    LOGRO\u00d1O 30 Nov. (EUROPA PRESS) &#8211; <\/p>\n<p>   Con motivo de la conmemoraci\u00f3n del D\u00eda Mundial de Lucha contra el Sida, la Comisi\u00f3n Ciudadana Anti-Sida de La Rioja celebra este lunes, 1 de diciembre, a las 12 horas en la concha del Paseo del Espol\u00f3n de Logro\u00f1o la tradicional lectura de un manifiesto.<\/p>\n<p>   Se trata de un acto p\u00fablico, de una duraci\u00f3n aproximada de 30 minutos, que se viene realizando desde el a\u00f1o 2006 con el objetivo de hacer visible la realidad de las personas que viven con VIH\/Sida as\u00ed como de sensibilizar a los poderes p\u00fablicos y a la sociedad en general sobre la importancia de esta enfermedad que, a d\u00eda de hoy, sigue unida al estigma y la discriminaci\u00f3n.<\/p>\n<p>   En esta ocasi\u00f3n ser\u00e1 Carmen Tamayo Lacalle la persona encargada de dar lectura a un manifiesto conmemorativo, bajo el t\u00edtulo &#8216;Comunidad, Derechos y Vida Digna&#8217;.<\/p>\n<p>   Tamayo es diplomada en Trabajo Social y pionera en su \u00e1mbito en La Rioja, a lo largo de m\u00e1s de cuarenta a\u00f1os de servicio p\u00fablico en el Ayuntamiento de Logro\u00f1o, ha destacado por su compromiso en la transformaci\u00f3n de los servicios sociales. Su trayectoria, reconocida con el Premio Servicios Sociales del Gobierno de La Rioja, refleja una profunda vocaci\u00f3n, empat\u00eda y dedicaci\u00f3n al bienestar y la justicia social.<\/p>\n<p>   Han confirmado su asistencia a este acto representantes del gobierno municipal y auton\u00f3mico as\u00ed como de los principales partidos pol\u00edticos, sindicatos, colegios profesionales y entidades asociativas.<\/p>\n","protected":false},"excerpt":{"rendered":"Archivo &#8211; SIDA, VIH &#8211; EUROPA PRESS &#8211; Archivo LOGRO\u00d1O 30 Nov. (EUROPA PRESS) &#8211; Con motivo de&hellip;\n","protected":false},"author":2,"featured_media":263779,"comment_status":"","ping_status":"","sticky":false,"template":"","format":"standard","meta":{"footnotes":""},"categories":[92],"tags":[25,24,165,166,23],"class_list":{"0":"post-263778","1":"post","2":"type-post","3":"status-publish","4":"format-standard","5":"has-post-thumbnail","7":"category-salud","8":"tag-es","9":"tag-espana","10":"tag-health","11":"tag-salud","12":"tag-spain"},"share_on_mastodon":{"url":"https:\/\/pubeurope.com\/@es\/115639116805788995","error":""},"_links":{"self":[{"href":"https:\/\/www.europesays.com\/es\/wp-json\/wp\/v2\/posts\/263778","targetHints":{"allow":["GET"]}}],"collection":[{"href":"https:\/\/www.europesays.com\/es\/wp-json\/wp\/v2\/posts"}],"about":[{"href":"https:\/\/www.europesays.com\/es\/wp-json\/wp\/v2\/types\/post"}],"author":[{"embeddable":true,"href":"https:\/\/www.europesays.com\/es\/wp-json\/wp\/v2\/users\/2"}],"replies":[{"embeddable":true,"href":"https:\/\/www.europesays.com\/es\/wp-json\/wp\/v2\/comments?post=263778"}],"version-history":[{"count":0,"href":"https:\/\/www.europesays.com\/es\/wp-json\/wp\/v2\/posts\/263778\/revisions"}],"wp:featuredmedia":[{"embeddable":true,"href":"https:\/\/www.europesays.com\/es\/wp-json\/wp\/v2\/media\/263779"}],"wp:attachment":[{"href":"https:\/\/www.europesays.com\/es\/wp-json\/wp\/v2\/media?parent=263778"}],"wp:term":[{"taxonomy":"category","embeddable":true,"href":"https:\/\/www.europesays.com\/es\/wp-json\/wp\/v2\/categories?post=263778"},{"taxonomy":"post_tag","embeddable":true,"href":"https:\/\/www.europesays.com\/es\/wp-json\/wp\/v2\/tags?post=263778"}],"curies":[{"name":"wp","href":"https:\/\/api.w.org\/{rel}","templated":true}]}}