{"id":263785,"date":"2025-11-30T14:30:10","date_gmt":"2025-11-30T14:30:10","guid":{"rendered":"https:\/\/www.europesays.com\/es\/263785\/"},"modified":"2025-11-30T14:30:10","modified_gmt":"2025-11-30T14:30:10","slug":"cantera-de-la-ultraderecha-en-alemania-dw-29-11-2025","status":"publish","type":"post","link":"https:\/\/www.europesays.com\/es\/263785\/","title":{"rendered":"cantera de la ultraderecha en Alemania \u2013 DW \u2013 29\/11\/2025"},"content":{"rendered":"<p>Jean-Pascal Hohm es joven y bien cuidado: lleva el rostro perfectamente afeitado y ropa pulcra. Cuando sube al podio en el parlamento del estado de Brandeburgo, este legislador de 28 a\u00f1os suele vestir traje y corbata.<\/p>\n<p>Hohm no es un nombre conocido en <a class=\"internal-link\" href=\"https:\/\/www.dw.com\/es\/alemania\/t-17411625\" rel=\"nofollow noopener\" target=\"_blank\">Alemania<\/a>, pero esto podr\u00eda cambiar pronto. Est\u00e1 previsto que dirija la nueva organizaci\u00f3n juvenil del partido de ultraderecha <a class=\"internal-link\" href=\"https:\/\/www.dw.com\/es\/afd\/t-19528111\" rel=\"nofollow noopener\" target=\"_blank\">Alternativa para Alemania (AfD)<\/a>, fundado el 29 de noviembre en la ciudad de Giessen, al norte de Fr\u00e1ncfort.<\/p>\n<p>En v\u00edsperas del evento, concedi\u00f3 una entrevista al medio de comunicaci\u00f3n de derecha Junge Freiheit TV, en la que expuso los objetivos de la organizaci\u00f3n.<\/p>\n<p>\u00abQueremos ser un campo de entrenamiento para los futuros l\u00edderes del partido\u00bb, declar\u00f3. \u00abQueremos formar a los funcionarios, a los representantes electos y con suerte tambi\u00e9n a los futuros miembros del gobierno\u00bb.<\/p>\n<p>Hohm indic\u00f3 que la organizaci\u00f3n juvenil de AfD juega un papel importante a la hora de allanar el camino para el ascenso del partido al poder.<\/p>\n<p><strong>AfD sue\u00f1a con la mayor\u00eda absoluta<\/strong><\/p>\n<p>En 2026\u00a0se celebrar\u00e1n cinco importantes elecciones regionales en Alemania. AfD lleva meses en las primeras posiciones de las encuestas, especialmente en el este de Alemania.<\/p>\n<p>En Sajonia-Anhalt\u00a0alcanza respaldos del 40 por ciento, lo que indica que incluso podr\u00eda formar gobierno sin un socio de coalici\u00f3n tras las elecciones de septiembre.<\/p>\n<p>En su camino al poder, AfD decidi\u00f3 disolver su antigua organizaci\u00f3n juvenil, la Junge Alternative (Alternativa Joven) a principios de 2025. Sus miembros hab\u00edan acaparado titulares con declaraciones extremistas y se vieron envueltos frecuentemente en esc\u00e1ndalos, lo que caus\u00f3 un gran dolor de cabeza a la direcci\u00f3n del partido.<\/p>\n<p>La JA era formalmente una asociaci\u00f3n sin afiliaci\u00f3n partidaria. De hecho, la afiliaci\u00f3n a la AfD ni siquiera era un requisito previo para la membres\u00eda en la JA, por lo que el partido no ten\u00eda forma de sancionar lo que consideraba un comportamiento indeseable.<\/p>\n<p><img data-format=\"MASTER_LANDSCAPE\" data-id=\"74917268\" data-url=\"https:\/\/static.dw.com\/image\/74917268_${formatId}.jpg\" data-aspect-ratio=\"16\/9\" alt=\"La polit\u00f3loga Anna-Sophie Heinze.\" style=\"padding-bottom: 56.25%; height: 0; max-height: 0;\"\/>La polit\u00f3loga Anna-Sophie Heinze.Imagen: Universit\u00e4t Trier<\/p>\n<p>La JA hab\u00eda estado en el punto de mira de las autoridades alemanas de seguridad. Fue clasificada como \u00abextremista de derecha confirmada\u00bb debido a sus estrechas relaciones con organizaciones anticonstitucionales como el Movimiento Identitario y presuntos grupos terroristas de derecha, incluyendo uno llamado Separatistas Sajones. Analistas jur\u00eddicos y pol\u00edticos consideraron que la JA, a punto de ser prohibida, era inconstitucional, lo que habr\u00eda tenido repercusiones para la AfD en su conjunto.<\/p>\n<p>Las autoridades de seguridad recopilaron pruebas que demuestran que la AfD act\u00faa en contra de principios fundamentales de la Constituci\u00f3n alemana: sus campa\u00f1as contra musulmanes e inmigrantes violan el principio de igualdad consagrado en la llamada Ley Fundamental. Los cr\u00edticos llevan a\u00f1os pidiendo la prohibici\u00f3n de la AfD. Si se hubiera prohibido la organizaci\u00f3n juvenil del partido, esto habr\u00eda ayudado a su causa.<\/p>\n<p>La agrupaci\u00f3n ha rechazado reiterada y vehementemente estas acusaciones. \u00abLa AfD se esfuerza por contrarrestar esta clasificaci\u00f3n de extremista de derecha y ridiculizarla en su conjunto\u00bb, declar\u00f3 a DW la polit\u00f3loga Anna-Sophie Heinze, de la Universidad de Tr\u00e9veris. \u00abPero, al mismo tiempo, tambi\u00e9n teme las posibles consecuencias\u00bb, apunt\u00f3.<\/p>\n<p>Por lo tanto, la reorganizaci\u00f3n de las juventudes del partido parece ser una decisi\u00f3n principalmente estrat\u00e9gica: bajo el paraguas del partido matriz, la nueva agrupaci\u00f3n puede esperar obtener mayor financiamiento y apoyo profesional para participar en campa\u00f1as en redes sociales de cara a las elecciones del pr\u00f3ximo a\u00f1o, por ejemplo.<\/p>\n<p><strong>\u00bfSeguir\u00e1 la nueva organizaci\u00f3n juvenil siendo de extrema derecha?<\/strong><\/p>\n<p>La pregunta crucial es: \u00bfcu\u00e1nto extremismo habr\u00e1 en la reci\u00e9n fundada organizaci\u00f3n juvenil?<\/p>\n<p>\u00abNo creo que la nueva organizaci\u00f3n juvenil vaya a perder por completo el contacto con el movimiento identitario o con la extrema derecha\u00bb, afirma Heinze.<\/p>\n<p>Por ejemplo, Holm tiene un historial de estrechos v\u00ednculos con asociaciones de ultraderecha y anticonstitucionales, en una de las cuales incluso realiz\u00f3 una pasant\u00eda. En octubre de 2018, asisti\u00f3 a una reuni\u00f3n de neofascistas en Italia.<\/p>\n<p>Su oficina de la AfD en Brandeburgo est\u00e1 considerada una de las m\u00e1s radicales a nivel nacional. Algunos miembros han desafiado abiertamente la Constituci\u00f3n alemana, al cuestionar incluso si es legal que los inmigrantes obtengan la ciudadan\u00eda alemana.<\/p>\n<p>La respuesta de Hohm a las acusaciones deja mucho margen de interpretaci\u00f3n. \u00abEstoy firmemente convencido de que la plataforma que promueve la AfD, y tambi\u00e9n la que promover\u00e1 nuestra organizaci\u00f3n juvenil, est\u00e1 firmemente arraigada en la Ley Fundamental\u00bb, declar\u00f3 en una entrevista con el peri\u00f3dico de derecha Junge Freiheit.<\/p>\n<p>Los cr\u00edticos se preguntan c\u00f3mo interpretar esto: \u00bfse basa la AfD en la Constituci\u00f3n alemana, o solo el mensaje que transmite al exterior se basa en la Constituci\u00f3n alemana?<\/p>\n<p>Generaci\u00f3n Alemania\u00a0es el nombre que Hohm y sus colaboradores dieron a la nueva organizaci\u00f3n juvenil. Promover las deportaciones masivas desde Alemania es el eje central de la plataforma.\u00a0Para no asustar a los votantes, los pol\u00edticos de la AfD suelen usar el eufemismo de \u00abremigraci\u00f3n\u00bb en lugar de decir claramente \u00abdeportaciones\u00bb.<\/p>\n<p>(rr\/dzc)<\/p>\n","protected":false},"excerpt":{"rendered":"Jean-Pascal Hohm es joven y bien cuidado: lleva el rostro perfectamente afeitado y ropa pulcra. Cuando sube al&hellip;\n","protected":false},"author":2,"featured_media":263786,"comment_status":"","ping_status":"","sticky":false,"template":"","format":"standard","meta":{"footnotes":""},"categories":[42],"tags":[17,18,13,14,11,61,62,63,64,19,20,9,10,15,16,12,21,22,65,66,67],"class_list":{"0":"post-263785","1":"post","2":"type-post","3":"status-publish","4":"format-standard","5":"has-post-thumbnail","7":"category-internacional","8":"tag-breaking-news","9":"tag-breakingnews","10":"tag-featured-news","11":"tag-featurednews","12":"tag-headlines","13":"tag-internacional","14":"tag-international","15":"tag-international-news","16":"tag-internationalnews","17":"tag-latest-news","18":"tag-latestnews","19":"tag-news","20":"tag-noticias","21":"tag-noticias-destacadas","22":"tag-noticiasdestacadas","23":"tag-titulares","24":"tag-ultimas-noticias","25":"tag-ultimasnoticias","26":"tag-world","27":"tag-world-news","28":"tag-worldnews"},"share_on_mastodon":{"url":"https:\/\/pubeurope.com\/@es\/115639132227611200","error":""},"_links":{"self":[{"href":"https:\/\/www.europesays.com\/es\/wp-json\/wp\/v2\/posts\/263785","targetHints":{"allow":["GET"]}}],"collection":[{"href":"https:\/\/www.europesays.com\/es\/wp-json\/wp\/v2\/posts"}],"about":[{"href":"https:\/\/www.europesays.com\/es\/wp-json\/wp\/v2\/types\/post"}],"author":[{"embeddable":true,"href":"https:\/\/www.europesays.com\/es\/wp-json\/wp\/v2\/users\/2"}],"replies":[{"embeddable":true,"href":"https:\/\/www.europesays.com\/es\/wp-json\/wp\/v2\/comments?post=263785"}],"version-history":[{"count":0,"href":"https:\/\/www.europesays.com\/es\/wp-json\/wp\/v2\/posts\/263785\/revisions"}],"wp:featuredmedia":[{"embeddable":true,"href":"https:\/\/www.europesays.com\/es\/wp-json\/wp\/v2\/media\/263786"}],"wp:attachment":[{"href":"https:\/\/www.europesays.com\/es\/wp-json\/wp\/v2\/media?parent=263785"}],"wp:term":[{"taxonomy":"category","embeddable":true,"href":"https:\/\/www.europesays.com\/es\/wp-json\/wp\/v2\/categories?post=263785"},{"taxonomy":"post_tag","embeddable":true,"href":"https:\/\/www.europesays.com\/es\/wp-json\/wp\/v2\/tags?post=263785"}],"curies":[{"name":"wp","href":"https:\/\/api.w.org\/{rel}","templated":true}]}}