{"id":263787,"date":"2025-11-30T14:31:10","date_gmt":"2025-11-30T14:31:10","guid":{"rendered":"https:\/\/www.europesays.com\/es\/263787\/"},"modified":"2025-11-30T14:31:10","modified_gmt":"2025-11-30T14:31:10","slug":"una-mujer-herida-grave-tras-ser-apunalada-por-su-expareja-en-costitx-mallorca","status":"publish","type":"post","link":"https:\/\/www.europesays.com\/es\/263787\/","title":{"rendered":"Una mujer, herida grave tras ser apu\u00f1alada por su expareja en Costitx, Mallorca"},"content":{"rendered":"<p class=\"L6-news-detail__text\">Una mujer se encuentra <b>herida de gravedad<\/b> tras haber sido apu\u00f1alada presuntamente a manos de su expareja este domingo cuando sal\u00eda de una fiesta en una finca en las afueras de Costitx, <b><a title=\"Mallorca\" href=\"https:\/\/www.lasexta.com\/temas\/mallorca-1\" target=\"_blank\" rel=\"nofollow noopener\">Mallorca<\/a><\/b>.<\/p>\n<p class=\"L6-news-detail__text\">Seg\u00fan ha avanzado &#8216;Cr\u00f3nica Balear&#8217;, los hechos han ocurrido sobre las 05.12 horas, cuando la mujer ha sido sorprendida por su expareja <b>al salir de una fiesta<\/b> en una casa a las afueras de esta localidad del Pla de Mallorca.<\/p>\n<p class=\"L6-news-detail__text\">El hombre se ha personado en la finca y ha agredido a la mujer, de unos 35 a\u00f1os, que debido a las heridas que presentaba ha sido trasladada al <b>Hospital Universitario Son Espases<\/b>, en estado grave.<\/p>\n<p class=\"L6-news-detail__text\">Despu\u00e9s de la agresi\u00f3n, el var\u00f3n <b>ha intentado quitarse la vida<\/b>, pero ha sido detenido por la Guardia Civil. Despu\u00e9s, ha sido trasladado en estado leve al Hospital de Inca.<\/p>\n<p class=\"L6-news-detail__text\">Por su parte, la presidenta del Govern balear, <b>Marga Prohens<\/b>, ha condenado en su cuenta de X \u00abcon <b>absoluta rotundidad<\/b>\u00bb este nuevo caso de violencia machista que se ha registrado en la isla.<\/p>\n<p class=\"L6-news-detail__text\">\u00abTodos los servicios del Instituto Balear de la Mujer (IBDona) est\u00e1n desplegados y a disposici\u00f3n de la v\u00edctima y su entorno. Todo mi afecto y apoyo a la familia y amistades\u00bb, ha continuado Prohens en su mensaje.<\/p>\n<p>016, n\u00famero contra la violencia machista<\/p>\n<p class=\"L6-news-detail__text\">El 016 atiende a todas las v\u00edctimas de violencia machista las 24 horas del d\u00eda y en 53 idiomas diferentes, al igual que el correo 016-online@igualdad.gob.es; tambi\u00e9n se presta atenci\u00f3n mediante WhatsApp a trav\u00e9s del n\u00famero <b>600000016<\/b>, y los menores pueden dirigirse al tel\u00e9fono de la Fundaci\u00f3n ANAR 900 20 20 10.<\/p>\n<p class=\"L6-news-detail__text\">En una situaci\u00f3n de emergencia, se puede llamar al 112 o a los tel\u00e9fonos de la Polic\u00eda Nacional (091) y de la Guardia Civil (062) y en caso de no poder llamar se puede recurrir a la aplicaci\u00f3n <b>ALERTCOPS<\/b>, desde la que se env\u00eda una se\u00f1al de alerta a la Polic\u00eda con geolocalizaci\u00f3n.<\/p>\n<p class=\"L6-news-detail__text\"><b><a title=\"*Sigue a laSexta en Google. Toda la actualidad y el mejor contenido aqu\u00ed.\" href=\"https:\/\/profile.google.com\/cp\/CgkvbS8wZG5xejA\" target=\"_blank\" rel=\"nofollow noopener\">*Sigue a laSexta en Google. Toda la actualidad y el mejor contenido aqu\u00ed.<\/a><\/b><\/p>\n<p class=\"L6-support-news-video__title\">Estrenados este s\u00e1bado<\/p>\n<p>            <a href=\"https:\/\/www.lasexta.com\/noticias\/sociedad\/polemica-burgos-recien-estrenados-portones-bronce-catedral_20251129692b4fb26e5e5012dcd3e3d0.html\" class=\"L6-news__link\" rel=\"nofollow noopener\" target=\"_blank\"><br \/>\n                La catedral de Burgos expone los pol\u00e9micos portones de bronce de Antonio L\u00f3pez<\/p>\n<p class=\"recirculation-video-desc\">Los detalles \u00abSi la obra es buena da un poco igual el sitio y si no es buena, tambi\u00e9n\u00bb, ha defendido el artista en la inauguraci\u00f3n en el museo catedralicio, donde finalmente quedar\u00e1n expuestas.<\/p>\n<p>            <\/a><\/p>\n","protected":false},"excerpt":{"rendered":"Una mujer se encuentra herida de gravedad tras haber sido apu\u00f1alada presuntamente a manos de su expareja este&hellip;\n","protected":false},"author":2,"featured_media":263788,"comment_status":"","ping_status":"","sticky":false,"template":"","format":"standard","meta":{"footnotes":""},"categories":[8],"tags":[17,18,25,24,13,14,11,19,20,9,10,15,16,23,12,21,22],"class_list":{"0":"post-263787","1":"post","2":"type-post","3":"status-publish","4":"format-standard","5":"has-post-thumbnail","7":"category-espana","8":"tag-breaking-news","9":"tag-breakingnews","10":"tag-es","11":"tag-espana","12":"tag-featured-news","13":"tag-featurednews","14":"tag-headlines","15":"tag-latest-news","16":"tag-latestnews","17":"tag-news","18":"tag-noticias","19":"tag-noticias-destacadas","20":"tag-noticiasdestacadas","21":"tag-spain","22":"tag-titulares","23":"tag-ultimas-noticias","24":"tag-ultimasnoticias"},"share_on_mastodon":{"url":"https:\/\/pubeurope.com\/@es\/115639136068564161","error":""},"_links":{"self":[{"href":"https:\/\/www.europesays.com\/es\/wp-json\/wp\/v2\/posts\/263787","targetHints":{"allow":["GET"]}}],"collection":[{"href":"https:\/\/www.europesays.com\/es\/wp-json\/wp\/v2\/posts"}],"about":[{"href":"https:\/\/www.europesays.com\/es\/wp-json\/wp\/v2\/types\/post"}],"author":[{"embeddable":true,"href":"https:\/\/www.europesays.com\/es\/wp-json\/wp\/v2\/users\/2"}],"replies":[{"embeddable":true,"href":"https:\/\/www.europesays.com\/es\/wp-json\/wp\/v2\/comments?post=263787"}],"version-history":[{"count":0,"href":"https:\/\/www.europesays.com\/es\/wp-json\/wp\/v2\/posts\/263787\/revisions"}],"wp:featuredmedia":[{"embeddable":true,"href":"https:\/\/www.europesays.com\/es\/wp-json\/wp\/v2\/media\/263788"}],"wp:attachment":[{"href":"https:\/\/www.europesays.com\/es\/wp-json\/wp\/v2\/media?parent=263787"}],"wp:term":[{"taxonomy":"category","embeddable":true,"href":"https:\/\/www.europesays.com\/es\/wp-json\/wp\/v2\/categories?post=263787"},{"taxonomy":"post_tag","embeddable":true,"href":"https:\/\/www.europesays.com\/es\/wp-json\/wp\/v2\/tags?post=263787"}],"curies":[{"name":"wp","href":"https:\/\/api.w.org\/{rel}","templated":true}]}}