{"id":263789,"date":"2025-11-30T14:32:08","date_gmt":"2025-11-30T14:32:08","guid":{"rendered":"https:\/\/www.europesays.com\/es\/263789\/"},"modified":"2025-11-30T14:32:08","modified_gmt":"2025-11-30T14:32:08","slug":"manifestacion-de-autonomos-nos-estan-exprimiendo","status":"publish","type":"post","link":"https:\/\/www.europesays.com\/es\/263789\/","title":{"rendered":"Manifestaci\u00f3n de aut\u00f3nomos: \u00abNos est\u00e1n exprimiendo\u00bb"},"content":{"rendered":"<p><strong>Aut\u00f3nomos<\/strong> procedentes de toda Espa\u00f1a han participado en la manifestaci\u00f3n convocada este domingo en Madrid por la Plataforma por la Dignidad de los Aut\u00f3nomos y han clamado contra la \u00abinjusticia\u00bb que vive el sector, que se siente \u00abmasacrado\u00bb pese a ser el \u00abpilar de Espa\u00f1a\u00bb.<\/p>\n<p>\u00abNos est\u00e1n exprimiendo como a limones y ya no podemos m\u00e1s. El lim\u00f3n est\u00e1 completamente seco\u00bb, ha dicho Carmen Corredor, una de las coordinadoras de la marcha, que ha avanzado que si las Administraciones siguen sin escuchar, <strong>continuar\u00e1n las protestas<\/strong> de los aut\u00f3nomos \u00abcon concentraciones mayores o, incluso, paros\u00bb.<\/p>\n<p>Bajo lemas como \u00ab<strong>Si el aut\u00f3nomo desaparece, Espa\u00f1a se desvanece<\/strong>\u00ab, \u00abSi no trabajo, no cobro pero sigo pagando\u00bb o \u00abSi el aut\u00f3nomo se enferma, no puede parar: la cuota lo condena\u00bb, y c\u00e1nticos como \u00abEste trimestre no vamos a pagar\u00bb, ha discurrido la marcha.<\/p>\n<p>El \u00e1nimo reivindicativo de los asistentes \u2014por lo general, aut\u00f3nomos con peque\u00f1os comercios (no han faltado sectores como, por ejemplo, el de la imagen personal: peluquer\u00edas, barber\u00edas y est\u00e9tica), seg\u00fan los coordinadores\u2014, se ha sentido durante la marcha, que ha comenzado en la c\u00e9ntrica Plaza de Espa\u00f1a.<\/p>\n<p>Acto seguido se ha encaminado hacia el Palacio Real de Madrid, donde se ha cruzado con grupos de personas que se dirig\u00edan a la <a href=\"https:\/\/www.rtve.es\/noticias\/20251130\/feijoo-pp-manifestacion-madrid-sanchez\/16837694.shtml\" target=\"_blank\" rel=\"nofollow noopener\">concentraci\u00f3n convocada por el l\u00edder del PP, Alberto N\u00fa\u00f1ez Feij\u00f3o, contra el Ejecutivo<\/a> por los casos de corrupci\u00f3n.<\/p>\n<p>Cuotas ajustadas a los ingresos reales<\/p>\n<p>Ya en la Puerta del Sol, la Plataforma ha le\u00eddo un manifiesto, con las principales peticiones de este movimiento, que reclama cuotas proporcionales ajustadas a los ingresos reales mensuales, la simplificaci\u00f3n de la burocracia y el fin del lenguaje \u00abincomprensible\u00bb.<\/p>\n<p>En el manifiesto se recogen otras peticiones como la <strong>exenci\u00f3n del IVA hasta 85.000 euros<\/strong>; la eliminaci\u00f3n del rol del aut\u00f3nomo como \u00abrecaudador del Estado\u00bb; la reforma integral del cese de actividad, y una protecci\u00f3n social equivalente a la de los trabajadores asalariados.<\/p>\n<p>Tambi\u00e9n figuran <strong>sustituciones por baja m\u00e9dica o cuidado familiar con cotizaci\u00f3n reducida<\/strong>; el derecho al luto; la libertad del pago en efectivo y la \u00abcompetencia justa\u00bb en medios de cobro, y la protecci\u00f3n del patrimonio personal y del hogar familiar.<\/p>\n<p>La de Madrid ha sido una de la veintena de manifestaciones que la Plataforma, de reciente creaci\u00f3n, ha convocado para la jornada de este domingo en ciudades como Barcelona, Valencia, Bilbao o Sevilla.<\/p>\n<p>\u00abEsto es el principio. Se est\u00e1 moviendo todo a nivel de Espa\u00f1a y seguiremos tirando para adelante hasta que se nos escuche de alguna manera\u00bb, ha recalcado el coordinador Ra\u00fal Garc\u00eda, que ha insistido en que lo que los aut\u00f3nomos buscan es que se les reconozcan sus derechos y se les ampare \u00abalgo\u00bb en la ley.<\/p>\n","protected":false},"excerpt":{"rendered":"Aut\u00f3nomos procedentes de toda Espa\u00f1a han participado en la manifestaci\u00f3n convocada este domingo en Madrid por la Plataforma&hellip;\n","protected":false},"author":2,"featured_media":263790,"comment_status":"","ping_status":"","sticky":false,"template":"","format":"standard","meta":{"footnotes":""},"categories":[5],"tags":[17,18,25,24,13,14,11,19,20,9,10,15,16,23,12,21,22],"class_list":{"0":"post-263789","1":"post","2":"type-post","3":"status-publish","4":"format-standard","5":"has-post-thumbnail","7":"category-titulares","8":"tag-breaking-news","9":"tag-breakingnews","10":"tag-es","11":"tag-espana","12":"tag-featured-news","13":"tag-featurednews","14":"tag-headlines","15":"tag-latest-news","16":"tag-latestnews","17":"tag-news","18":"tag-noticias","19":"tag-noticias-destacadas","20":"tag-noticiasdestacadas","21":"tag-spain","22":"tag-titulares","23":"tag-ultimas-noticias","24":"tag-ultimasnoticias"},"share_on_mastodon":{"url":"https:\/\/pubeurope.com\/@es\/115639139922227415","error":""},"_links":{"self":[{"href":"https:\/\/www.europesays.com\/es\/wp-json\/wp\/v2\/posts\/263789","targetHints":{"allow":["GET"]}}],"collection":[{"href":"https:\/\/www.europesays.com\/es\/wp-json\/wp\/v2\/posts"}],"about":[{"href":"https:\/\/www.europesays.com\/es\/wp-json\/wp\/v2\/types\/post"}],"author":[{"embeddable":true,"href":"https:\/\/www.europesays.com\/es\/wp-json\/wp\/v2\/users\/2"}],"replies":[{"embeddable":true,"href":"https:\/\/www.europesays.com\/es\/wp-json\/wp\/v2\/comments?post=263789"}],"version-history":[{"count":0,"href":"https:\/\/www.europesays.com\/es\/wp-json\/wp\/v2\/posts\/263789\/revisions"}],"wp:featuredmedia":[{"embeddable":true,"href":"https:\/\/www.europesays.com\/es\/wp-json\/wp\/v2\/media\/263790"}],"wp:attachment":[{"href":"https:\/\/www.europesays.com\/es\/wp-json\/wp\/v2\/media?parent=263789"}],"wp:term":[{"taxonomy":"category","embeddable":true,"href":"https:\/\/www.europesays.com\/es\/wp-json\/wp\/v2\/categories?post=263789"},{"taxonomy":"post_tag","embeddable":true,"href":"https:\/\/www.europesays.com\/es\/wp-json\/wp\/v2\/tags?post=263789"}],"curies":[{"name":"wp","href":"https:\/\/api.w.org\/{rel}","templated":true}]}}