{"id":263791,"date":"2025-11-30T14:37:38","date_gmt":"2025-11-30T14:37:38","guid":{"rendered":"https:\/\/www.europesays.com\/es\/263791\/"},"modified":"2025-11-30T14:37:38","modified_gmt":"2025-11-30T14:37:38","slug":"berrettini-adelanta-a-italia-en-la-lucha-por-la-copa-davis-tenis","status":"publish","type":"post","link":"https:\/\/www.europesays.com\/es\/263791\/","title":{"rendered":"Berrettini adelanta a Italia en la lucha por la Copa Davis | Tenis"},"content":{"rendered":"<p>Espa\u00f1a afrontaba la lucha de su s\u00e9ptima Ensaladera tras los triunfos de Carre\u00f1o y de la <a href=\"https:\/\/cadenaser.com\/nacional\/2025\/11\/22\/espana-esquiva-la-remontada-de-alemania-y-jugara-la-final-en-bolonia-cadena-ser\/\" target=\"_blank\" rel=\"nofollow noopener\">exitosa pareja formada por Granollers y Mart\u00ednez<\/a>, que superaron en sus respectivos duelos de semifinales a Alemania. Italia, la anfitriona de la Copa Davis, encomendada a frenar el gran juego de la expedici\u00f3n espa\u00f1ola, buscaba alzarse con el torneo por tercera ocasi\u00f3n consecutiva.<\/p>\n<p>Siendo fiel a la f\u00f3rmula que les hab\u00eda llevado a la gran final de Bolonia, <a href=\"https:\/\/cadenaser.com\/nacional\/2025\/11\/22\/ferrer-apela-al-espiritu-de-mar-del-plata-en-una-nueva-final-de-espana-en-la-davisojala-tuviera-a-alcaraz-y-fueramos-favoritos-cadena-ser\/\" target=\"_blank\" rel=\"nofollow noopener\">David Ferrer, capit\u00e1n del combinado nacional<\/a>, volvi\u00f3 a apostar por Carre\u00f1o como el primero en salir a la pista, y Matteo Berrettini ser\u00eda el oponente elegido. El italiano comenz\u00f3 defendiendo su saque, protagonizando un inicio de partido muy igualado, con un Pablo que no consegu\u00eda desestabilizar al tenista local. Tras un letal juego en blanco, el de Roma consigui\u00f3 romper al espa\u00f1ol cerrando el primer set con un 6-3 con un \u00faltimo juego sin errores.<\/p>\n<p>La segunda mitad comenz\u00f3 con un Carre\u00f1o algo dubitativo que consigui\u00f3 salvar el break en el primer juego levantando un 15-40 con buenos golpeos. Berrettini empatar\u00eda con un ace, pero el espa\u00f1ol responder\u00eda con un juego en blanco; la igualdad segu\u00eda reinando. Pablo consigui\u00f3 salvar un nuevo break cuando el juego se encontraba 30-30; pese a ello, Matteo, que no perdonaba, continuaba cerrando sus juegos con letales saques directos y sin perdonar ning\u00fan servicio. Con el 4-4 en el electr\u00f3nico, el italiano volver\u00eda a romper al tenista nacional, acercando as\u00ed a Italia al triunfo del primer juego de la serie. Sin causar duda alguna, Berrettini firmar\u00eda un \u00faltimo juego en blanco, cerrando la segunda manga con un 6-4 que acercaba a los locales a levantar la Ensaladera.<\/p>\n<p>Como ya pas\u00f3 contra Rep\u00fablica Checa, Jaume Munar ser\u00eda el encargado de hacer creer a la expedici\u00f3n nacional, y por ello toda la presi\u00f3n estar\u00eda en el encuentro entre el balear y Flavio Cobolli.<\/p>\n","protected":false},"excerpt":{"rendered":"Espa\u00f1a afrontaba la lucha de su s\u00e9ptima Ensaladera tras los triunfos de Carre\u00f1o y de la exitosa pareja&hellip;\n","protected":false},"author":2,"featured_media":263792,"comment_status":"","ping_status":"","sticky":false,"template":"","format":"standard","meta":{"footnotes":""},"categories":[274],"tags":[17477,21955,168,25,24,57896,18521,23,167,327,326],"class_list":{"0":"post-263791","1":"post","2":"type-post","3":"status-publish","4":"format-standard","5":"has-post-thumbnail","7":"category-tenis","8":"tag-competing","9":"tag-davis-cup","10":"tag-deportes","11":"tag-es","12":"tag-espana","13":"tag-finals","14":"tag-players","15":"tag-spain","16":"tag-sports","17":"tag-tenis","18":"tag-tennis"},"share_on_mastodon":{"url":"https:\/\/pubeurope.com\/@es\/115639159803310024","error":""},"_links":{"self":[{"href":"https:\/\/www.europesays.com\/es\/wp-json\/wp\/v2\/posts\/263791","targetHints":{"allow":["GET"]}}],"collection":[{"href":"https:\/\/www.europesays.com\/es\/wp-json\/wp\/v2\/posts"}],"about":[{"href":"https:\/\/www.europesays.com\/es\/wp-json\/wp\/v2\/types\/post"}],"author":[{"embeddable":true,"href":"https:\/\/www.europesays.com\/es\/wp-json\/wp\/v2\/users\/2"}],"replies":[{"embeddable":true,"href":"https:\/\/www.europesays.com\/es\/wp-json\/wp\/v2\/comments?post=263791"}],"version-history":[{"count":0,"href":"https:\/\/www.europesays.com\/es\/wp-json\/wp\/v2\/posts\/263791\/revisions"}],"wp:featuredmedia":[{"embeddable":true,"href":"https:\/\/www.europesays.com\/es\/wp-json\/wp\/v2\/media\/263792"}],"wp:attachment":[{"href":"https:\/\/www.europesays.com\/es\/wp-json\/wp\/v2\/media?parent=263791"}],"wp:term":[{"taxonomy":"category","embeddable":true,"href":"https:\/\/www.europesays.com\/es\/wp-json\/wp\/v2\/categories?post=263791"},{"taxonomy":"post_tag","embeddable":true,"href":"https:\/\/www.europesays.com\/es\/wp-json\/wp\/v2\/tags?post=263791"}],"curies":[{"name":"wp","href":"https:\/\/api.w.org\/{rel}","templated":true}]}}