{"id":263793,"date":"2025-11-30T14:38:09","date_gmt":"2025-11-30T14:38:09","guid":{"rendered":"https:\/\/www.europesays.com\/es\/263793\/"},"modified":"2025-11-30T14:38:09","modified_gmt":"2025-11-30T14:38:09","slug":"la-tradicion-esta-siendo-un-freno","status":"publish","type":"post","link":"https:\/\/www.europesays.com\/es\/263793\/","title":{"rendered":"\u201cLa tradici\u00f3n est\u00e1 siendo un freno\u201d"},"content":{"rendered":"<p data-mrf-recirculation=\"Links P\u00e1rrafos\" class=\"ue-c-article__paragraph paragraph xai-icon-container ue-c-article--first-letter-highlighted\">La <strong>Asociaci\u00f3n de Ciclistas Profesionales<\/strong> ha decidido mover ficha y respaldar p\u00fablicamente la tesis de <strong>Tadej Pogacar <\/strong>sobre un reajuste del calendario. Lo que comenz\u00f3 como una reflexi\u00f3n del esloveno a prop\u00f3sito del orden de Giro y Vuelta ha terminado por abrir un debate de mayor calado: \u00bftiene sentido seguir compitiendo con un calendario pensado para un clima que ya no existe?<\/p>\n<p data-mrf-recirculation=\"Links P\u00e1rrafos\" class=\"ue-c-article__paragraph paragraph xai-icon-container\">Pogacar desliz\u00f3 hace unos d\u00edas que invertir el Giro de Italia y LaVuelta ser\u00eda la \u00fanica forma real de plantearse disputar ambas pruebas en plenitud.<strong> \u201cSer\u00eda mucho mejor por temperatura y para poder acudir\u201d, confes\u00f3 el campe\u00f3n del Tour, que no esconde que le gustar\u00eda regresar alg\u00fan d\u00eda a la ronda espa\u00f1ola.<\/strong> El comentario no cay\u00f3 en saco roto. Adam Hansen, presidente de la CPA, recogi\u00f3 el guante, se subi\u00f3 a la misma bicicleta\u2026 y apret\u00f3 a\u00fan m\u00e1s los pedales.<\/p>\n<p data-mrf-recirculation=\"Links P\u00e1rrafos\" class=\"ue-c-article__paragraph paragraph xai-icon-container\"><strong>\u201cQuien haya sufrido el Giro bajo la nieve o una Vuelta asfixiante sabr\u00e1 de qu\u00e9 hablo\u201d,<\/strong> ironiz\u00f3 el australiano, que fue m\u00e1s all\u00e1 del simple intercambio de fechas. Seg\u00fan \u00e9l, el inmovilismo es el aut\u00e9ntico lastre del ciclismo moderno.<strong> \u201cLa tradici\u00f3n est\u00e1 siendo un freno\u201d, lament\u00f3 antes de soltar su propuesta estrella: retrasar dos semanas todo el bloque europeo. <\/strong>No solo el Giro \u2014como ya hab\u00eda planteado RCS\u2014, sino el conjunto del calendario.<\/p>\n<p data-mrf-recirculation=\"Links P\u00e1rrafos\" class=\"ue-c-article__paragraph paragraph xai-icon-container\">El argumento clim\u00e1tico sostiene su discurso: los inviernos se alargan, los veranos se desplazan y la meteorolog\u00eda real no casa con las fechas hist\u00f3ricas del ciclismo. \u201cSi el clima cambia, lo l\u00f3gico es que las carreras lo hagan tambi\u00e9n\u201d, defendi\u00f3. Ese ajuste, afirma, permitir\u00eda a los corredores descansar de verdad en Navidad y evitar preparaciones contrarreloj en pleno mal tiempo. <strong>Adem\u00e1s, las pruebas tempranas en Espa\u00f1a ganar\u00edan en atractivo sin las lluvias que hoy las condicionan.\u00a0<\/strong>Hansen no habl\u00f3 de una revoluci\u00f3n inmediata, pero el mensaje ya est\u00e1 lanzado. Pogacar abri\u00f3 la puerta; la CPA ha empujado el marco<\/p>\n","protected":false},"excerpt":{"rendered":"La Asociaci\u00f3n de Ciclistas Profesionales ha decidido mover ficha y respaldar p\u00fablicamente la tesis de Tadej Pogacar sobre&hellip;\n","protected":false},"author":2,"featured_media":263794,"comment_status":"","ping_status":"","sticky":false,"template":"","format":"standard","meta":{"footnotes":""},"categories":[273],"tags":[313,312,168,25,24,23,167],"class_list":{"0":"post-263793","1":"post","2":"type-post","3":"status-publish","4":"format-standard","5":"has-post-thumbnail","7":"category-ciclismo","8":"tag-ciclismo","9":"tag-cycling","10":"tag-deportes","11":"tag-es","12":"tag-espana","13":"tag-spain","14":"tag-sports"},"share_on_mastodon":{"url":"https:\/\/pubeurope.com\/@es\/115639163458938694","error":""},"_links":{"self":[{"href":"https:\/\/www.europesays.com\/es\/wp-json\/wp\/v2\/posts\/263793","targetHints":{"allow":["GET"]}}],"collection":[{"href":"https:\/\/www.europesays.com\/es\/wp-json\/wp\/v2\/posts"}],"about":[{"href":"https:\/\/www.europesays.com\/es\/wp-json\/wp\/v2\/types\/post"}],"author":[{"embeddable":true,"href":"https:\/\/www.europesays.com\/es\/wp-json\/wp\/v2\/users\/2"}],"replies":[{"embeddable":true,"href":"https:\/\/www.europesays.com\/es\/wp-json\/wp\/v2\/comments?post=263793"}],"version-history":[{"count":0,"href":"https:\/\/www.europesays.com\/es\/wp-json\/wp\/v2\/posts\/263793\/revisions"}],"wp:featuredmedia":[{"embeddable":true,"href":"https:\/\/www.europesays.com\/es\/wp-json\/wp\/v2\/media\/263794"}],"wp:attachment":[{"href":"https:\/\/www.europesays.com\/es\/wp-json\/wp\/v2\/media?parent=263793"}],"wp:term":[{"taxonomy":"category","embeddable":true,"href":"https:\/\/www.europesays.com\/es\/wp-json\/wp\/v2\/categories?post=263793"},{"taxonomy":"post_tag","embeddable":true,"href":"https:\/\/www.europesays.com\/es\/wp-json\/wp\/v2\/tags?post=263793"}],"curies":[{"name":"wp","href":"https:\/\/api.w.org\/{rel}","templated":true}]}}