{"id":263797,"date":"2025-11-30T14:41:09","date_gmt":"2025-11-30T14:41:09","guid":{"rendered":"https:\/\/www.europesays.com\/es\/263797\/"},"modified":"2025-11-30T14:41:09","modified_gmt":"2025-11-30T14:41:09","slug":"el-barca-se-queda-sin-un-millon-de-variables-por-vitor-roque","status":"publish","type":"post","link":"https:\/\/www.europesays.com\/es\/263797\/","title":{"rendered":"El Bar\u00e7a se queda sin un mill\u00f3n de variables por Vitor Roque"},"content":{"rendered":"<p data-gtm-element-container=\"modulo-texto-link\" class=\"paragraph\">El <strong>Palmeiras <\/strong>del exazulgrana\u00a0<strong>Vitor Roque<\/strong> se qued\u00f3 a las puertas de conquistar la <strong>Copa Libertadores<\/strong> tras caer en la gran final contra el <strong>Flamengo <\/strong>(0-1), una derrota que tambi\u00e9n tuvo consecuencias para el <strong>FC Barcelona<\/strong>. En el traspaso del delantero, cifrado en 25,5 millones por el 80% de sus derechos, tambi\u00e9n se acordaron una serie de variables por cinco millones y uno de ellos era por si el <strong>Palmeiras <\/strong>consegu\u00eda <strong>ganar un torneo internacional<\/strong>. Sin el \u00e9xito del club de Sao Paulo, el <strong>Bar\u00e7a <\/strong>tambi\u00e9n <strong>se queda sin un mill\u00f3n<\/strong> de euros.<\/p>\n<p>    Lee tambi\u00e9n<\/p>\n<p data-gtm-element-container=\"modulo-texto-link\" class=\"paragraph\">Este mill\u00f3n de euros todav\u00eda puede acabar en las arcas del <strong>Bar\u00e7a <\/strong>si el <strong>Palmeiras <\/strong>consigue ganar otro t\u00edtulo internacional durante la duraci\u00f3n del contrato de <strong>Vitor Roque<\/strong>, quien firm\u00f3 hasta diciembre de 2029 con el &#8216;verdao&#8217;. Es decir, quedan a\u00fan cuatro a\u00f1os para que el club azulgrana pueda percibir este bonus por objetivos.<\/p>\n<p data-gtm-element-container=\"modulo-texto-link\" class=\"paragraph\">Sin embargo, cabe recordar que el <strong>Bar\u00e7a <\/strong>tampoco pudo cobrar el pasado verano otros <strong>dos millones de euros<\/strong> en variables por <strong>Vitor Roque<\/strong>, ya que hab\u00eda otro <strong>bonus<\/strong> por si &#8216;<strong>Tigrinho&#8217; <\/strong>era elegido uno de los <strong>tres mejores futbolistas del Mundial de Clubes<\/strong>.\u00a0Los otros dos millones de variables restantes son por si el delantero acaba como uno de los <strong>tres finalistas<\/strong> en las votaciones del <strong>Bal\u00f3n de Oro<\/strong>.<\/p>\n<p data-gtm-element-container=\"modulo-texto-link\" class=\"paragraph\">Pese a la derrota en la final de la <strong>Copa Libertadores<\/strong>, <strong>Vitor Roque<\/strong> ha recuperado una buena versi\u00f3n en el f\u00fatbol brasile\u00f1o y ha marcado 20 goles y ha repartido cinco asistencias en los 55 partidos que ha jugado con el <strong>Palmeiras<\/strong>.<\/p>\n","protected":false},"excerpt":{"rendered":"El Palmeiras del exazulgrana\u00a0Vitor Roque se qued\u00f3 a las puertas de conquistar la Copa Libertadores tras caer en&hellip;\n","protected":false},"author":2,"featured_media":263798,"comment_status":"","ping_status":"","sticky":false,"template":"","format":"standard","meta":{"footnotes":""},"categories":[268],"tags":[168,25,24,280,282,281,23,167],"class_list":{"0":"post-263797","1":"post","2":"type-post","3":"status-publish","4":"format-standard","5":"has-post-thumbnail","7":"category-futbol","8":"tag-deportes","9":"tag-es","10":"tag-espana","11":"tag-football","12":"tag-futbol","13":"tag-soccer","14":"tag-spain","15":"tag-sports"},"share_on_mastodon":{"url":"https:\/\/pubeurope.com\/@es\/115639175432371611","error":""},"_links":{"self":[{"href":"https:\/\/www.europesays.com\/es\/wp-json\/wp\/v2\/posts\/263797","targetHints":{"allow":["GET"]}}],"collection":[{"href":"https:\/\/www.europesays.com\/es\/wp-json\/wp\/v2\/posts"}],"about":[{"href":"https:\/\/www.europesays.com\/es\/wp-json\/wp\/v2\/types\/post"}],"author":[{"embeddable":true,"href":"https:\/\/www.europesays.com\/es\/wp-json\/wp\/v2\/users\/2"}],"replies":[{"embeddable":true,"href":"https:\/\/www.europesays.com\/es\/wp-json\/wp\/v2\/comments?post=263797"}],"version-history":[{"count":0,"href":"https:\/\/www.europesays.com\/es\/wp-json\/wp\/v2\/posts\/263797\/revisions"}],"wp:featuredmedia":[{"embeddable":true,"href":"https:\/\/www.europesays.com\/es\/wp-json\/wp\/v2\/media\/263798"}],"wp:attachment":[{"href":"https:\/\/www.europesays.com\/es\/wp-json\/wp\/v2\/media?parent=263797"}],"wp:term":[{"taxonomy":"category","embeddable":true,"href":"https:\/\/www.europesays.com\/es\/wp-json\/wp\/v2\/categories?post=263797"},{"taxonomy":"post_tag","embeddable":true,"href":"https:\/\/www.europesays.com\/es\/wp-json\/wp\/v2\/tags?post=263797"}],"curies":[{"name":"wp","href":"https:\/\/api.w.org\/{rel}","templated":true}]}}