{"id":263799,"date":"2025-11-30T14:42:13","date_gmt":"2025-11-30T14:42:13","guid":{"rendered":"https:\/\/www.europesays.com\/es\/263799\/"},"modified":"2025-11-30T14:42:13","modified_gmt":"2025-11-30T14:42:13","slug":"entrevista-a-yune-nogueiras-protagonista-de-gaua-dirigida-por-paul-urkijo","status":"publish","type":"post","link":"https:\/\/www.europesays.com\/es\/263799\/","title":{"rendered":"Entrevista a Yune Nogueiras protagonista de &#8216;Gaua&#8217; dirigida por Paul Urkijo"},"content":{"rendered":"<p>\n        <strong>Yune Nogueiras vuelve al cine con <\/strong><strong>Gaua<\/strong><strong>, la nueva pel\u00edcula de Paul Urkijo<\/strong>, un relato cargado de misterio, oscuridad y simbolismo en el que da vida a Kattalin, una mujer que debe enfrentarse a sus miedos y a un entorno donde lo real y lo sobrenatural se entrelazan. La cinta confirma la habilidad del director gasteiztarra para mezclar el folclore euskaldun con una mirada profundamente humana, y marca para la actriz de Bergara un paso adelante en una carrera que no ha dejado de crecer desde su debut en Akelarre (2020).\u00a0\u00a0\n<\/p>\n<p class=\"article-body__text \">\n        En Gaua, Nogueiras, que ya se confirma como una de las actrices m\u00e1s prometedoras de su generaci\u00f3n, se sumerge en un papel que exige tanto entrega f\u00edsica como emocional, explorando la fragilidad, la p\u00e9rdida y la conexi\u00f3n con nuestra tierra y sus mitos.\u00a0\n<\/p>\n<p class=\"article-body__text question-answers__question\">\u00bfC\u00f3mo ha sido sumergirse en ese imaginario de las brujas vascas y qu\u00e9 preparaci\u00f3n ha hecho para interpretar su papel en una historia tan arraigada en la cultura euskalduna?<\/p>\n<p class=\"article-body__text question-answers__answer\">-Ha sido un viaje maravilloso e intenso. He trabajado desde tres factores. El primero, el contexto hist\u00f3rico: tener muy presente c\u00f3mo viv\u00edan las mujeres en aquella \u00e9poca, leyendo mucho. El segundo, con much\u00edsima comunicaci\u00f3n con Paul. \u00c9l es quien ha escrito a Kattalin. Yo le doy vida, pero \u00e9l lo ten\u00eda muy claro, porque es muy t\u00e9cnico y sabe perfectamente c\u00f3mo quiere contar cada historia. Para m\u00ed era muy importante crear un mismo idioma, entender desde d\u00f3nde trabaja cada uno y ponerlo en com\u00fan para avanzar desde ah\u00ed. Y el tercero, con mucho trabajo personal. Yo trabajo mucho desde el conflicto y los motores del personaje, y ha sido muy intenso crear a Kattalin.\u00a0<\/p>\n<p class=\"article-body__text question-answers__question\">\u00bfLe dio libertad Urkijo para interpretar a Kattalin?<\/p>\n<p class=\"article-body__text question-answers__answer\">-S\u00ed, me la ha dado. Es un director que escucha mucho las propuestas, y eso se agradece. Est\u00e1 muy abierto, confi\u00f3 mucho en m\u00ed y me dio total libertad, siempre teniendo presente c\u00f3mo quer\u00eda \u00e9l a Kattalin. A partir de esas reuniones y ensayos, fui recogiendo toda esa informaci\u00f3n y construyendo el personaje desde ah\u00ed.\u00a0<\/p>\n<p>        Vivimos bajo sistemas que empujan a pensar y actuar de una sola forma\u201d<\/p>\n<p class=\"article-body__text question-answers__question\">\u00bfQu\u00e9 elementos del rodaje le ayudaron a entrar en ese mundo nocturno que propone la pel\u00edcula?<\/p>\n<p class=\"article-body__text question-answers__answer\">-El vestuario, dise\u00f1ado por Nerea Torrijos, fue imprescindible. El buruko tambi\u00e9n. Solo correr con un traje as\u00ed ya era un reto: pesaba much\u00edsimo. Un d\u00eda llovi\u00f3 y sent\u00eda que llevaba seis kilos m\u00e1s encima. Y Paul me dec\u00eda: \u201cTienes que correr m\u00e1s\u201d, y yo solo pensaba: \u201cNo puedo correr m\u00e1s\u201d. El maquillaje tambi\u00e9n fue clave: ten\u00eda tres horas de preparaci\u00f3n cada d\u00eda. Se agradece, porque no todos los personajes requieren una transformaci\u00f3n tan grande. Cuando interpretas a alguien actual, muchas veces vas m\u00e1s cercana a ti misma. En este caso, me tuve que cortar el pelo, ponerme flequillo y raparme un poco las patillas. Todo eso me ayud\u00f3 mucho a meterme en el personaje.\u00a0<\/p>\n<p class=\"article-body__text question-answers__question\">\u00bfFue duro rodar en pleno invierno y de noche?<\/p>\n<p>        \u201cMantener viva la costumbre de contar leyendas me parece imprescindible\u201d<\/p>\n<p class=\"article-body__text question-answers__answer\">-S\u00ed. Adem\u00e1s, soy muy friolera. Es verdad que eso me ayudaba mucho para el personaje, pero fue duro, porque el cuerpo no entiende que lo que vivi\u00f3 forma parte del rodaje. Te despiertas al d\u00eda siguiente y parece que te dice: \u201c\u00bfPor qu\u00e9 me has maltratado as\u00ed?\u201d. Fue muy intenso, s\u00ed.\u00a0<\/p>\n<p class=\"article-photo__footer\">\n            Yune Nogueiras participa en la pel\u00edcula \u2018Gaua\u2019 de Paul Urkijo.            David Herranz        <\/p>\n<p class=\"article-body__text question-answers__question\">Ha comentado en alguna entrevista que le cost\u00f3 hablar en el <a href=\"https:\/\/www.noticiasdegipuzkoa.eus\/tags\/euskera\/\" title=\"euskera\" target=\"_blank\" rel=\"nofollow noopener\">euskera<\/a> que se utiliza en la pel\u00edcula&#8230;<\/p>\n<p class=\"article-body__text question-answers__answer\">-Me cost\u00f3 sobre todo la pronunciaci\u00f3n, porque el personaje es del valle de Xareta. En la pel\u00edcula se diferencia mucho el sonido de la \u201cS\u201d y la \u201cZ\u201d, y en mi euskera de Bergara no hacemos esa distinci\u00f3n. Fue complicado, porque quer\u00eda llevarlo muy trabajado al rodaje para que no se convirtiera en un obst\u00e1culo. Quer\u00eda tenerlo totalmente integrado para poder concentrarme en todo lo dem\u00e1s.\u00a0<\/p>\n<p><strong>Personal<\/strong><\/p>\n<p><strong>Lugar de nacimiento: <\/strong>Bergara<\/p>\n<p><strong>Edad<\/strong>: 23 a\u00f1os<\/p>\n<p><strong>Carrera profesional: <\/strong>estudi\u00f3 m\u00fasica, danza y canto desde muy peque\u00f1a. Tras finalizar el bachillerato, ingres\u00f3 en la Escuela Superior de Arte Dram\u00e1tico y Danza de Euskadi para formarse como actriz. Despu\u00e9s de participar en varios musicales, debut\u00f3 en el cine con Akelarre (Pablo Ag\u00fcero, 2020), pel\u00edcula galardonada con cinco premios Goya. En 2024 dio vida a Nagore en La infiltrada (Arantxa Echevarr\u00eda) y este a\u00f1o ha protagonizado la pel\u00edcula Gaua (Paul Urkijo), en la que encarna el personaje de Kattalin. En televisi\u00f3n ha participado en la serie Intimidad (Netflix) y en El detective Tour\u00e9 (ETB 1 y La 1). Tambi\u00e9n ha formado parte del elenco de la primera adaptaci\u00f3n teatral de Los santos inocentes, bajo la direcci\u00f3n de Javier Hern\u00e1ndez-Sim\u00f3n. En 2022 fue reconocida, por la Uni\u00f3n de Actores Vascos, con el premio Besarkada a Actriz Revelaci\u00f3n.<\/p>\n<p class=\"article-body__text question-answers__question\">Gaua reflexiona sobre la mentira institucionalizada, el miedo a lo desconocido y el poder religioso ejercido sobre las peque\u00f1as comunidades. \u00bfC\u00f3mo cree que la pel\u00edcula consigue reflejar esas din\u00e1micas y qu\u00e9 impacto tiene eso en el p\u00fablico actual?\u00a0<\/p>\n<p class=\"article-body__text question-answers__answer\">-Al final, las pel\u00edculas son una excusa para reflexionar sobre lo que ocurre hoy en d\u00eda, y Gaua tiene mucho de eso. Aunque est\u00e9 ambientada en el siglo XVII, seguimos teniendo muchos inquisidores a nuestro alrededor, por desgracia. Creo que el p\u00fablico va a hacer esa reflexi\u00f3n, y si sale del cine con ella, podremos sentirnos muy satisfechos de haber hecho esta pel\u00edcula.<\/p>\n<p class=\"article-body__text question-answers__question\">\u00bfCu\u00e1l es el mensaje que transmite la pel\u00edcula?<\/p>\n<p class=\"article-body__text question-answers__answer\">-Creo que la pel\u00edcula busca precisamente eso: cambiar mentalidades. Aunque trate sobre la Inquisici\u00f3n, se puede trasladar perfectamente al presente. Hoy seguimos viviendo bajo sistemas que empujan a pensar y actuar de una sola forma, que buscan uniformarnos. Y lo vemos tambi\u00e9n en cosas tan terribles como lo que ocurre en Gaza: se mata a un ni\u00f1o porque se le considera terrorista. Es una locura. En las redes sociales pasa algo parecido. Nos moldean para vestir igual, para desear lo mismo, para que los cuerpos, sobre todo los de las mujeres, respondan a un \u00fanico modelo. Y digo \u201c\u00fanico\u201d no en el sentido de especial, sino de uniforme. Esa delgadez impuesta, esa presi\u00f3n constante\u2026 Me da miedo pensar hasta d\u00f3nde puede llegar todo esto.\u00a0<\/p>\n<p>        \u00abLas pel\u00edculas son una excusa para reflexionar sobre lo que ocurre hoy\u201d<\/p>\n<p class=\"article-body__text question-answers__question\">\u00bfInterpretar a Kattalin le ha hecho reflexionar sobre sus propias ra\u00edces?\u00a0<\/p>\n<p class=\"article-body__text question-answers__answer\">-S\u00ed, creo que de alguna forma me ha devuelto a ellas. Mientras pensaba en la pel\u00edcula, me dec\u00eda: \u201cQu\u00e9 bonito es cuando nos reunimos, nos escuchamos y compartimos las leyendas\u201d. Para m\u00ed es vital que eso no se pierda. Reflexionaba mucho sobre c\u00f3mo hoy ya no tenemos la costumbre de, si nos falta algo, llamar al vecino y pedirle un poco de sal. Ahora, nos metemos en el ascensor y casi preferimos ir solos. Qu\u00e9 pena que se haya perdido todo eso. Por eso, mantener viva la costumbre de contar estas leyendas, de seguir conect\u00e1ndonos a trav\u00e9s de ellas, me parece imprescindible.<\/p>\n<p class=\"article-body__text question-answers__question\">\u00bfCree que a estas alturas Paul Urkijo ya ha desarrollado un sello personal reconocible, lo que podr\u00edamos llamar un \u2018estilo Urkijo\u2019?\u00a0<\/p>\n<p class=\"article-body__text question-answers__answer\">-Sin ninguna duda. Soy s\u00faper fan de Paul Urkijo. Cuando me llam\u00f3 para hacer la pel\u00edcula y me cont\u00f3 que, mientras escrib\u00eda, estaba pensando en m\u00ed, fue algo muy especial. Los actores estamos acostumbrados a pasar castings, as\u00ed que, que un director te tenga en mente para su siguiente proyecto, y adem\u00e1s como protagonista, es un aut\u00e9ntico regalo. Creo que Paul va a ser un gran referente; de hecho, ya lo es.\u00a0<\/p>\n","protected":false},"excerpt":{"rendered":"Yune Nogueiras vuelve al cine con Gaua, la nueva pel\u00edcula de Paul Urkijo, un relato cargado de misterio,&hellip;\n","protected":false},"author":2,"featured_media":263800,"comment_status":"","ping_status":"","sticky":false,"template":"","format":"standard","meta":{"footnotes":""},"categories":[174],"tags":[255,3008,146,147,3141,25,24,256,31939,65554,65553,1440,23,65552],"class_list":{"0":"post-263799","1":"post","2":"type-post","3":"status-publish","4":"format-standard","5":"has-post-thumbnail","7":"category-famosos","8":"tag-celebrities","9":"tag-de","10":"tag-entertainment","11":"tag-entretenimiento","12":"tag-entrevista","13":"tag-es","14":"tag-espana","15":"tag-famosos","16":"tag-gaua","17":"tag-kattalin","18":"tag-nogueiras","19":"tag-protagonista","20":"tag-spain","21":"tag-yune"},"share_on_mastodon":{"url":"https:\/\/pubeurope.com\/@es\/115639179333970602","error":""},"_links":{"self":[{"href":"https:\/\/www.europesays.com\/es\/wp-json\/wp\/v2\/posts\/263799","targetHints":{"allow":["GET"]}}],"collection":[{"href":"https:\/\/www.europesays.com\/es\/wp-json\/wp\/v2\/posts"}],"about":[{"href":"https:\/\/www.europesays.com\/es\/wp-json\/wp\/v2\/types\/post"}],"author":[{"embeddable":true,"href":"https:\/\/www.europesays.com\/es\/wp-json\/wp\/v2\/users\/2"}],"replies":[{"embeddable":true,"href":"https:\/\/www.europesays.com\/es\/wp-json\/wp\/v2\/comments?post=263799"}],"version-history":[{"count":0,"href":"https:\/\/www.europesays.com\/es\/wp-json\/wp\/v2\/posts\/263799\/revisions"}],"wp:featuredmedia":[{"embeddable":true,"href":"https:\/\/www.europesays.com\/es\/wp-json\/wp\/v2\/media\/263800"}],"wp:attachment":[{"href":"https:\/\/www.europesays.com\/es\/wp-json\/wp\/v2\/media?parent=263799"}],"wp:term":[{"taxonomy":"category","embeddable":true,"href":"https:\/\/www.europesays.com\/es\/wp-json\/wp\/v2\/categories?post=263799"},{"taxonomy":"post_tag","embeddable":true,"href":"https:\/\/www.europesays.com\/es\/wp-json\/wp\/v2\/tags?post=263799"}],"curies":[{"name":"wp","href":"https:\/\/api.w.org\/{rel}","templated":true}]}}