{"id":263803,"date":"2025-11-30T14:45:10","date_gmt":"2025-11-30T14:45:10","guid":{"rendered":"https:\/\/www.europesays.com\/es\/263803\/"},"modified":"2025-11-30T14:45:10","modified_gmt":"2025-11-30T14:45:10","slug":"fascistas-haciendo-cosas-de-fascistas","status":"publish","type":"post","link":"https:\/\/www.europesays.com\/es\/263803\/","title":{"rendered":"Fascistas haciendo cosas de fascistas"},"content":{"rendered":"<p class=\"article-text\">\n        La periodista de RTVE <strong>Laura Pav\u00eda<\/strong> ha sido increpada este domingo 30 de noviembre mientras informaba en directo para el Canal 24 horas desde las inmediaciones de la sede del PSOE en Madrid, donde en ese momento hab\u00eda reunidas unas 150 personas convocadas por <strong>Revuelta<\/strong>, una organizaci\u00f3n af\u00edn a <strong>Vox<\/strong>.\n    <\/p>\n<p>    <a href=\"https:\/\/www.eldiario.es\/vertele\/noticias\/jorge-gonzalez-ganador-bailando-con-las-estrellas-telecinco-nerea-anabel_1_12808431.html\" data-mrf-recirculation=\"saber-mas\" data-dl-event=\"saber-mas\" rel=\"nofollow noopener\" target=\"_blank\"><\/p>\n<p class=\"know-more__title\">Jorge Gonz\u00e1lez gana &#8216;Bailando con las estrellas&#8217; en una final marcada por un sorprendente vuelco en las votaciones<\/p>\n<p>            <img decoding=\"async\" class=\"lazy\" loading=\"lazy\" data-src=\"https:\/\/static.eldiario.es\/clip\/5452e352-d22c-4c11-9d52-9b7fb576d1e7_16-9-aspect-ratio_default_0.jpg\" src=\"data:image\/svg+xml,%3Csvg xmlns=\" http:=\"\" viewbox=\"0 0 880 495\" alt=\"Jorge Gonz\u00e1lez gana 'Bailando con las estrellas' en una final marcada por un sorprendente vuelco en las votaciones\"\/><\/p>\n<p>                        <\/a><\/p>\n<p class=\"article-text\">\n        La cr\u00f3nica de la reportera no ha durado m\u00e1s de 80 segundos, pero durante todo este tiempo ha sido interrumpida por algunos de los manifestantes que gritaban <strong>\u201ctraidores\u201d, \u201csinverg\u00fcenzas\u201d, \u201cesta televisi\u00f3n la pagamos todos\u201d y \u201cPedro S\u00e1nchez hijo de puta\u201d<\/strong>.\n    <\/p>\n<p class=\"article-text\">\n        Mientras intentaba explicar el origen de esta convocatoria de la extrema derecha, que ha transcurrido a muy pocos metros de otra celebrada por el PP en el Templo de Debod \u2013ambas contra el Gobierno de coalici\u00f3n\u2013, <strong>la periodista ha sido insultada e increpada por quienes se hab\u00edan arremolinado a su alrededor<\/strong>.\n    <\/p>\n<p class=\"article-text\">\n        Portaban banderas de Espa\u00f1a, pancartas y otros objetos que han utilizado para cubrir la c\u00e1mara e impedir que el equipo de RTVE pudiera seguir adelante con su trabajo. La tensi\u00f3n era tanta que la reportera ha tenido que cortar su relato para que sus compa\u00f1eros de Torrespa\u00f1a pusieran fin a esta dif\u00edcil conexi\u00f3n.\n    <\/p>\n<p class=\"article-text\">\n        El presidente de RTVE ha condenado lo ocurrido. \u201cFascistas haciendo cosas de fascistas dentro del clima creado contra la televisi\u00f3n p\u00fablica y sus profesionales en el que todo vale\u201d, ha escrito <strong>Jos\u00e9 Pablo L\u00f3pez<\/strong> en las redes sociales.\n    <\/p>\n<p>    <a href=\"https:\/\/www.eldiario.es\/vertele\/noticias\/jesus-vazquez-correctivo-jurado-bailando-con-las-estrellas-apoyar-jorge-gonzalez_1_12808779.html\" data-mrf-recirculation=\"saber-mas-abajo\" data-dl-event=\"saber-mas-abajo\" rel=\"nofollow noopener\" target=\"_blank\"><\/p>\n<p class=\"know-more__title\">Jes\u00fas V\u00e1zquez recibi\u00f3 un correctivo en &#8216;Bailando con las estrellas&#8217; por apoyar a Jorge Gonz\u00e1lez: \u00abNo lo he podido evitar\u00bb<\/p>\n<p>            <img decoding=\"async\" class=\"lazy\" loading=\"lazy\" data-src=\"https:\/\/static.eldiario.es\/clip\/a6d5b9db-f0c8-4769-bea1-9781dca69015_16-9-aspect-ratio_default_0.jpg\" src=\"data:image\/svg+xml,%3Csvg xmlns=\" http:=\"\" viewbox=\"0 0 880 495\" alt=\"Jes\u00fas V\u00e1zquez recibi\u00f3 un correctivo en 'Bailando con las estrellas' por apoyar a Jorge Gonz\u00e1lez: &quot;No lo he podido evitar&quot;\"\/><\/p>\n<p>                        <\/a><\/p>\n<p class=\"article-text\">\n        Las cr\u00edticas de PP y Vox contra RTVE son constantes desde hace meses y no es la primera vez que los periodistas de esta casa se ven en situaciones parecidas.\n    <\/p>\n<blockquote class=\"twitter-tweet\" data-lang=\"es\"><p><a href=\"https:\/\/twitter.com\/X\/status\/1995113409717719454?ref_src=twsrc%5Etfw\" rel=\"nofollow noopener\" target=\"_blank\"><\/p><\/blockquote>\n<p>                                <script async src=\"https:\/\/platform.twitter.com\/widgets.js\" charset=\"utf-8\"><\/script><\/p>\n","protected":false},"excerpt":{"rendered":"La periodista de RTVE Laura Pav\u00eda ha sido increpada este domingo 30 de noviembre mientras informaba en directo&hellip;\n","protected":false},"author":2,"featured_media":263804,"comment_status":"","ping_status":"","sticky":false,"template":"","format":"standard","meta":{"footnotes":""},"categories":[171],"tags":[5762,146,147,25,24,65555,65257,39122,5398,1699,528,518,23,214,624],"class_list":{"0":"post-263803","1":"post","2":"type-post","3":"status-publish","4":"format-standard","5":"has-post-thumbnail","7":"category-tv","8":"tag-concentracion","9":"tag-entertainment","10":"tag-entretenimiento","11":"tag-es","12":"tag-espana","13":"tag-fascistas","14":"tag-ferraz","15":"tag-increpan","16":"tag-periodista","17":"tag-psoe","18":"tag-revuelta","19":"tag-rtve","20":"tag-spain","21":"tag-tv","22":"tag-vox"},"share_on_mastodon":{"url":"https:\/\/pubeurope.com\/@es\/115639191402364305","error":""},"_links":{"self":[{"href":"https:\/\/www.europesays.com\/es\/wp-json\/wp\/v2\/posts\/263803","targetHints":{"allow":["GET"]}}],"collection":[{"href":"https:\/\/www.europesays.com\/es\/wp-json\/wp\/v2\/posts"}],"about":[{"href":"https:\/\/www.europesays.com\/es\/wp-json\/wp\/v2\/types\/post"}],"author":[{"embeddable":true,"href":"https:\/\/www.europesays.com\/es\/wp-json\/wp\/v2\/users\/2"}],"replies":[{"embeddable":true,"href":"https:\/\/www.europesays.com\/es\/wp-json\/wp\/v2\/comments?post=263803"}],"version-history":[{"count":0,"href":"https:\/\/www.europesays.com\/es\/wp-json\/wp\/v2\/posts\/263803\/revisions"}],"wp:featuredmedia":[{"embeddable":true,"href":"https:\/\/www.europesays.com\/es\/wp-json\/wp\/v2\/media\/263804"}],"wp:attachment":[{"href":"https:\/\/www.europesays.com\/es\/wp-json\/wp\/v2\/media?parent=263803"}],"wp:term":[{"taxonomy":"category","embeddable":true,"href":"https:\/\/www.europesays.com\/es\/wp-json\/wp\/v2\/categories?post=263803"},{"taxonomy":"post_tag","embeddable":true,"href":"https:\/\/www.europesays.com\/es\/wp-json\/wp\/v2\/tags?post=263803"}],"curies":[{"name":"wp","href":"https:\/\/api.w.org\/{rel}","templated":true}]}}