{"id":263805,"date":"2025-11-30T14:46:18","date_gmt":"2025-11-30T14:46:18","guid":{"rendered":"https:\/\/www.europesays.com\/es\/263805\/"},"modified":"2025-11-30T14:46:18","modified_gmt":"2025-11-30T14:46:18","slug":"el-prestoso-fest-llama-la-atencion-de-los-promotores-musicales-de-valencia-y-es-finalista-a-estos-premios","status":"publish","type":"post","link":"https:\/\/www.europesays.com\/es\/263805\/","title":{"rendered":"El Prestoso Fest llama la atenci\u00f3n de los promotores musicales de Valencia y es finalista a estos premios"},"content":{"rendered":"<p class=\"ft-text ft-helper-align-justify\"><a class=\"ft-link ft-link--decoration\" href=\"https:\/\/www.lne.es\/cangas-del-narcea\/2025\/08\/06\/cuenta-disfrutar-prestoso-fest-cangas-120404952.html\" rel=\"nofollow noopener\" target=\"_blank\">Llegan novedades del Prestoso Fest<\/a>, el festival de m\u00fasica independiente que se celebra en <strong>Cangas del Narcea<\/strong>. La primera es que ya tiene fecha para su pr\u00f3xima edici\u00f3n, <strong>que tendr\u00e1 lugar entre el 6 y el 8 de 2026<\/strong> y, la segunda novedad, es que acaban de ser nominados para recibir uno de los premios <strong>TIIM Awards, una iniciativa Asociaci\u00f3n de Promotores Musicales de la Comunidad Valenciana.<\/strong><\/p>\n<p class=\"ft-text\">Los galardones, que se estrenan este a\u00f1o, distinguen a<strong> \u00abiniciativas, proyectos y personas implicadas en el desarrollo del turismo musical\u00bb<\/strong>. Constan de siete categor\u00edas y se entregar\u00e1n en una ceremonia prevista para el pr\u00f3ximo 10 de diciembre en el Roig Arena de Valencia.<\/p>\n<p>Compite con Huesca, Lugo y La Rioja<\/p>\n<p class=\"ft-text ft-helper-align-justify\">En concreto, el Prestoso compite en la categor\u00eda de \u00ab<strong>Iniciativa Tur\u00edstica Musical del A\u00f1o\u00bb, que premia a<\/strong> empresas del sector tur\u00edstico \u00abque han integrado la m\u00fasica en vivo de manera innovadora en sus propuestas\u00bb. En esta categor\u00eda el Prestoso Fest se medir\u00e1 con el <strong>Festival Pirineos Sur, de Sallent de G\u00e1llego (Huesca), con el Festival Ribeira Sacra (Sober, Lugo) y el festival Sierra Sonora de Viniegra de Abajo (La Rioja).<\/strong><\/p>\n<p class=\"ft-text ft-helper-align-justify\">Las iniciativas finalistas han sido seleccionadas por un jurado profesional formado por: <strong>Sonia Dur\u00e1n<\/strong> (Uni\u00f3n Fonogr\u00e1fica Independiente); <strong>Fernando Garayoa<\/strong> (Navarra Music Comission); <strong>Marcos Garc\u00eda<\/strong> (Feria Al Encuentru Asturias); <strong>Paloma Medina<\/strong> (especialista en Turismo Musical); <strong>Jairo N\u00fa\u00f1ez<\/strong> (Asociaci\u00f3n de la Industria Musical Canaria); <strong>Gema S\u00e1nchez<\/strong> (Sociedad de Artistas Int\u00e9rpretes o Ejecutantes); <strong>Marcela Sanmart\u00edn<\/strong> (Asociaci\u00f3n MiM por la igualdad de g\u00e9nero en la m\u00fasica); <strong>Paula Sim\u00f3<\/strong> (especialista en Turismo Musical); <strong>Luis Tormo<\/strong> (Turisme Comunitat Valenciana); y <strong>Arkaitz Villar<\/strong> (Basque Musique).<\/p>\n<p>Descuentos para la pr\u00f3xima edici\u00f3n<\/p>\n<p class=\"ft-text ft-helper-align-justify\">De manera paralela, el Prestoso Fest acaba de desvelar las fechas de su pr\u00f3xima edici\u00f3n y tambi\u00e9n ha lanzado una \u00abjugosa\u00bb oferta. Quien se anime a comprar sus entradas podr\u00e1 obtener dos abonos completos al precio de 125 euros m\u00e1s gastos de gesti\u00f3n. <strong>\u00abSinceramente, una locura total<\/strong>\u00ab, se\u00f1ala la organizaci\u00f3n del evento, que ya calienta motores para su pr\u00f3xima cita en Las Barzaniellas.<\/p>\n","protected":false},"excerpt":{"rendered":"Llegan novedades del Prestoso Fest, el festival de m\u00fasica independiente que se celebra en Cangas del Narcea. La&hellip;\n","protected":false},"author":2,"featured_media":263806,"comment_status":"","ping_status":"","sticky":false,"template":"","format":"standard","meta":{"footnotes":""},"categories":[170],"tags":[1770,1348,146,147,25,24,4139,5270,2417,9739,8500,184,185,532,65556,50068,23,4664],"class_list":{"0":"post-263805","1":"post","2":"type-post","3":"status-publish","4":"format-standard","5":"has-post-thumbnail","7":"category-musica","8":"tag-asturias","9":"tag-atencion","10":"tag-entertainment","11":"tag-entretenimiento","12":"tag-es","13":"tag-espana","14":"tag-fest","15":"tag-festivales","16":"tag-gandia","17":"tag-la-rioja","18":"tag-llama","19":"tag-music","20":"tag-musica","21":"tag-premios","22":"tag-prestoso","23":"tag-promotores","24":"tag-spain","25":"tag-turismo"},"share_on_mastodon":{"url":"https:\/\/pubeurope.com\/@es\/115639196973447716","error":""},"_links":{"self":[{"href":"https:\/\/www.europesays.com\/es\/wp-json\/wp\/v2\/posts\/263805","targetHints":{"allow":["GET"]}}],"collection":[{"href":"https:\/\/www.europesays.com\/es\/wp-json\/wp\/v2\/posts"}],"about":[{"href":"https:\/\/www.europesays.com\/es\/wp-json\/wp\/v2\/types\/post"}],"author":[{"embeddable":true,"href":"https:\/\/www.europesays.com\/es\/wp-json\/wp\/v2\/users\/2"}],"replies":[{"embeddable":true,"href":"https:\/\/www.europesays.com\/es\/wp-json\/wp\/v2\/comments?post=263805"}],"version-history":[{"count":0,"href":"https:\/\/www.europesays.com\/es\/wp-json\/wp\/v2\/posts\/263805\/revisions"}],"wp:featuredmedia":[{"embeddable":true,"href":"https:\/\/www.europesays.com\/es\/wp-json\/wp\/v2\/media\/263806"}],"wp:attachment":[{"href":"https:\/\/www.europesays.com\/es\/wp-json\/wp\/v2\/media?parent=263805"}],"wp:term":[{"taxonomy":"category","embeddable":true,"href":"https:\/\/www.europesays.com\/es\/wp-json\/wp\/v2\/categories?post=263805"},{"taxonomy":"post_tag","embeddable":true,"href":"https:\/\/www.europesays.com\/es\/wp-json\/wp\/v2\/tags?post=263805"}],"curies":[{"name":"wp","href":"https:\/\/api.w.org\/{rel}","templated":true}]}}