{"id":263807,"date":"2025-11-30T14:47:16","date_gmt":"2025-11-30T14:47:16","guid":{"rendered":"https:\/\/www.europesays.com\/es\/263807\/"},"modified":"2025-11-30T14:47:16","modified_gmt":"2025-11-30T14:47:16","slug":"una-de-las-mejores-peliculas-de-fantasia-de-la-historia-uno-de-los-mayores-exitos-de-todos-los-tiempos-y-mas-11-estrenos-imprescindibles-de-cine-en-casa-de-noviembre-de-2025","status":"publish","type":"post","link":"https:\/\/www.europesays.com\/es\/263807\/","title":{"rendered":"Una de las mejores pel\u00edculas de fantas\u00eda de la historia, uno de los mayores \u00e9xitos de todos los tiempos y m\u00e1s. 11 estrenos imprescindibles de cine en casa de noviembre de 2025"},"content":{"rendered":"<p>El mes de noviembre est\u00e1 marcado por la celebraci\u00f3n del Black Friday para los amantes del cine en formato f\u00edsico,\u00a0ya que es el mes en el que se hacen las mejores ofertas. Tambi\u00e9n es un mes en el que las distribuidoras hacen un esfuerzo adicional con sus lanzamientos, por lo que este mes volvemos a tener <strong>11 estrenos imprescindibles de cine en casa que encontrar\u00e9is a continuaci\u00f3n<\/strong>, entre los cuales no est\u00e1 <a class=\"text-outboundlink\" href=\"https:\/\/www.espinof.com\/criticas\/weapons-mejores-peliculas-ano-inquietante-thriller-que-pronto-da-miedo-como-te-hace-partirte-risa\" data-vars-post-title=\"&#039;Weapons&#039; es una de las mejores pel\u00edculas del a\u00f1o. Un inquietante thriller que tan pronto da miedo como te hace partirte de risa\" data-vars-post-url=\"https:\/\/www.espinof.com\/criticas\/weapons-mejores-peliculas-ano-inquietante-thriller-que-pronto-da-miedo-como-te-hace-partirte-risa\" rel=\"nofollow noopener\" target=\"_blank\">&#8216;Weapons&#8217;<\/a> porque ya hice <a class=\"text-outboundlink\" href=\"https:\/\/www.espinof.com\/estrenos\/mejor-pelicula-terror-ano-regresa-su-version-definitiva-extraordinario-thriller-que-ahora-presenta-su-codiciado-steelbook\" data-vars-post-title=\"La mejor pel\u00edcula de terror del a\u00f1o regresa con su versi\u00f3n definitiva. Un extraordinario thriller que ahora presenta su codiciado steelbook \" data-vars-post-url=\"https:\/\/www.espinof.com\/estrenos\/mejor-pelicula-terror-ano-regresa-su-version-definitiva-extraordinario-thriller-que-ahora-presenta-su-codiciado-steelbook\" rel=\"nofollow noopener\" target=\"_blank\">un an\u00e1lisis individual de su steelbook<\/a>.<\/p>\n<p>&#8216;Ag\u00e1rralo como puedas&#8217; en UHD<\/p>\n<p>                   <img class=\"centro_sinmarco\" height=\"1500\" width=\"1000\" loading=\"lazy\" decoding=\"async\"  fetchpriority=\"high\"  src=\"https:\/\/www.europesays.com\/es\/wp-content\/uploads\/2025\/11\/1764514029_804_450_1000.jpeg\" alt=\"Como Puedas\"\/><\/p>\n<p>La m\u00edtica saga c\u00f3mica regres\u00f3 31 a\u00f1os despu\u00e9s de la \u00faltima pel\u00edcula liderada por <strong>Leslie Nielsen<\/strong> con una propuesta de lo m\u00e1s divertida y con un inspirado <strong>Liam Neeson<\/strong>. Con una buen dosis de extras -esos 16 minutos de escenas eliminas o extendidas y la selecci\u00f3n de tomas falsas destacan por encima del resto-, es una adici\u00f3n perfecta a tu colecci\u00f3n para cuando necesites echarte unas risas. <a rel=\"nofollow, sponsored, noopener, noreferrer\" target=\"_blank\" class=\"js-ecommerce\" id=\"link-ecommerce-1\" href=\"https:\/\/www.webedia-afilia.com\/redirect?url=https%3A%2F%2Fwww.amazon.es%2Fdp%2FB0FVMB2PGH&amp;category=listas&amp;site=espinof&amp;ecomPostExpiration=everlasting&amp;postId=250068\" data-vars-affiliate-url=\"https:\/\/www.amazon.es\/dp\/B0FVMB2PGH\">Os costar\u00e1 26,99 euros<\/a> -el precio baja <a rel=\"nofollow, sponsored, noopener, noreferrer\" target=\"_blank\" class=\"js-ecommerce\" id=\"link-ecommerce-2\" href=\"https:\/\/www.webedia-afilia.com\/redirect?url=https%3A%2F%2Fwww.amazon.es%2Fdp%2FB0FVM5RBB3&amp;category=listas&amp;site=espinof&amp;ecomPostExpiration=everlasting&amp;postId=250068\" data-vars-affiliate-url=\"https:\/\/www.amazon.es\/dp\/B0FVM5RBB3\">hasta los 21,99 euros<\/a> si os sirve con solamente el blu-ray-.<\/p>\n<p><a class=\"text-outboundlink\" href=\"https:\/\/www.espinof.com\/criticas\/llore-risa-viendo-agarralo-como-puedas-no-hay-mejor-halago-posible-esta-fantastica-continuacion-que-leslie-nielsen-estaria-orgulloso\" data-vars-post-title=\"&#039;Ag\u00e1rralo como puedas&#039; pone todo el esfuerzo del mundo para hacer una fant\u00e1stica chorrada, digna heredera de las originales y con un Liam Neeson que perpet\u00faa el legado de Leslie Nielsen\" data-vars-post-url=\"https:\/\/www.espinof.com\/criticas\/llore-risa-viendo-agarralo-como-puedas-no-hay-mejor-halago-posible-esta-fantastica-continuacion-que-leslie-nielsen-estaria-orgulloso\" rel=\"nofollow noopener\" target=\"_blank\">Cr\u00edtica de &#8216;Ag\u00e1rralo como puedas&#8217;<\/a><\/p>\n<p>&#8216;Alguien vol\u00f3 sobre el nido del cuco&#8217;, steelbook<\/p>\n<p>                   <img class=\"\" height=\"1504\" width=\"1560\" loading=\"lazy\" decoding=\"async\"  fetchpriority=\"high\"  src=\"https:\/\/www.europesays.com\/es\/wp-content\/uploads\/2025\/11\/1764514029_215_450_1000.jpeg\" alt=\"Cuo\"\/><\/p>\n<p>La aclamada pel\u00edcula de <strong>Milos Forman<\/strong> es una de las pocas que ha ganado los 5 \u00d3scar principales y ahora puede ser vuestra en 4K con una cuidada edici\u00f3n en caja met\u00e1lica. Adem\u00e1s de la imprescindible mejora en imagen y sonido -cosa que damos por descontada con los UHDs pero luego no siempre sucede-, tambi\u00e9n se incluye un par de extras nuevos con declaraciones retrospectivas de varios de sus protagonistas y del productor <strong>Michael Douglas<\/strong>. Se echa de menos a <strong>Jack Nicholson<\/strong> y a la ya fallecida <strong>Louise Fletcher<\/strong>, pero es un a\u00f1adido muy recomendable. <a rel=\"nofollow, sponsored, noopener, noreferrer\" target=\"_blank\" class=\"js-ecommerce\" id=\"link-ecommerce-3\" href=\"https:\/\/www.webedia-afilia.com\/redirect?url=https%3A%2F%2Fwww.amazon.es%2Fdp%2FB0FY35DH6D&amp;category=listas&amp;site=espinof&amp;ecomPostExpiration=everlasting&amp;postId=250068\" data-vars-affiliate-url=\"https:\/\/www.amazon.es\/dp\/B0FY35DH6D\">Por 29,99 euros pod\u00e9is incorporarla a vuestra colecci\u00f3n<\/a>.<\/p>\n<p>    <a href=\"https:\/\/www.espinof.com\/otros\/steelbooks-salvacion-formato-fisico-horas-bajas-moda-pasajera-asi-se-ve-situacion-dentro-mercado-espanol\" class=\"pivot-outboundlink\" data-vars-post-title=\"Los steelbooks, \u00bfsalvaci\u00f3n de un formato f\u00edsico en horas bajas o una moda pasajera? As\u00ed se ve la situaci\u00f3n desde dentro del mercado espa\u00f1ol\" rel=\"nofollow noopener\" target=\"_blank\"><br \/>\n     <img loading=\"lazy\" decoding=\"async\" alt=\"Los steelbooks, \u00bfsalvaci\u00f3n de un formato f\u00edsico en horas bajas o una moda pasajera? As\u00ed se ve la situaci\u00f3n desde dentro del mercado espa\u00f1ol\" width=\"375\" height=\"142\" src=\"https:\/\/www.europesays.com\/es\/wp-content\/uploads\/2025\/11\/1764514030_202_375_142.jpeg\"\/><br \/>\n    <\/a><\/p>\n<p>Colecci\u00f3n Jos\u00e9 Luis Garci, volumen 2<\/p>\n<p>                   <img class=\"\" height=\"963\" width=\"1700\" loading=\"lazy\" decoding=\"async\"  fetchpriority=\"high\"  src=\"https:\/\/www.europesays.com\/es\/wp-content\/uploads\/2025\/11\/1764514030_321_450_1000.jpeg\" alt=\"Garcii\"\/><\/p>\n<p>Divisa nos sorprendi\u00f3 hace algo m\u00e1s de un a\u00f1o lanzando el primer volumen de esta colecci\u00f3n en blu-ray -con la excepci\u00f3n de la serie &#8216;Historias del otro lado&#8217; y de varios cortometrajes suyos, incluidos en dvd- recopilando toda la filmograf\u00eda de <strong>Jos\u00e9 Luis Garci<\/strong>. Ahora es el turno de la segunda, que abarca sus trabajos desde 1994 hasta 2019.<\/p>\n<p>Con una elegante presentaci\u00f3n en digipack y el extracto del libro &#8216;Una vida de repuesto&#8217; correspondiente a esa etapa de la carrera de Garci, es una adici\u00f3n sencillamente imprescindible para los amanes del cine de su director. <a rel=\"nofollow, sponsored, noopener, noreferrer\" target=\"_blank\" class=\"js-ecommerce\" id=\"link-ecommerce-4\" href=\"https:\/\/www.webedia-afilia.com\/redirect?url=https%3A%2F%2Fwww.amazon.es%2FJose-Luis-Garci-Coleccionista-1994-2019%2Fdp%2FB0FVMBKKC2%2F&amp;category=listas&amp;site=espinof&amp;ecomPostExpiration=everlasting&amp;postId=250068\" data-vars-affiliate-url=\"https:\/\/www.amazon.es\/Jose-Luis-Garci-Coleccionista-1994-2019\/dp\/B0FVMBKKC2\/\">La ten\u00e9is ahora mismo a un precio de 171,07 euros<\/a><\/p>\n<p>Colecci\u00f3n &#8216;Pesadilla en Elm Street&#8217; en UHD<\/p>\n<p>                   <img class=\"centro_sinmarco\" height=\"1163\" width=\"933\" loading=\"lazy\" decoding=\"async\"  fetchpriority=\"high\"  src=\"https:\/\/www.europesays.com\/es\/wp-content\/uploads\/2025\/11\/1764514031_516_450_1000.jpeg\" alt=\"Elm Street Pack\"\/><\/p>\n<p>Los amantes de una de las mejores sagas de terror de todos los tiempos al fin pueden disfrutar de ella en calidad 4K. Es cierto que el mes anterior sali\u00f3 un pack para coleccionistas m\u00e1s vistoso, pero se agot\u00f3 en tiempo r\u00e9cord y ahora se pieden aut\u00e9nticas barbaridades por \u00e9l. Warner nos ofrece ahora una versi\u00f3n m\u00e1s compacta que <a rel=\"nofollow, sponsored, noopener, noreferrer\" target=\"_blank\" class=\"js-ecommerce\" id=\"link-ecommerce-5\" href=\"https:\/\/www.webedia-afilia.com\/redirect?url=https%3A%2F%2Fwww.amazon.es%2Fdp%2FB0FY374KS2&amp;category=listas&amp;site=espinof&amp;ecomPostExpiration=everlasting&amp;postId=250068\" data-vars-affiliate-url=\"https:\/\/www.amazon.es\/dp\/B0FY374KS2\">os costar\u00e1 99,99 euros<\/a>.<\/p>\n<p><a class=\"text-outboundlink\" href=\"https:\/\/www.espinof.com\/cine-clasico\/40-anos-iconica-pelicula-terror-que-presento-a-uno-mejores-monstruos-historia-extraordinaria-pesadilla-que-puedes-ver-streaming\" data-vars-post-title=\"40 a\u00f1os de la ic\u00f3nica pel\u00edcula de terror que present\u00f3 a uno de los mejores monstruos de la historia. Una extraordinaria pesadilla que puedes ver en streaming\" data-vars-post-url=\"https:\/\/www.espinof.com\/cine-clasico\/40-anos-iconica-pelicula-terror-que-presento-a-uno-mejores-monstruos-historia-extraordinaria-pesadilla-que-puedes-ver-streaming\" rel=\"nofollow noopener\" target=\"_blank\">Cr\u00edtica de &#8216;Pesadilla en Elm Street&#8217;<\/a><\/p>\n<p>    <a href=\"https:\/\/www.espinof.com\/listas\/mejor-orden-para-ver-peliculas-pesadilla-elm-street-guia-definitiva-terrorifico-freddy-krueger-asi-encajan-videojuegos-comics-novelas-serie-television\" class=\"pivot-outboundlink\" data-vars-post-title=\"El mejor orden para ver las pel\u00edculas de &#039;Pesadilla en Elm Street&#039; y la gu\u00eda definitiva del terror\u00edfico Freddy Krueger: as\u00ed encajan los videojuegos, los c\u00f3mics, las novelas y la serie de televisi\u00f3n\" rel=\"nofollow noopener\" target=\"_blank\"><br \/>\n     <img loading=\"lazy\" decoding=\"async\" alt=\"El mejor orden para ver las pel\u00edculas de 'Pesadilla en Elm Street' y la gu\u00eda definitiva del terror\u00edfico Freddy Krueger: as\u00ed encajan los videojuegos, los c\u00f3mics, las novelas y la serie de televisi\u00f3n\" width=\"375\" height=\"142\" src=\"https:\/\/www.europesays.com\/es\/wp-content\/uploads\/2025\/10\/1759323669_619_375_142.jpeg\"\/><br \/>\n    <\/a><\/p>\n<p>&#8216;Devuelv\u00e9mela&#8217; en blu-ray<\/p>\n<p>                   <img class=\"centro_sinmarco\" height=\"811\" width=\"620\" loading=\"lazy\" decoding=\"async\"  fetchpriority=\"high\"  src=\"https:\/\/www.europesays.com\/es\/wp-content\/uploads\/2025\/11\/1764514032_243_450_1000.jpeg\" alt=\"Devuelvemala\"\/><\/p>\n<p>Una de las grandes sensaciones del cine de terror de 2025 nos lleg\u00f3 de la mano de la uni\u00f3n entre a24 y los directores de la estupenda <a class=\"text-outboundlink\" href=\"https:\/\/www.espinof.com\/criticas\/hablame-revision-cine-espiritus-malignos-clave-gen-z-que-funciona-como-mejor-tren-bruja-que-te-hayas-montado\" data-vars-post-title=\"&#039;H\u00e1blame&#039; es una revisi\u00f3n del cine de esp\u00edritus malignos en clave Gen Z que funciona como el mejor tren de la bruja en el que te hayas montado\" data-vars-post-url=\"https:\/\/www.espinof.com\/criticas\/hablame-revision-cine-espiritus-malignos-clave-gen-z-que-funciona-como-mejor-tren-bruja-que-te-hayas-montado\" rel=\"nofollow noopener\" target=\"_blank\">&#8216;H\u00e1blame&#8217;<\/a>. Una mezcla entre miedo y desesperanza que va cogiendo fuerza poco a poco hasta su gran estallido final. Todo ello marcado por una voz propia en lugar de querer ser un pastiche de \u00e9xitos ajenos.<\/p>\n<p>Es cierto que los contenidos adicionales no son muchos en n\u00famero, pero hay por ah\u00ed un muy interesante audiocomentario a cargo de<strong> <\/strong><strong>Danny &amp; Michael Philippou <\/strong>repleto de informaci\u00f3n y detalles sobre la pel\u00edcula. S\u00f3lo con eso ya habr\u00eda sido suficiente -y compensa que la escena elimina incluida sea un tanto insustancial-. <a rel=\"nofollow, sponsored, noopener, noreferrer\" target=\"_blank\" class=\"js-ecommerce\" id=\"link-ecommerce-6\" href=\"https:\/\/www.webedia-afilia.com\/redirect?url=https%3A%2F%2Fwww.amazon.es%2Fdp%2FB0FY36T6FG&amp;category=listas&amp;site=espinof&amp;ecomPostExpiration=everlasting&amp;postId=250068\" data-vars-affiliate-url=\"https:\/\/www.amazon.es\/dp\/B0FY36T6FG\">Os costar\u00e1 21,95 euros<\/a>.<\/p>\n<p><a class=\"text-outboundlink\" href=\"https:\/\/www.espinof.com\/divulgacion\/no-solo-mejor-pelicula-terror-ano-devuelvemela-toda-tesis-tristeza-absoluta\" data-vars-post-title=\"No solo es la mejor pel\u00edcula de terror del a\u00f1o. Adem\u00e1s, &#039;Devu\u00e9lvemela&#039; es toda una tesis sobre la tristeza m\u00e1s absoluta\" data-vars-post-url=\"https:\/\/www.espinof.com\/divulgacion\/no-solo-mejor-pelicula-terror-ano-devuelvemela-toda-tesis-tristeza-absoluta\" rel=\"nofollow noopener\" target=\"_blank\">Cr\u00edtica de &#8216;Devuelv\u00e9mela&#8217;<\/a><\/p>\n<p>&#8216;Eduardo Manostijeras&#8217;, steelbook<\/p>\n<p>                   <img class=\"\" height=\"551\" width=\"1200\" loading=\"lazy\" decoding=\"async\"  fetchpriority=\"high\"  src=\"https:\/\/www.europesays.com\/es\/wp-content\/uploads\/2025\/11\/1764514033_128_450_1000.jpeg\" alt=\"Eduardo Manos Steel\"\/><\/p>\n<p>Una aut\u00e9ntica maravilla que es al mismo tiempo la mejor pel\u00edcula de Tim Burton y una de las mayores joyas de la historia del cine de fantas\u00eda. Es cierto que no hay extras nuevos -s\u00ed que se mantienen los incluidos en su momento en el blu-ray-, pero la calidad de imagen en 4K y sonido mejora de forma clara y adem\u00e1s viene presentada en una preciosa edici\u00f3n en caja met\u00e1lica. <a rel=\"nofollow, sponsored, noopener, noreferrer\" target=\"_blank\" class=\"js-ecommerce\" id=\"link-ecommerce-7\" href=\"https:\/\/www.webedia-afilia.com\/redirect?url=https%3A%2F%2Fwww.elcorteingles.es%2Fcine%2FA57035617-eduardo-manostijeras-edicion-metalica-35-aniversario-4k-ultra-hd--blu-ray%2F&amp;category=listas&amp;site=espinof&amp;ecomPostExpiration=everlasting&amp;postId=250068\" data-vars-affiliate-url=\"https:\/\/www.elcorteingles.es\/cine\/A57035617-eduardo-manostijeras-edicion-metalica-35-aniversario-4k-ultra-hd--blu-ray\/\">Por 32,99 euros ser\u00e1 vuestra<\/a>.<\/p>\n<p><a class=\"text-outboundlink\" href=\"https:\/\/www.espinof.com\/criticas\/tim-burton-eduardo-manostijeras-una-fabula-magistral\" data-vars-post-title=\"Tim Burton: &#039;Eduardo Manostijeras&#039;, una f\u00e1bula magistral\" data-vars-post-url=\"https:\/\/www.espinof.com\/criticas\/tim-burton-eduardo-manostijeras-una-fabula-magistral\" rel=\"nofollow noopener\" target=\"_blank\">Cr\u00edtica de &#8216;Eduardo Manostijeras&#8217;<\/a><\/p>\n<p>&#8216;Frontera(s)&#8217; en blu-ray<\/p>\n<p>                   <img class=\"centro_sinmarco\" height=\"1500\" width=\"1200\" loading=\"lazy\" decoding=\"async\"  fetchpriority=\"high\"  src=\"https:\/\/www.europesays.com\/es\/wp-content\/uploads\/2025\/11\/1764514033_888_450_1000.jpeg\" alt=\"Fronteras\"\/><\/p>\n<p>Una de las cimas del <strong>cine extremo de terror franc\u00e9s<\/strong> que hubo a principios de este siglo. Atrevida a impactante, no se un t\u00edtulo para todos los gustos, pero en A Contracorriente Films han tirado la casa por la ventana con una edici\u00f3n complet\u00edsima -ha hecho falta un segundo disco para incluir todos los extras, y no es uno de esos casos de hacerlo para aparentar y meter luego ah\u00ed cualquier cosa- en la que la \u00fanica pega es no haberla incluido tambi\u00e9n en 4K, pues recientemente s\u00ed que se ha puesto a la venta en UHD en otros pa\u00edses. <a rel=\"nofollow, sponsored, noopener, noreferrer\" target=\"_blank\" class=\"js-ecommerce\" id=\"link-ecommerce-8\" href=\"https:\/\/www.webedia-afilia.com\/redirect?url=https%3A%2F%2Fwww.amazon.es%2FFrontera-s-Blu-ray-Karina-Testa%2Fdp%2FB0FVY34GTT&amp;category=listas&amp;site=espinof&amp;ecomPostExpiration=everlasting&amp;postId=250068\" data-vars-affiliate-url=\"https:\/\/www.amazon.es\/Frontera-s-Blu-ray-Karina-Testa\/dp\/B0FVY34GTT\">Os costar\u00e1 21,95 euros<\/a><\/p>\n<p>&#8216;Los diez mandamientos&#8217;, steelbook<\/p>\n<p>                   <img class=\"\" height=\"924\" width=\"1500\" loading=\"lazy\" decoding=\"async\"  fetchpriority=\"high\"  src=\"https:\/\/www.europesays.com\/es\/wp-content\/uploads\/2025\/11\/1764514034_262_450_1000.jpeg\" alt=\"Mandamientos\"\/><\/p>\n<p>Ya en su momento se lanz\u00f3 una edici\u00f3n en caja met\u00e1lica solamente con la pel\u00edcula en blu-ray, pero ahora llega en 4K con una sorpresa inesperada: en nuestro pa\u00eds no se incluye la la introducci\u00f3n a cargo de <strong>Cecil B. DeMille<\/strong>, la obertura y el intermedio. Una decisi\u00f3n un tanto incomprensible cuando por ejemplo en otras versiones en UHD s\u00ed que aparecen. Imagino que habr\u00e1 a quien poco le importa y que hubiese dado siempre hacia delante esas partes, pero es una mutilaci\u00f3n incomprensible. <a rel=\"nofollow, sponsored, noopener, noreferrer\" target=\"_blank\" class=\"js-ecommerce\" id=\"link-ecommerce-9\" href=\"https:\/\/www.webedia-afilia.com\/redirect?url=https%3A%2F%2Fwww.amazon.es%2FMandamientos-Steelbook-DeMille-Commandments-Blu-ray%2Fdp%2FB0FVM9H8LY&amp;category=listas&amp;site=espinof&amp;ecomPostExpiration=everlasting&amp;postId=250068\" data-vars-affiliate-url=\"https:\/\/www.amazon.es\/Mandamientos-Steelbook-DeMille-Commandments-Blu-ray\/dp\/B0FVM9H8LY\">Por 32,99 euros pod\u00e9is haceros con ella<\/a>.<\/p>\n<p>&#8216;Nadie 2&#8217;, steelbook<\/p>\n<p>                   <img class=\"\" height=\"779\" width=\"1500\" loading=\"lazy\" decoding=\"async\"  fetchpriority=\"high\"  src=\"https:\/\/www.europesays.com\/es\/wp-content\/uploads\/2025\/11\/1764514034_632_450_1000.jpeg\" alt=\"Nadie 2 Steelbook\"\/><\/p>\n<p>La primera entrega es probablemente la mejor heredera de <a class=\"text-outboundlink\" href=\"https:\/\/www.espinof.com\/listas\/cronologia-john-wick-mejor-orden-para-ver-todas-peliculas-series-genial-saga-accion-keanu-reeves\" data-vars-post-title=\"Cronolog\u00eda John Wick. El mejor orden para ver todas las pel\u00edculas y series de la genial saga de acci\u00f3n con Keanu Reeves\" data-vars-post-url=\"https:\/\/www.espinof.com\/listas\/cronologia-john-wick-mejor-orden-para-ver-todas-peliculas-series-genial-saga-accion-keanu-reeves\" rel=\"nofollow noopener\" target=\"_blank\">la saga &#8216;John Wick&#8217;<\/a> que hemos visto hasta ahora y su secuela perfectamente podr\u00eda haber sido un m\u00e1s de lo mismo. Y no voy a negar que algo de eso tiene, pero el hecho de ambientarla durante unas vacaciones familiares de su protagonista hace que tenga una energ\u00eda especial y que su visionado se pase volando.<\/p>\n<p>                   <img class=\"\" height=\"3729\" width=\"3172\" loading=\"lazy\" decoding=\"async\"  fetchpriority=\"high\"  src=\"https:\/\/www.europesays.com\/es\/wp-content\/uploads\/2025\/11\/1764514034_84_450_1000.jpeg\" alt=\"Img 20251129 172355\"\/><\/p>\n<p>Sobre el steelbook me gustar\u00eda destacar la sorpresa de que su dise\u00f1o tenga una clara continuidad con la edici\u00f3n equivalente de la primera entrega puesta a la venta hace apenas unos meses. Seguro que no soy el \u00fanico al que le cuesta entender los cambios extra\u00f1os que se producen a veces en este aspecto, pero aqu\u00ed el trabajo de <strong>Universal<\/strong> es intachable.<\/p>\n<p>Bueno, intachable salvo por su molesta tradici\u00f3n de no incluir subt\u00edtulos en castellano para sus lanzamientos en formato f\u00edsico desde hace tiempo. Ah\u00ed adem\u00e1s <strong>es una l\u00e1stima que no se incluya un audiocomentario como s\u00ed se hizo en la primera entrega<\/strong>, pero bueno, hay cositas. <a rel=\"nofollow, sponsored, noopener, noreferrer\" target=\"_blank\" class=\"js-ecommerce\" id=\"link-ecommerce-10\" href=\"https:\/\/www.webedia-afilia.com\/redirect?url=https%3A%2F%2Fwww.amazon.es%2Fdp%2FB0FY35WBQC&amp;category=listas&amp;site=espinof&amp;ecomPostExpiration=everlasting&amp;postId=250068\" data-vars-affiliate-url=\"https:\/\/www.amazon.es\/dp\/B0FY35WBQC\">Por 34,95 euros ser\u00e1 vuestra.<\/a><\/p>\n<p><a class=\"text-outboundlink\" href=\"https:\/\/www.espinof.com\/criticas\/nadie-2-festival-divertidisima-ultraviolencia-que-se-debe-disfrutar-mojito-mano-gafas-sol-cerca\" data-vars-post-title=\"&#039;Nadie 2&#039; es un festival de divertid\u00edsima ultraviolencia que se debe disfrutar con un mojito en la mano y las gafas de sol cerca\" data-vars-post-url=\"https:\/\/www.espinof.com\/criticas\/nadie-2-festival-divertidisima-ultraviolencia-que-se-debe-disfrutar-mojito-mano-gafas-sol-cerca\" rel=\"nofollow noopener\" target=\"_blank\">Cr\u00edtica de &#8216;Nadie 2&#8217;<\/a><\/p>\n<p>&#8216;Ponte en mi lugar de nuevo&#8217; en blu-ray<\/p>\n<p>                   <img class=\"centro_sinmarco\" height=\"1500\" width=\"1076\" loading=\"lazy\" decoding=\"async\"  fetchpriority=\"high\"  src=\"https:\/\/www.europesays.com\/es\/wp-content\/uploads\/2025\/11\/1764514034_921_450_1000.jpeg\" alt=\"Lugar\"\/><\/p>\n<p>Una secuela en la que muchos no ten\u00edan demasiada confianza y acab\u00f3 siendo un pasatiempo de lo m\u00e1s disfrutable. S\u00ed es una pena que no se haya aprovechado la ocasi\u00f3n para lanzar la primera entrega en alta definici\u00f3n en nuestro pa\u00eds, pero &#8216;Ponte en mi lugar de nuevo&#8217; <a rel=\"nofollow, sponsored, noopener, noreferrer\" target=\"_blank\" class=\"js-ecommerce\" id=\"link-ecommerce-11\" href=\"https:\/\/www.webedia-afilia.com\/redirect?url=https%3A%2F%2Fwww.amazon.es%2Fdp%2FB0FVM6MB7F&amp;category=listas&amp;site=espinof&amp;ecomPostExpiration=everlasting&amp;postId=250068\" data-vars-affiliate-url=\"https:\/\/www.amazon.es\/dp\/B0FVM6MB7F\">puede ser vuestra en blu-ray por 21,99 euros<\/a>. Entre los extras ojo a los m\u00e1s de 10 minutos de escenas eliminadas que se incluyen.<\/p>\n<p><a class=\"text-outboundlink\" href=\"https:\/\/www.espinof.com\/criticas\/para-todo-innecesaria-que-apuntaba-a-ser-ponte-mi-lugar-nuevo-consigue-ser-sorprendente-diversion-complejos\" data-vars-post-title=\"Cre\u00eda que &#039;Ponte en mi lugar de nuevo&#039; ser\u00eda una secuela complemente innecesaria, pero me ha sorprendido con su diversi\u00f3n sin complejos\" data-vars-post-url=\"https:\/\/www.espinof.com\/criticas\/para-todo-innecesaria-que-apuntaba-a-ser-ponte-mi-lugar-nuevo-consigue-ser-sorprendente-diversion-complejos\" rel=\"nofollow noopener\" target=\"_blank\">Cr\u00edtica de &#8216;Ponte en mi lugar de nuevo&#8217;<\/a><\/p>\n<p>    <a href=\"https:\/\/www.espinof.com\/divulgacion\/coleccionismo-peliculas-series-formato-fisico-esta-herido-muerte-mayor-error-que-podriamos-cometer-dejar-que-se-muera-todo\" class=\"pivot-outboundlink\" data-vars-post-title=\"El coleccionismo de pel\u00edculas y series en formato f\u00edsico est\u00e1 herido de muerte. El mayor error que podr\u00edamos cometer es dejar que se muera del todo\" rel=\"nofollow noopener\" target=\"_blank\"><br \/>\n     <img loading=\"lazy\" decoding=\"async\" alt=\"El coleccionismo de pel\u00edculas y series en formato f\u00edsico est\u00e1 herido de muerte. El mayor error que podr\u00edamos cometer es dejar que se muera del todo\" width=\"375\" height=\"142\" src=\"https:\/\/www.europesays.com\/es\/wp-content\/uploads\/2025\/11\/1764514035_147_375_142.jpeg\"\/><br \/>\n    <\/a><\/p>\n<p>&#8216;Sonrisas y l\u00e1grimas&#8217; en UHD<\/p>\n<p>                   <img class=\"centro_sinmarco\" height=\"970\" width=\"1500\" loading=\"lazy\" decoding=\"async\"  fetchpriority=\"high\"  src=\"https:\/\/www.europesays.com\/es\/wp-content\/uploads\/2025\/11\/1764514035_247_450_1000.jpeg\" alt=\"Lagrimas\"\/><\/p>\n<p>Un aut\u00e9ntico fen\u00f3meno del cine musical que lleg\u00f3 a ser la pel\u00edcula m\u00e1s taquillera de la historia durante unos pocos a\u00f1os, siendo adem\u00e1s incre\u00edblemente rentable -cost\u00f3 8 millones de d\u00f3lares y sus ingresos mundiales se dispararon hasta los 287-. Ahora debuta en 4K con una edici\u00f3n que incluye tres postales y mantiene el segundo disco de extras con el contenido adicional <strong>&#8216;El sonido de la ciudad: Julie Andrews vuelve a Salzburgo&#8217;<\/strong>.\u00a0<\/p>\n<p>Es verdad que en su momento hubo una edici\u00f3n limitada en blu-ray con m\u00e1s extras, tanto f\u00edsicos como en v\u00eddeo, pero a cambio hay una mejora tremenda en el apartado audiovisual para poder disfrutar de ella como nunca antes hab\u00edamos podido hacer en casa. <a rel=\"nofollow, sponsored, noopener, noreferrer\" target=\"_blank\" class=\"js-ecommerce\" id=\"link-ecommerce-12\" href=\"https:\/\/www.webedia-afilia.com\/redirect?url=https%3A%2F%2Fwww.amazon.es%2Fdp%2FB0FVM7CBT8&amp;category=listas&amp;site=espinof&amp;ecomPostExpiration=everlasting&amp;postId=250068\" data-vars-affiliate-url=\"https:\/\/www.amazon.es\/dp\/B0FVM7CBT8\">Os costar\u00e1 34,99 euros<\/a><\/p>\n<p><a class=\"text-outboundlink\" href=\"https:\/\/www.espinof.com\/cine-clasico\/clasicos-emocionantes-historia-cine-record-taquilla-imbatible-junta-canciones-antinazismo-puedes-ver-disney-plus\" data-vars-post-title=\"Uno de las cl\u00e1sicos m\u00e1s emocionantes de la historia del cine, con un r\u00e9cord de taquilla a\u00fan imbatible, junta canciones y antinazismo y la puedes ver en Disney+\" data-vars-post-url=\"https:\/\/www.espinof.com\/cine-clasico\/clasicos-emocionantes-historia-cine-record-taquilla-imbatible-junta-canciones-antinazismo-puedes-ver-disney-plus\" rel=\"nofollow noopener\" target=\"_blank\">Cr\u00edtica de &#8216;Sonrisas y l\u00e1grimas&#8217;<\/a><\/p>\n<p>Menciones especiales: colecci\u00f3n &#8216;Superdetective en Hollywood&#8217; y steelbooks de &#8216;Casino&#8217; y &#8216;Pulp Fiction&#8217;<\/p>\n<p>Todos los meses hay t\u00edtulos que no son novedades en s\u00ed mismas pero a las que merece la pena prestar un momento de atenci\u00f3n. Por ejemplo, en noviembre al fin vuelven a estar disponibles los blu-rays de <strong>&#8216;Pasi\u00f3n de los fuertes&#8217;<\/strong> (<a rel=\"nofollow, sponsored, noopener, noreferrer\" target=\"_blank\" class=\"js-ecommerce\" id=\"link-ecommerce-13\" href=\"https:\/\/www.webedia-afilia.com\/redirect?url=https%3A%2F%2Fwww.amazon.es%2Fdp%2FB0FVM8NVJ3&amp;category=listas&amp;site=espinof&amp;ecomPostExpiration=everlasting&amp;postId=250068\" data-vars-affiliate-url=\"https:\/\/www.amazon.es\/dp\/B0FVM8NVJ3\">14,99 euros<\/a>) y <strong>&#8216;Veredicto final&#8217;<\/strong> (<a rel=\"nofollow, sponsored, noopener, noreferrer\" target=\"_blank\" class=\"js-ecommerce\" id=\"link-ecommerce-14\" href=\"https:\/\/www.webedia-afilia.com\/redirect?url=https%3A%2F%2Fwww.amazon.es%2Fdp%2FB0FVLGGCD1&amp;category=listas&amp;site=espinof&amp;ecomPostExpiration=everlasting&amp;postId=250068\" data-vars-affiliate-url=\"https:\/\/www.amazon.es\/dp\/B0FVLGGCD1\">14,99 euros<\/a>) que llevaban a\u00f1os descatalogados, pero tambi\u00e9n los siguientes t\u00edtulos:<\/p>\n<p>                   <img class=\"centro_sinmarco\" height=\"808\" width=\"620\" loading=\"lazy\" decoding=\"async\"  fetchpriority=\"high\"  src=\"https:\/\/www.europesays.com\/es\/wp-content\/uploads\/2025\/11\/1764514036_688_450_1000.jpeg\" alt=\"Superdetective\"\/><\/p>\n<p>Las tres primeras entregas de la saga liderada por <strong>Eddie Murphy<\/strong> ya se hab\u00edan editado en 4K de forma individual, pero ahora las ten\u00e9is recopiladas a un precio m\u00e1s ajustado, pues b\u00e1sicamente es como hacer un tres por el precio de dos, as\u00ed que he cre\u00eddo conveniente destacarlo:\u00a0<a rel=\"nofollow, sponsored, noopener, noreferrer\" target=\"_blank\" class=\"js-ecommerce\" id=\"link-ecommerce-15\" href=\"https:\/\/www.webedia-afilia.com\/redirect?url=https%3A%2F%2Fwww.amazon.es%2Fdp%2FB0FVM5R4HS&amp;category=listas&amp;site=espinof&amp;ecomPostExpiration=everlasting&amp;postId=250068\" data-vars-affiliate-url=\"https:\/\/www.amazon.es\/dp\/B0FVM5R4HS\">49,99 euros<\/a><\/p>\n<p>                   <img class=\"\" height=\"970\" width=\"1500\" loading=\"lazy\" decoding=\"async\"  fetchpriority=\"high\"  src=\"https:\/\/www.europesays.com\/es\/wp-content\/uploads\/2025\/11\/1764514036_897_450_1000.jpeg\" alt=\"Pulp\"\/><\/p>\n<p>El a\u00f1o pasado ya se puso a la venta una edici\u00f3n para coleccionista con una atractiva presentaci\u00f3n, pero seguro que m\u00e1s de uno estaba esperando como agua de mayo el steelbook de &#8216;Pulp Fiction&#8217; y aqu\u00ed lo tiene. Eso s\u00ed, sin ning\u00fan extra, pues en los discos no se ha hecho cambio alguno. <a rel=\"nofollow, sponsored, noopener, noreferrer\" target=\"_blank\" class=\"js-ecommerce\" id=\"link-ecommerce-16\" href=\"https:\/\/www.webedia-afilia.com\/redirect?url=https%3A%2F%2Fwww.amazon.es%2FFiction-Steelbook-Quentin-Tarantino-Blu-ray%2Fdp%2FB0FVM75LLX%2F&amp;category=listas&amp;site=espinof&amp;ecomPostExpiration=everlasting&amp;postId=250068\" data-vars-affiliate-url=\"https:\/\/www.amazon.es\/Fiction-Steelbook-Quentin-Tarantino-Blu-ray\/dp\/B0FVM75LLX\/\">Ser\u00e1 vuestro por 32,99 euros<\/a><\/p>\n<p><a class=\"text-outboundlink\" href=\"https:\/\/www.espinof.com\/criticas\/quentin-tarantino-pulp-fiction-la-culminacion-de-un-estilo\" data-vars-post-title=\"Quentin Tarantino: &#039;Pulp Fiction&#039;, la culminaci\u00f3n de un estilo\" data-vars-post-url=\"https:\/\/www.espinof.com\/criticas\/quentin-tarantino-pulp-fiction-la-culminacion-de-un-estilo\" rel=\"nofollow noopener\" target=\"_blank\">Cr\u00edtica de &#8216;Pulp Fiction&#8217;<\/a><\/p>\n<p>                   <img class=\"\" height=\"531\" width=\"1166\" loading=\"lazy\" decoding=\"async\"  fetchpriority=\"high\"  src=\"https:\/\/www.europesays.com\/es\/wp-content\/uploads\/2025\/11\/1764514036_934_450_1000.jpeg\" alt=\"Casino\"\/><\/p>\n<p>Aqu\u00ed ha sucedido algo curioso, y es que esta excelente pel\u00edcula de <strong>Martin Scorsese<\/strong> ya tuvo una edici\u00f3n en caja met\u00e1lica que lleva much\u00edsimo tiempo descatalogada. Lo suyo habr\u00eda sido relanzarla, pero en Universal han optado por apostar por un dise\u00f1o diferente -personalmente creo que <a rel=\"noopener, noreferrer nofollow\" href=\"https:\/\/www.hidefninja.com\/community\/attachments\/8319512_2-jpg.441349\/\" target=\"_blank\">el anterior<\/a> era m\u00e1s atractivo-, seguramente para diferenciarla al m\u00e1ximo con motivo del 30 aniversario de su estreno. Eso s\u00ed, los discos son id\u00e9nticos a los que se comercializaron entonces, por lo que ah\u00ed no hay nada que rese\u00f1ar. <a rel=\"nofollow, sponsored, noopener, noreferrer\" target=\"_blank\" class=\"js-ecommerce\" id=\"link-ecommerce-17\" href=\"https:\/\/www.webedia-afilia.com\/redirect?url=https%3A%2F%2Fwww.amazon.es%2Fdp%2FB0FY34P3VJ&amp;category=listas&amp;site=espinof&amp;ecomPostExpiration=everlasting&amp;postId=250068\" data-vars-affiliate-url=\"https:\/\/www.amazon.es\/dp\/B0FY34P3VJ\">Os costar\u00e1 29,99 euros<\/a><\/p>\n<p><a class=\"text-outboundlink\" href=\"https:\/\/www.espinof.com\/criticas\/martin-scorsese-casino-del-paraiso-al-infierno\" data-vars-post-title=\"Martin Scorsese: &#039;Casino&#039;, del para\u00edso al infierno\" data-vars-post-url=\"https:\/\/www.espinof.com\/criticas\/martin-scorsese-casino-del-paraiso-al-infierno\" rel=\"nofollow noopener\" target=\"_blank\">Cr\u00edtica de &#8216;Casino&#8217;<\/a><\/p>\n<p>En Espinof | <a class=\"text-outboundlink\" href=\"https:\/\/www.espinof.com\/otros\/creo-que-coleccionismo-peliculas-espana-esta-herido-gravedad-todos-vamos-a-acabar-matandolo\" data-vars-post-title=\"Creo que el coleccionismo de pel\u00edculas en Espa\u00f1a est\u00e1 herido de gravedad y entre todos vamos a acabar mat\u00e1ndolo\" data-vars-post-url=\"https:\/\/www.espinof.com\/otros\/creo-que-coleccionismo-peliculas-espana-esta-herido-gravedad-todos-vamos-a-acabar-matandolo\" rel=\"nofollow noopener\" target=\"_blank\">Creo que el coleccionismo de pel\u00edculas en Espa\u00f1a est\u00e1 herido de gravedad y entre todos vamos a acabar mat\u00e1ndolo<\/a><\/p>\n<p>En Espinof | <a class=\"text-outboundlink\" href=\"https:\/\/www.espinof.com\/listas\/mejores-peliculas-netflix-2025\" data-vars-post-title=\"Las 11 mejores pel\u00edculas de Netflix en 2025 (por ahora)\" data-vars-post-url=\"https:\/\/www.espinof.com\/listas\/mejores-peliculas-netflix-2025\" rel=\"nofollow noopener\" target=\"_blank\">Las mejores pel\u00edculas de Netflix en 2025<\/a><\/p>\n","protected":false},"excerpt":{"rendered":"El mes de noviembre est\u00e1 marcado por la celebraci\u00f3n del Black Friday para los amantes del cine en&hellip;\n","protected":false},"author":2,"featured_media":263808,"comment_status":"","ping_status":"","sticky":false,"template":"","format":"standard","meta":{"footnotes":""},"categories":[169],"tags":[177,146,147,25,24,176,175,23],"class_list":{"0":"post-263807","1":"post","2":"type-post","3":"status-publish","4":"format-standard","5":"has-post-thumbnail","7":"category-cine","8":"tag-cine","9":"tag-entertainment","10":"tag-entretenimiento","11":"tag-es","12":"tag-espana","13":"tag-film","14":"tag-movies","15":"tag-spain"},"share_on_mastodon":{"url":"https:\/\/pubeurope.com\/@es\/115639199646076623","error":""},"_links":{"self":[{"href":"https:\/\/www.europesays.com\/es\/wp-json\/wp\/v2\/posts\/263807","targetHints":{"allow":["GET"]}}],"collection":[{"href":"https:\/\/www.europesays.com\/es\/wp-json\/wp\/v2\/posts"}],"about":[{"href":"https:\/\/www.europesays.com\/es\/wp-json\/wp\/v2\/types\/post"}],"author":[{"embeddable":true,"href":"https:\/\/www.europesays.com\/es\/wp-json\/wp\/v2\/users\/2"}],"replies":[{"embeddable":true,"href":"https:\/\/www.europesays.com\/es\/wp-json\/wp\/v2\/comments?post=263807"}],"version-history":[{"count":0,"href":"https:\/\/www.europesays.com\/es\/wp-json\/wp\/v2\/posts\/263807\/revisions"}],"wp:featuredmedia":[{"embeddable":true,"href":"https:\/\/www.europesays.com\/es\/wp-json\/wp\/v2\/media\/263808"}],"wp:attachment":[{"href":"https:\/\/www.europesays.com\/es\/wp-json\/wp\/v2\/media?parent=263807"}],"wp:term":[{"taxonomy":"category","embeddable":true,"href":"https:\/\/www.europesays.com\/es\/wp-json\/wp\/v2\/categories?post=263807"},{"taxonomy":"post_tag","embeddable":true,"href":"https:\/\/www.europesays.com\/es\/wp-json\/wp\/v2\/tags?post=263807"}],"curies":[{"name":"wp","href":"https:\/\/api.w.org\/{rel}","templated":true}]}}