{"id":263809,"date":"2025-11-30T14:48:19","date_gmt":"2025-11-30T14:48:19","guid":{"rendered":"https:\/\/www.europesays.com\/es\/263809\/"},"modified":"2025-11-30T14:48:19","modified_gmt":"2025-11-30T14:48:19","slug":"cronica-reparto-de-puntos-en-castanares-burgos-cf","status":"publish","type":"post","link":"https:\/\/www.europesays.com\/es\/263809\/","title":{"rendered":"Cr\u00f3nica | Reparto de puntos en Casta\u00f1ares | Burgos CF"},"content":{"rendered":"<p data-start=\"103\" data-end=\"508\">El BCF Juvenil A recibi\u00f3 este domingo a Unionistas de Salamanca CF en un encuentro muy disputado que termin\u00f3 con reparto de puntos. El partido no pudo comenzar mejor para los burgaleses: en el minuto 4, tras una acci\u00f3n ofensiva en la que se prob\u00f3 fortuna con un disparo que despej\u00f3 el guardameta salmantino, el rechace cay\u00f3 a los pies de Jordan, que no perdon\u00f3 y adelant\u00f3 a los blanquinegros con el uno a cero.<\/p>\n<p data-start=\"510\" data-end=\"798\">A partir de ah\u00ed, la primera parte se convirti\u00f3 en un tira y afloja constante, aunque con un mayor dominio local tanto en posesi\u00f3n como en llegadas. Unionistas logr\u00f3 generar alguna ocasi\u00f3n aislada, gracias al buen trabajo defensivo del conjunto burgal\u00e9s.<\/p>\n<p data-start=\"800\" data-end=\"1271\">La segunda mitad mantuvo la misma din\u00e1mica: duelo equilibrado, con iniciativa burgalesa y mucha disputa en el centro del campo. Sin embargo, en una transici\u00f3n r\u00e1pida a bal\u00f3n parado, Unionistas aprovech\u00f3 su oportunidad y logr\u00f3 igualar el encuentro con el uno a cero. Lejos de hundirse, los de Ruiz reaccionarono con una marcha m\u00e1s, acumulando acercamientos y presi\u00f3n en el \u00e1rea rival. Pese a la insistencia, ninguna de las ocasiones logr\u00f3 transformarse en el gol de la victoria.<\/p>\n<p data-start=\"1273\" data-end=\"1470\">Finalmente, el partido concluy\u00f3 con empate a uno, un resultado que refleja la igualdad del encuentro y el esfuerzo de los burgaleses, que merecieron algo m\u00e1s por lo mostrado en el terreno de juego.<\/p>\n","protected":false},"excerpt":{"rendered":"El BCF Juvenil A recibi\u00f3 este domingo a Unionistas de Salamanca CF en un encuentro muy disputado que&hellip;\n","protected":false},"author":2,"featured_media":263810,"comment_status":"","ping_status":"","sticky":false,"template":"","format":"standard","meta":{"footnotes":""},"categories":[93],"tags":[168,25,24,23,167],"class_list":{"0":"post-263809","1":"post","2":"type-post","3":"status-publish","4":"format-standard","5":"has-post-thumbnail","7":"category-deportes","8":"tag-deportes","9":"tag-es","10":"tag-espana","11":"tag-spain","12":"tag-sports"},"share_on_mastodon":{"url":"","error":""},"_links":{"self":[{"href":"https:\/\/www.europesays.com\/es\/wp-json\/wp\/v2\/posts\/263809","targetHints":{"allow":["GET"]}}],"collection":[{"href":"https:\/\/www.europesays.com\/es\/wp-json\/wp\/v2\/posts"}],"about":[{"href":"https:\/\/www.europesays.com\/es\/wp-json\/wp\/v2\/types\/post"}],"author":[{"embeddable":true,"href":"https:\/\/www.europesays.com\/es\/wp-json\/wp\/v2\/users\/2"}],"replies":[{"embeddable":true,"href":"https:\/\/www.europesays.com\/es\/wp-json\/wp\/v2\/comments?post=263809"}],"version-history":[{"count":0,"href":"https:\/\/www.europesays.com\/es\/wp-json\/wp\/v2\/posts\/263809\/revisions"}],"wp:featuredmedia":[{"embeddable":true,"href":"https:\/\/www.europesays.com\/es\/wp-json\/wp\/v2\/media\/263810"}],"wp:attachment":[{"href":"https:\/\/www.europesays.com\/es\/wp-json\/wp\/v2\/media?parent=263809"}],"wp:term":[{"taxonomy":"category","embeddable":true,"href":"https:\/\/www.europesays.com\/es\/wp-json\/wp\/v2\/categories?post=263809"},{"taxonomy":"post_tag","embeddable":true,"href":"https:\/\/www.europesays.com\/es\/wp-json\/wp\/v2\/tags?post=263809"}],"curies":[{"name":"wp","href":"https:\/\/api.w.org\/{rel}","templated":true}]}}