{"id":263813,"date":"2025-11-30T14:50:08","date_gmt":"2025-11-30T14:50:08","guid":{"rendered":"https:\/\/www.europesays.com\/es\/263813\/"},"modified":"2025-11-30T14:50:08","modified_gmt":"2025-11-30T14:50:08","slug":"donde-ver-las-hijas-de-la-criada","status":"publish","type":"post","link":"https:\/\/www.europesays.com\/es\/263813\/","title":{"rendered":"d\u00f3nde ver &#8216;Las hijas de la criada&#8217;"},"content":{"rendered":"<p style=\"\"><a href=\"https:\/\/www.abc.es\/gente\/vida-personal-sonsoles-onega-hijos-divorcio-carlos-pardo-novio-20240916185741-nt.html\" title=\"www.abc.es\" data-voc-vtm-id=\"in-text-traffic\" data-mrf-link=\"www.abc.es\" rel=\"nofollow noopener\" target=\"_blank\">Sonsoles \u00d3nega<\/a> es una de las <strong>presentadoras de televisi\u00f3n <\/strong>m\u00e1s populares de nuestro pa\u00eds. Sin embargo, m\u00e1s all\u00e1 de su faceta como comunicadora, la periodista madrile\u00f1a tambi\u00e9n ha sabido labrarse una s\u00f3lida carrera como <strong>escritora<\/strong>.<\/p>\n<p style=\"\">\u00d3nega public\u00f3 su primera novela en 2005: &#8216;Calle  &#8230; Habana, esquina Obispo&#8217;. Despu\u00e9s llegar\u00edan otros libros como &#8216;Despu\u00e9s del amor&#8217; o &#8216;Mil besos prohibidos&#8217;. Sin embargo, fue su \u00faltima obra la que le otorg\u00f3 una de las <strong>mayores distinciones de la literatura <\/strong>de nuestro pa\u00eds: el <strong>Premio Planeta<\/strong>.<\/p>\n<p class=\"voc-p\" style=\"\"><strong>&#8216;Las hijas de la criada&#8217;<\/strong> se hizo con el <strong>Premio Planeta 2023<\/strong>, <a href=\"https:\/\/www.abc.es\/cultura\/libros\/sonsoles-onega-gana-premio-planeta-mediatico-20231015192524-nt.html\" title=\"www.abc.es\" data-voc-vtm-id=\"in-text-traffic\" data-mrf-link=\"www.abc.es\" rel=\"nofollow noopener\" target=\"_blank\">dotado de un mill\u00f3n de euros<\/a>. Una distinci\u00f3n que, en su momento, estuvo rodeada de cierta controversia, ya que Sonsoles \u00d3nega acababa de fichar por Antena 3, que pertenece al mismo grupo de la editorial.<\/p>\n<p class=\"voc-p\" style=\"\">En cualquier caso, &#8216;Las hijas de la criada&#8217; se convirti\u00f3 en el fen\u00f3meno literario del a\u00f1o, con 20 ediciones a sus espaldas y m\u00e1s de medio mill\u00f3n de copias vendidas. Un \u00e9xito que no pas\u00f3 por alto <strong>Atresmedia <\/strong>que, a mediados de 2024, anunci\u00f3 que producir\u00eda <strong>la serie basada en la novela. La ficci\u00f3n se estrena hoy, precisamente el mismo d\u00eda en el que cumple a\u00f1os su autora.<\/strong><\/p>\n<p>\nUna historia de venganza y poder protagonizada por Ver\u00f3nica S\u00e1nchez\n<\/p>\n<p class=\"voc-p\" style=\"\">Con &#8216;Las hijas de la criada&#8217;, Sonsoles \u00d3nega sumerge al lector en un apasionante relato hist\u00f3rico repleto de<strong> intrigas, deslealtad y pasiones ocultas<\/strong>. Ambientada en la Galicia del siglo XX, se sit\u00faa en 1900, cuando nacen<strong> Clara y Catalina<\/strong>, dos hermanas que son intercambiadas al nacer.<\/p>\n<p class=\"voc-p\" style=\"\"><strong>Do\u00f1a In\u00e9s<\/strong>, matriarca de la familia Vald\u00e9s y fiel esposa de don Gustavo, deber\u00e1 sobrevivir al desamor, al dolor del abandono y a las luchas de poder hasta convertir a su <strong>verdadera hija <\/strong>en heredera de todo un imperio, en una \u00e9poca en la que a las mujeres no se les permit\u00eda ser due\u00f1as de sus vidas.<\/p>\n<p class=\"voc-p\" style=\"\">La serie est\u00e1 protagonizada por <strong>Ver\u00f3nica S\u00e1nchez<\/strong>, en el papel de do\u00f1a In\u00e9s, <strong>Alain Hern\u00e1ndez <\/strong>como Gustavo Vald\u00e9s y<strong> Carlota Bar\u00f3<\/strong> como Renata. El elenco principal lo completan Martina Cariddi, Judith Fern\u00e1ndez, \u00c1lex Villaz\u00e1n, Tomy Aguilera, \u00c1lex Gadea, Xoel Fern\u00e1ndez y Fede P\u00e9rez, entre otros.<\/p>\n<p class=\"voc-p\" style=\"\">La serie est\u00e1 producida por Buend\u00eda Estudios, con la participaci\u00f3n de Atresmedia, y est\u00e1 dirigida por <strong>Menna Fit\u00e9<\/strong> y<strong> Alejo Flah. En cuanto al guion, lo firman <\/strong>Irene Rodr\u00edguez, Alba Luc\u00edo y Tatiana Rodr\u00edguez, quienes se han encargado de adaptar la exitosa novela de Sonsoles \u00d3nega.<\/p>\n<p class=\"voc-p\" style=\"\">\u00abHa sido un <strong>viaje apasionante <\/strong>convertir los personajes de papel en personajes de carne y hueso\u00bb, asegur\u00f3 la escritora sobre la producci\u00f3n de la serie, en la que, adelant\u00f3, conviven \u00abhistorias fascinantes de mujeres poderosas y valientes, que sobreviven en un mundo no muy f\u00e1cil para ellas\u00bb.<\/p>\n<p>\nD\u00f3nde ver la serie de &#8216;Las hijas de la criada&#8217;\n<\/p>\n<p class=\"voc-p\" style=\"\">&#8216;Las hijas de la criada&#8217; estar\u00e1 disponible desde<strong> este domingo, 30 de noviembre<\/strong>, en <strong>Atresplayer<\/strong>, el servicio streaming de Atresmedia. Posteriormente, la serie llegar\u00e1 al prime time de Antena 3, aunque se desconoce todav\u00eda la fecha.<\/p>\n<p class=\"voc-p\" style=\"\">La serie, basada en la exitosa novela de Sonsoles \u00d3nega, est\u00e1 compuesta por un total de <strong>8 episodios<\/strong> de 50 minutos cada uno. El rodaje de la ficci\u00f3n se produjo en la primera mitad de 2025 en Galicia, Madrid y Canarias.<\/p>\n","protected":false},"excerpt":{"rendered":"Sonsoles \u00d3nega es una de las presentadoras de televisi\u00f3n m\u00e1s populares de nuestro pa\u00eds. Sin embargo, m\u00e1s all\u00e1&hellip;\n","protected":false},"author":2,"featured_media":263814,"comment_status":"","ping_status":"","sticky":false,"template":"","format":"standard","meta":{"footnotes":""},"categories":[91],"tags":[7770,1643,146,147,25,24,1719,5241,1642,315,1645,1647,5635,843,156,1646,23,809],"class_list":{"0":"post-263813","1":"post","2":"type-post","3":"status-publish","4":"format-standard","5":"has-post-thumbnail","7":"category-entretenimiento","8":"tag-basada","9":"tag-criada","10":"tag-entertainment","11":"tag-entretenimiento","12":"tag-es","13":"tag-espana","14":"tag-estrena","15":"tag-ganadora","16":"tag-hijas","17":"tag-hoy","18":"tag-novela","19":"tag-onega","20":"tag-planeta","21":"tag-premio","22":"tag-serie","23":"tag-sonsoles","24":"tag-spain","25":"tag-ver"},"share_on_mastodon":{"url":"https:\/\/pubeurope.com\/@es\/115639210813528122","error":""},"_links":{"self":[{"href":"https:\/\/www.europesays.com\/es\/wp-json\/wp\/v2\/posts\/263813","targetHints":{"allow":["GET"]}}],"collection":[{"href":"https:\/\/www.europesays.com\/es\/wp-json\/wp\/v2\/posts"}],"about":[{"href":"https:\/\/www.europesays.com\/es\/wp-json\/wp\/v2\/types\/post"}],"author":[{"embeddable":true,"href":"https:\/\/www.europesays.com\/es\/wp-json\/wp\/v2\/users\/2"}],"replies":[{"embeddable":true,"href":"https:\/\/www.europesays.com\/es\/wp-json\/wp\/v2\/comments?post=263813"}],"version-history":[{"count":0,"href":"https:\/\/www.europesays.com\/es\/wp-json\/wp\/v2\/posts\/263813\/revisions"}],"wp:featuredmedia":[{"embeddable":true,"href":"https:\/\/www.europesays.com\/es\/wp-json\/wp\/v2\/media\/263814"}],"wp:attachment":[{"href":"https:\/\/www.europesays.com\/es\/wp-json\/wp\/v2\/media?parent=263813"}],"wp:term":[{"taxonomy":"category","embeddable":true,"href":"https:\/\/www.europesays.com\/es\/wp-json\/wp\/v2\/categories?post=263813"},{"taxonomy":"post_tag","embeddable":true,"href":"https:\/\/www.europesays.com\/es\/wp-json\/wp\/v2\/tags?post=263813"}],"curies":[{"name":"wp","href":"https:\/\/api.w.org\/{rel}","templated":true}]}}