{"id":263817,"date":"2025-11-30T14:52:08","date_gmt":"2025-11-30T14:52:08","guid":{"rendered":"https:\/\/www.europesays.com\/es\/263817\/"},"modified":"2025-11-30T14:52:08","modified_gmt":"2025-11-30T14:52:08","slug":"la-paralizacion-de-los-a320-apenas-afecto-a-europa-preferente-com","status":"publish","type":"post","link":"https:\/\/www.europesays.com\/es\/263817\/","title":{"rendered":"La paralizaci\u00f3n de los A320 apenas afect\u00f3 a Europa &#8211; Preferente.com"},"content":{"rendered":"<ol>\n<li><a href=\"https:\/\/news.google.com\/rss\/articles\/CBMi0gFBVV95cUxPQy0tbW9mSGJyTGZjVS1qX1hJYS1nNnBEVGJzSU04OERFUUtjb0w1RXloVjAxSWhtcjhWZ2hqS05TcG1fbVhsSldabFM4TFRnV3JBNWJvQURfS21HaDJlQkZqUHFPbHU3WlhUaW9BMmw1bWpES2VIS0xOaFlmQWN5UG5UMTB1eGdaQmYxVjlqT0hMMXluRktzUVlHaUZWRmpnWEhlWnd4RFFFUmhoejdfZk5CZEtaQm9SOTNnZnFqaDd1czV2SHMtVGdUU21Od2FSemc?oc=5\" target=\"_blank\" rel=\"nofollow noopener\">La paralizaci\u00f3n de los A320 apenas afect\u00f3 a Europa<\/a>&nbsp;&nbsp;Preferente.com<\/li>\n<li><a href=\"https:\/\/news.google.com\/rss\/articles\/CBMingFBVV95cUxNV25EdDNQUDV0RkRIeXB4Zm5Za04zLWZiY3hUNHpJNUt4WlYwUVdMT1FTVG1URkdRM1NvdHhKNWJEWUZBMVk1OHJjaVdpb2FhdEYyUVQwVzdELU42bkl6cTM2TjBkWjQyNnFXOVFJUVE4dDJhb3Fsc3NueEZJSWk2UE44c2s5M1R5aFlVNEUxNVRiQklNVHpCRWlmZy1ZQdIBowFBVV95cUxNZ3d4d0FtcjVWemZYcjVXTEd4MkVESmplN3RtUndTby1lTk1CcDE5dl84VGxXMnNDZEh0TDJzM1laQ21hc2RsdF9JbWxnV0V1d0F3a1dpYkV5YW1Jci1ueVB0UVlBb3M2Q1FqQVNhOVgyeDdCVlNTNGlEaWUxbi05NjliaXNQeEJEWHR6dWtYUnlJZ0ZPSnVJTUtLUVZUR3diUUln?oc=5\" target=\"_blank\" rel=\"nofollow noopener\">Airbus sustituir\u00e1 un programa de vuelo en la mitad de sus A320, los m\u00e1s vendidos<\/a>&nbsp;&nbsp;El Confidencial<\/li>\n<li><a href=\"https:\/\/news.google.com\/rss\/articles\/CBMirwFBVV95cUxOX0hyWWE4cWMtb1FGLWVxa0o3WWUyQjF6aVEwQ2JXSmNYMkI3TVRSWm1CYy1rUllOMW50QzhoWm44VGZJdUNuSDNxLXA2OTdJb2l1X2RMRi1EeDVQd1ZyMVNRZXJUVmpDMG9paDBiQVpWSFVHSkhIb1NBUFFSYk1MYW1lbTlUcWMxNWRZZ2FOT3VwclhfVFo5ZzFYSThEcVBjWTFZaldOaUNIbzRJc0Jr?oc=5\" target=\"_blank\" rel=\"nofollow noopener\">El fallo tecnol\u00f3gico que dej\u00f3 en tierra al avi\u00f3n m\u00e1s vendido<\/a>&nbsp;&nbsp;La Verdad<\/li>\n<li><a href=\"https:\/\/news.google.com\/rss\/articles\/CBMiywFBVV95cUxQSEh3YnVVdmFOa253Q1hTc3BuOWVRWU9iSG45Wi1qNWtoZHJ1ZWF0R09jRVlyeTNpWVVwWXNGVGI1WWllcjY3SUtCYk1GYTRkM0VmcDQxN2Nhc0lLVk5KUXRYSmIxekJEeEV2blhwR0xjZzlDVVBvTlNnZzZURGN0bUl6ankyVnpJZTVMbnowVU5ZamN5Y09ET0VyMHJpbllXU1FLaGh4RGJwZjJQVEpuMzF0bUItVkhLSVF1YXZnMjlZU2VpU1BfZk5BONIB0AFBVV95cUxOZmViSW5XUjlQWVE2b2NzV2h2ZU5rSTZ4MGM0YmVWTExXTmJtVjQ3NGU5LUt5MkNMbW9wUVFYZy1uYlYzR2kzaEVsQWJkbzFTQjJnSlB3QVdXT1B5NnlpRklNcUprTnFnZ1QwSFRpMjhsemVqUXlJWXZGQ1E5ZldqenVhUUNvR3M0Ym5oNXcxdlAyTXdRMWNILWxFejVkaDAyNXFWMFFPa3pJSXFZSXh4bmRKM2xUV1RSQU5fR3k2aXhueWxWNXR5c1VZVEdBXzVx?oc=5\" target=\"_blank\" rel=\"nofollow noopener\">La revisi\u00f3n de 6.000 aviones Airbus A320 es un inquietante recordatorio de que nuestra tecnolog\u00eda est\u00e1 a&#8230;<\/a>&nbsp;&nbsp;Xataka<\/li>\n<li><a href=\"https:\/\/news.google.com\/rss\/articles\/CBMifEFVX3lxTE5ycjN6aEJVQ2FZSGZHUVB5WHdhbUIyY19XOXFoUk1VcFhaWW15VG04OWJhYUwtbldUSVZXcS1ibmVmSXU3UlhtUzhNdHRnNFVaMTRhLVd2NWEzU29VZjdSLXVRMFNmeXFRZ0k0dDVUSGpEMkQ1aFdOdEpGZGPSAXxBVV95cUxNUDlYT3JvZEhoa3hOSjlrblhPZ19YLTd0dVFxNWZrV2wyQmtmUXVLQklpRnZ3R2UzOXRmQ014RmlnVlIzNjZrQUh1OTJLcjg3by1NMDRpU2F4LXNDdDFfWlVOOGNUaEk1aElIbW5sOE83LUhQNENTWkVrTzdH?oc=5\" target=\"_blank\" rel=\"nofollow noopener\">El avi\u00f3n A320 en el que viaja el papa Le\u00f3n XIV a Turqu\u00eda y el L\u00edbano, afectado por el fallo detectado por Airbus<\/a>&nbsp;&nbsp;El Mundo<\/li>\n<\/ol>\n","protected":false},"excerpt":{"rendered":"La paralizaci\u00f3n de los A320 apenas afect\u00f3 a Europa&nbsp;&nbsp;Preferente.com Airbus sustituir\u00e1 un programa de vuelo en la mitad&hellip;\n","protected":false},"author":2,"featured_media":263818,"comment_status":"","ping_status":"","sticky":false,"template":"","format":"standard","meta":{"footnotes":""},"categories":[80],"tags":[82,95,94,25,24,23],"class_list":{"0":"post-263817","1":"post","2":"type-post","3":"status-publish","4":"format-standard","5":"has-post-thumbnail","7":"category-economia","8":"tag-business","9":"tag-economia","10":"tag-economy","11":"tag-es","12":"tag-espana","13":"tag-spain"},"share_on_mastodon":{"url":"https:\/\/pubeurope.com\/@es\/115639218627246398","error":""},"_links":{"self":[{"href":"https:\/\/www.europesays.com\/es\/wp-json\/wp\/v2\/posts\/263817","targetHints":{"allow":["GET"]}}],"collection":[{"href":"https:\/\/www.europesays.com\/es\/wp-json\/wp\/v2\/posts"}],"about":[{"href":"https:\/\/www.europesays.com\/es\/wp-json\/wp\/v2\/types\/post"}],"author":[{"embeddable":true,"href":"https:\/\/www.europesays.com\/es\/wp-json\/wp\/v2\/users\/2"}],"replies":[{"embeddable":true,"href":"https:\/\/www.europesays.com\/es\/wp-json\/wp\/v2\/comments?post=263817"}],"version-history":[{"count":0,"href":"https:\/\/www.europesays.com\/es\/wp-json\/wp\/v2\/posts\/263817\/revisions"}],"wp:featuredmedia":[{"embeddable":true,"href":"https:\/\/www.europesays.com\/es\/wp-json\/wp\/v2\/media\/263818"}],"wp:attachment":[{"href":"https:\/\/www.europesays.com\/es\/wp-json\/wp\/v2\/media?parent=263817"}],"wp:term":[{"taxonomy":"category","embeddable":true,"href":"https:\/\/www.europesays.com\/es\/wp-json\/wp\/v2\/categories?post=263817"},{"taxonomy":"post_tag","embeddable":true,"href":"https:\/\/www.europesays.com\/es\/wp-json\/wp\/v2\/tags?post=263817"}],"curies":[{"name":"wp","href":"https:\/\/api.w.org\/{rel}","templated":true}]}}