{"id":26382,"date":"2025-08-05T03:29:08","date_gmt":"2025-08-05T03:29:08","guid":{"rendered":"https:\/\/www.europesays.com\/es\/26382\/"},"modified":"2025-08-05T03:29:08","modified_gmt":"2025-08-05T03:29:08","slug":"voy-a-contestar-en-valenciano-te-jodes","status":"publish","type":"post","link":"https:\/\/www.europesays.com\/es\/26382\/","title":{"rendered":"Voy a contestar en valenciano, te jodes"},"content":{"rendered":"<p class=\"c-paragraph\">El primer pleno ordinario del nuevo gobierno de coalici\u00f3n entre PSPV-PSOE y Comprom\u00eds en Paiporta, celebrado el pasado jueves, <b>termin\u00f3 envuelto en una pol\u00e9mica por el uso del valenciano.<\/b> El desencadenante fue una pregunta realizada por una vecina durante el turno de ruegos y preguntas, recoge <a href=\"https:\/\/www.levante-emv.com\/horta\/2025\/08\/04\/polemica-paiporta-ahora-jodes-contestar-120338981.html\" rel=\"noreferrer nofollow noopener\" target=\"_blank\">Levante<\/a>. La ciudadana, que se expres\u00f3 en castellano, plante\u00f3 dudas sobre la reducci\u00f3n del tama\u00f1o de un parque para perros.\u00a0<\/p>\n<p class=\"c-paragraph\">El concejal de Urbanismo, Alejandro S\u00e1nchez (PSPV),<b> respondi\u00f3 en valenciano y rechaz\u00f3 cambiar al castellano pese a la petici\u00f3n expresa de la vecina<\/b>. \u00abSi vives toda la vida en Paiporta, debes entender valenciano\u00bb, argument\u00f3 S\u00e1nchez. Pero su postura desat\u00f3 la indignaci\u00f3n de Daniel Furi\u00f3, concejal de Vox, quien le inst\u00f3 a responder en espa\u00f1ol: \u00abLas lenguas no sirven para dividir, sirven para comunicarse. Tenga educaci\u00f3n y sentido com\u00fan\u00bb.<\/p>\n<p class=\"c-paragraph\">El edil socialista insisti\u00f3 en su derecho a expresarse en cualquiera de las dos lenguas oficiales de la Comunitat Valenciana y, ante las interrupciones de Furi\u00f3, respondi\u00f3: <b>\u00abAhora voy a contestar en valenciano, te jodes\u00bb.<\/b> El comentario provoc\u00f3 un reproche inmediato por parte del alcalde y dej\u00f3 la pregunta de la vecina sin responder.\u00a0<\/p>\n<p class=\"c-paragraph\">La reacci\u00f3n del Partido Popular no se hizo esperar y el grupo municipal ha anunciado que<b> presentar\u00e1 una moci\u00f3n en el pr\u00f3ximo pleno para reprobar a Alejandro S\u00e1nchez <\/b>y ha pedido su cese de cualquier responsabilidad de gobierno. Tambi\u00e9n presentar\u00e1 otra moci\u00f3n para que el Ayuntamiento garantice el biling\u00fcismo en todas sus comunicaciones y actividades oficiales.<\/p>\n<p class=\"c-paragraph\">El PSPV de Paiporta ha cerrado filas en torno a S\u00e1nchez y acusa a Vox de una<b> \u00abestrategia de tensi\u00f3n de la ultraderecha\u00bb.<\/b> Los socialistas denuncian interrupciones sistem\u00e1ticas de Furi\u00f3 durante la sesi\u00f3n y aseguran que sus intervenciones est\u00e1n plagadas de proclamas \u00abanticonstitucionales y xenofobia\u00bb.<\/p>\n","protected":false},"excerpt":{"rendered":"El primer pleno ordinario del nuevo gobierno de coalici\u00f3n entre PSPV-PSOE y Comprom\u00eds en Paiporta, celebrado el pasado&hellip;\n","protected":false},"author":2,"featured_media":26383,"comment_status":"","ping_status":"","sticky":false,"template":"","format":"standard","meta":{"footnotes":""},"categories":[8],"tags":[17,18,25,24,13,14,11,19,20,9,10,15,16,13067,2464,23,12,21,22],"class_list":{"0":"post-26382","1":"post","2":"type-post","3":"status-publish","4":"format-standard","5":"has-post-thumbnail","7":"category-espana","8":"tag-breaking-news","9":"tag-breakingnews","10":"tag-es","11":"tag-espana","12":"tag-featured-news","13":"tag-featurednews","14":"tag-headlines","15":"tag-latest-news","16":"tag-latestnews","17":"tag-news","18":"tag-noticias","19":"tag-noticias-destacadas","20":"tag-noticiasdestacadas","21":"tag-paiporta","22":"tag-pleno","23":"tag-spain","24":"tag-titulares","25":"tag-ultimas-noticias","26":"tag-ultimasnoticias"},"share_on_mastodon":{"url":"","error":""},"_links":{"self":[{"href":"https:\/\/www.europesays.com\/es\/wp-json\/wp\/v2\/posts\/26382","targetHints":{"allow":["GET"]}}],"collection":[{"href":"https:\/\/www.europesays.com\/es\/wp-json\/wp\/v2\/posts"}],"about":[{"href":"https:\/\/www.europesays.com\/es\/wp-json\/wp\/v2\/types\/post"}],"author":[{"embeddable":true,"href":"https:\/\/www.europesays.com\/es\/wp-json\/wp\/v2\/users\/2"}],"replies":[{"embeddable":true,"href":"https:\/\/www.europesays.com\/es\/wp-json\/wp\/v2\/comments?post=26382"}],"version-history":[{"count":0,"href":"https:\/\/www.europesays.com\/es\/wp-json\/wp\/v2\/posts\/26382\/revisions"}],"wp:featuredmedia":[{"embeddable":true,"href":"https:\/\/www.europesays.com\/es\/wp-json\/wp\/v2\/media\/26383"}],"wp:attachment":[{"href":"https:\/\/www.europesays.com\/es\/wp-json\/wp\/v2\/media?parent=26382"}],"wp:term":[{"taxonomy":"category","embeddable":true,"href":"https:\/\/www.europesays.com\/es\/wp-json\/wp\/v2\/categories?post=26382"},{"taxonomy":"post_tag","embeddable":true,"href":"https:\/\/www.europesays.com\/es\/wp-json\/wp\/v2\/tags?post=26382"}],"curies":[{"name":"wp","href":"https:\/\/api.w.org\/{rel}","templated":true}]}}