{"id":263820,"date":"2025-11-30T14:54:07","date_gmt":"2025-11-30T14:54:07","guid":{"rendered":"https:\/\/www.europesays.com\/es\/263820\/"},"modified":"2025-11-30T14:54:07","modified_gmt":"2025-11-30T14:54:07","slug":"el-psoe-arremete-contra-la-estrategia-de-pp-y-vox-y-los-acusa-de-perjudicar-a-la-mayoria-social-politica","status":"publish","type":"post","link":"https:\/\/www.europesays.com\/es\/263820\/","title":{"rendered":"El PSOE arremete contra la estrategia de PP y Vox y los acusa de \u00abperjudicar a la mayor\u00eda social\u00bb | Pol\u00edtica"},"content":{"rendered":"<p class=\"loc\">Madrid<\/p>\n<p> El ministro de la Presidencia, F\u00e9lix Bola\u00f1os, ha asegurado este domingo desde Lig\u00fcerre de Cinca (Huesca) que el PP y Vox compiten \u00abpor ver qui\u00e9n la dice m\u00e1s gorda de Pedro S\u00e1nchez\u00bb y ha destacado que ambos partidos \u00abtienen la misma falta de proyecto\u00bb para Espa\u00f1a.<\/p>\n<p>As\u00ed lo ha puesto de manifiesto en un debate moderado por el secretario general del PSOE del Alto Arag\u00f3n, Fernando Sab\u00e9s, junto a la ministra de Educaci\u00f3n y portavoz del Gobierno y secretaria general de los socialistas aragoneses, Pilar Alegr\u00eda, que ha servido para clausurar las XIX Jornadas Socialistas Gobierno de Progreso: Espa\u00f1a y Arag\u00f3n. <\/p>\n<p>M\u00e1s informaci\u00f3n<\/p>\n<p>En su intervenci\u00f3n, Bola\u00f1os ha calificado como estrategia deliberada el uso del insulto, la difamaci\u00f3n y la mentira por parte de la derecha y la ultraderecha, para que \u201cque no se hable de lo que hacen cuando gobiernan, que es perjudicar a la mayor\u00eda social\u201d.<\/p>\n<p>El ministro considera asimismo que la <a href=\"https:\/\/cadenaser.com\/nacional\/2025\/11\/30\/el-pp-se-moviliza-en-la-calle-para-intensificar-su-presion-sobre-el-gobierno-cadena-ser\/\" target=\"_blank\" rel=\"nofollow noopener\" title=\"https:\/\/cadenaser.com\/nacional\/2025\/11\/30\/el-pp-se-moviliza-en-la-calle-para-intensificar-su-presion-sobre-el-gobierno-cadena-ser\/\">movilizaci\u00f3n convocada este domingo<\/a> en el templo de Debod en Madrid por el PP responde a esta t\u00e1ctica de ruido: \u00abHoy saldr\u00e1n, dir\u00e1n cuatro burradas contra Pedro S\u00e1nchez y contra cualquiera de los que estemos por all\u00ed. Y ah\u00ed se quedar\u00e1n. Y eso impide que hagamos un debate de pol\u00edticas p\u00fablicas de verdad\u00bb.<\/p>\n<p>Seg\u00fan Bola\u00f1os, la estrategia de PP y Vox genera un \u00abcaldo de cultivo\u00bb que favorece que la ciudadan\u00eda perciba que todos los partidos son iguales y que opten por la antipol\u00edtica.<\/p>\n<p>\u00abLa derecha y la ultraderecha tiene mucha m\u00e1s facilidad porque nadie compara modelos y consiguen lo que pretenden: que haya personas que voten contra sus propios intereses\u00bb, ha advertido.<\/p>\n<p>El ministro ha insistido en que esta din\u00e1mica reproduce patrones vistos en otros pa\u00edses europeos, con la derecha moderada \u00abengullida\u00bb por la ultraderecha. <\/p>\n<p>Por su parte, Pilar Alegr\u00eda, quien ha reprochado no haber visto movilizaciones de dichos partidos en favor de la mejora de las condiciones laborales, de los salarios, la educaci\u00f3n, la sanidad o las becas, ha advertido que \u00ablo \u00fanico\u00bb que distingue en estos momentos a PP y Vox \u00abson las siglas del partido y d\u00f3nde se sientan cada uno en el Congreso y en el Senado\u201d y ha advertido que el resultado de esta estrategia es que \u201clos votos se los est\u00e1 llevando la ultraderecha de Vox\u00bb, en detrimento de la democracia y del pa\u00eds.<\/p>\n<p>Alegr\u00eda Pilar tambi\u00e9n ha aprovechado para criticar la designaci\u00f3n de un nuevo presidente de la Generalitat valenciana tras la dimisi\u00f3n de Carlos Maz\u00f3n sin convocar elecciones, un derecho, ha dicho, que \u00ablos valencianos se hab\u00edan ganado con dolor y sufrimiento\u00bb y que ha sido \u00abun pacto oscuro, no escrito en una servilleta pero s\u00ed alcanzado debajo de la mesa y a\u00fan desconocido\u00bb lo que \u00able ha impedido votar y elegir qu\u00e9 Gobierno quer\u00edan para su Comunidad Aut\u00f3noma\u00bb. <\/p>\n","protected":false},"excerpt":{"rendered":"Madrid El ministro de la Presidencia, F\u00e9lix Bola\u00f1os, ha asegurado este domingo desde Lig\u00fcerre de Cinca (Huesca) que&hellip;\n","protected":false},"author":2,"featured_media":263821,"comment_status":"","ping_status":"","sticky":false,"template":"","format":"standard","meta":{"footnotes":""},"categories":[8],"tags":[17,18,25,24,13,14,11,19,20,9,10,15,16,23,12,21,22],"class_list":{"0":"post-263820","1":"post","2":"type-post","3":"status-publish","4":"format-standard","5":"has-post-thumbnail","7":"category-espana","8":"tag-breaking-news","9":"tag-breakingnews","10":"tag-es","11":"tag-espana","12":"tag-featured-news","13":"tag-featurednews","14":"tag-headlines","15":"tag-latest-news","16":"tag-latestnews","17":"tag-news","18":"tag-noticias","19":"tag-noticias-destacadas","20":"tag-noticiasdestacadas","21":"tag-spain","22":"tag-titulares","23":"tag-ultimas-noticias","24":"tag-ultimasnoticias"},"share_on_mastodon":{"url":"https:\/\/pubeurope.com\/@es\/115639226717653271","error":""},"_links":{"self":[{"href":"https:\/\/www.europesays.com\/es\/wp-json\/wp\/v2\/posts\/263820","targetHints":{"allow":["GET"]}}],"collection":[{"href":"https:\/\/www.europesays.com\/es\/wp-json\/wp\/v2\/posts"}],"about":[{"href":"https:\/\/www.europesays.com\/es\/wp-json\/wp\/v2\/types\/post"}],"author":[{"embeddable":true,"href":"https:\/\/www.europesays.com\/es\/wp-json\/wp\/v2\/users\/2"}],"replies":[{"embeddable":true,"href":"https:\/\/www.europesays.com\/es\/wp-json\/wp\/v2\/comments?post=263820"}],"version-history":[{"count":0,"href":"https:\/\/www.europesays.com\/es\/wp-json\/wp\/v2\/posts\/263820\/revisions"}],"wp:featuredmedia":[{"embeddable":true,"href":"https:\/\/www.europesays.com\/es\/wp-json\/wp\/v2\/media\/263821"}],"wp:attachment":[{"href":"https:\/\/www.europesays.com\/es\/wp-json\/wp\/v2\/media?parent=263820"}],"wp:term":[{"taxonomy":"category","embeddable":true,"href":"https:\/\/www.europesays.com\/es\/wp-json\/wp\/v2\/categories?post=263820"},{"taxonomy":"post_tag","embeddable":true,"href":"https:\/\/www.europesays.com\/es\/wp-json\/wp\/v2\/tags?post=263820"}],"curies":[{"name":"wp","href":"https:\/\/api.w.org\/{rel}","templated":true}]}}