{"id":263830,"date":"2025-11-30T15:05:10","date_gmt":"2025-11-30T15:05:10","guid":{"rendered":"https:\/\/www.europesays.com\/es\/263830\/"},"modified":"2025-11-30T15:05:10","modified_gmt":"2025-11-30T15:05:10","slug":"ojala-pueda-recuperar-ese-carino-y-esa-relacion","status":"publish","type":"post","link":"https:\/\/www.europesays.com\/es\/263830\/","title":{"rendered":"Ojal\u00e1 pueda recuperar ese cari\u00f1o y esa relaci\u00f3n"},"content":{"rendered":"<p class=\"ft-text\">Las entrevistas de <a class=\"ft-link ft-link--decoration\" href=\"https:\/\/www.lne.es\/tags\/kiko-rivera\/\" rel=\"nofollow noopener\" target=\"_blank\"><strong>Kiko Rivera<\/strong><\/a> e Isa Pantoja en &#8216;\u00a1De viernes!&#8217; han dado mucho que hablar en los plat\u00f3s de televisi\u00f3n en las \u00faltimas semanas y parece que los hermanos est\u00e1n m\u00e1s cerca que nunca a una posible reconciliaci\u00f3n despu\u00e9s de a\u00f1os sin saber el uno del otro.<\/p>\n<p class=\"ft-text\"><strong>La &#8216;no relaci\u00f3n&#8217; <\/strong>con la tonadillera parece que les puede unir, pero sobre todo el perd\u00f3n del dj a su hermana por el comportamiento que tuvo con ella en su adolescencia han sido piezas claves en este acercamiento.<\/p>\n<p class=\"ft-text\"><a class=\"ft-link ft-link--decoration\" href=\"https:\/\/www.lne.es\/tags\/emma-garcia\/\" rel=\"nofollow noopener\" target=\"_blank\"><strong>Emma Garc\u00eda<\/strong><\/a> ha sido la \u00faltima persona en opinar sobre la delicada situaci\u00f3n que atraviesan y ha asegurado que \u00abojal\u00e1\u00bb se produzca esa reconciliaci\u00f3n entre los hermanos: \u00abQ<strong>ue se acerquen, hablen, pongan todas sus experiencias y situaciones sobre la mesa y consigan ese acercamiento, consigan perdonarse ellos y perdonar\u00bb.<\/strong><\/p>\n<p class=\"ft-text\">A pesar de lo distanciados que han estado en los \u00faltimos a\u00f1os, la presentadora de &#8216;Fiesta&#8217; cree que \u00abse quieren, pero han pasado mucho y han sido v\u00edctimas, la primera Isa Pi y luego todos los dem\u00e1s&#8230; <strong>y ojal\u00e1 la madre, ya voy a hablar de madre, no de cantante, pueda alg\u00fan d\u00eda recuperar ese cari\u00f1o y esa relaci\u00f3n\u00bb.<\/strong><\/p>\n","protected":false},"excerpt":{"rendered":"Las entrevistas de Kiko Rivera e Isa Pantoja en &#8216;\u00a1De viernes!&#8217; han dado mucho que hablar en los&hellip;\n","protected":false},"author":2,"featured_media":263831,"comment_status":"","ping_status":"","sticky":false,"template":"","format":"standard","meta":{"footnotes":""},"categories":[174],"tags":[65558,3629,255,12525,6923,146,147,2958,25,24,256,3142,4596,12466,2397,23,807],"class_list":{"0":"post-263830","1":"post","2":"type-post","3":"status-publish","4":"format-standard","5":"has-post-thumbnail","7":"category-famosos","8":"tag-acercamiento","9":"tag-adolescencia","10":"tag-celebrities","11":"tag-emma","12":"tag-emma-garcia","13":"tag-entertainment","14":"tag-entretenimiento","15":"tag-entrevistas","16":"tag-es","17":"tag-espana","18":"tag-famosos","19":"tag-garcia","20":"tag-habla","21":"tag-kiko-rivera","22":"tag-posible","23":"tag-spain","24":"tag-television"},"share_on_mastodon":{"url":"https:\/\/pubeurope.com\/@es\/115639269647290147","error":""},"_links":{"self":[{"href":"https:\/\/www.europesays.com\/es\/wp-json\/wp\/v2\/posts\/263830","targetHints":{"allow":["GET"]}}],"collection":[{"href":"https:\/\/www.europesays.com\/es\/wp-json\/wp\/v2\/posts"}],"about":[{"href":"https:\/\/www.europesays.com\/es\/wp-json\/wp\/v2\/types\/post"}],"author":[{"embeddable":true,"href":"https:\/\/www.europesays.com\/es\/wp-json\/wp\/v2\/users\/2"}],"replies":[{"embeddable":true,"href":"https:\/\/www.europesays.com\/es\/wp-json\/wp\/v2\/comments?post=263830"}],"version-history":[{"count":0,"href":"https:\/\/www.europesays.com\/es\/wp-json\/wp\/v2\/posts\/263830\/revisions"}],"wp:featuredmedia":[{"embeddable":true,"href":"https:\/\/www.europesays.com\/es\/wp-json\/wp\/v2\/media\/263831"}],"wp:attachment":[{"href":"https:\/\/www.europesays.com\/es\/wp-json\/wp\/v2\/media?parent=263830"}],"wp:term":[{"taxonomy":"category","embeddable":true,"href":"https:\/\/www.europesays.com\/es\/wp-json\/wp\/v2\/categories?post=263830"},{"taxonomy":"post_tag","embeddable":true,"href":"https:\/\/www.europesays.com\/es\/wp-json\/wp\/v2\/tags?post=263830"}],"curies":[{"name":"wp","href":"https:\/\/api.w.org\/{rel}","templated":true}]}}