{"id":263832,"date":"2025-11-30T15:08:09","date_gmt":"2025-11-30T15:08:09","guid":{"rendered":"https:\/\/www.europesays.com\/es\/263832\/"},"modified":"2025-11-30T15:08:09","modified_gmt":"2025-11-30T15:08:09","slug":"mediaset-planea-resucitar-otro-formato-del-pasado-con-este-insolito-presentador-como-candidato-favorito","status":"publish","type":"post","link":"https:\/\/www.europesays.com\/es\/263832\/","title":{"rendered":"Mediaset planea resucitar otro formato del pasado con este ins\u00f3lito presentador como candidato favorito"},"content":{"rendered":"<p>Mediaset no para de mirar al pasado. Si hace unos d\u00edas conoc\u00edamos que el grupo trabaja en la<a href=\"https:\/\/eltelevisero.huffingtonpost.es\/2025\/11\/telecinco-cancela-agarrate-al-sillon-definitivamente-tras-su-fiasco-total-y-mira-al-pasado-con-el-precio-justo\/\" data-type=\"link\" data-id=\"https:\/\/eltelevisero.huffingtonpost.es\/2025\/11\/telecinco-cancela-agarrate-al-sillon-definitivamente-tras-su-fiasco-total-y-mira-al-pasado-con-el-precio-justo\/\" rel=\"nofollow noopener\" target=\"_blank\"> vuelta de &#8216;El precio justo&#8217;<\/a>, ahora Poco Pasa TV avanza que el grupo ha grabado el piloto de la vuelta de &#8216;Te vas a enterar&#8217;.<\/p>\n<p>&#8216;Te vas a enterar&#8217; fue un formato de actualidad que emiti\u00f3 Cuatro en sus tardes en 2012 con Producciones Mandarina y con Eduardo Blanco, actual director de Entretenimiento y Actualidad de Mediaset, como director. En su primera etapa fueron \u00c1lvaro de la Lama y Jes\u00fas Gallego los presentadores y posteriormente tras la salida del segundo fue Ana Rodr\u00edguez la que ocup\u00f3 su lugar.<\/p>\n<p>Ahora, seg\u00fan avanza Poco Pasa TV, Mediaset ha grabado el piloto para el regreso de &#8216;Te vas a enterar&#8217;, que no tendr\u00eda por ahora cerrado ni la cadena ni el horario de emisi\u00f3n. Y al frente de dicho programa piloto se puso el periodista <strong>Javier Chicote<\/strong>, jefe de investigaci\u00f3n de ABC y habitual colaborador de &#8216;Todo es mentira&#8217;, entre otros, que debutar\u00eda as\u00ed como presentador. <\/p>\n<p>Javier Chicote, el favorito para el regreso de &#8216;Te vas a enterar&#8217; <\/p>\n<p><img loading=\"lazy\" decoding=\"async\" width=\"1200\" height=\"677\" src=\"data:image\/svg+xml,%3Csvg%20xmlns=\" http:=\"\" alt=\"\" class=\"wp-image-924838\" data-lazy- data-lazy- data-lazy-src=\"https:\/\/www.europesays.com\/es\/wp-content\/uploads\/2025\/11\/sarah-chicote-aleman-jamardo-min.jpg\"\/><\/p>\n<p>No obstante, aunque el favorito para ponerse al frente de la nueva etapa de &#8216;Te vas a enterar&#8217;, todo apunta a que la intenci\u00f3n es que fueran dos presentadores hombres los que se pusieran al frente como en su primera etapa en Cuatro. <\/p>\n<p>Por otro lado, Poco Pasa TV tambi\u00e9n avanza otros rostros que habr\u00edan sido testados como copresentadores y colaboradores con nombres muy sorprendentes. Entre ellos estar\u00edan dos habituales presentadores del grupo como <strong>David Aleman<\/strong> (&#8216;C\u00f3digo 10&#8217;) y <strong>Jano Mecha<\/strong> (&#8216;El programa de Ana Rosa&#8217;) as\u00ed como <strong>Sarah Santaolalla<\/strong> (&#8216;En boca de todos&#8217;, &#8216;Malas Lenguas&#8217;, &#8216;Ma\u00f1aneros 360&#8217;) o <strong>Mar\u00eda Jamardo<\/strong>, jefa de tribunales de El Debate y habitual colaboradora de &#8216;El tiempo justo&#8217; o &#8216;C\u00f3digo 10&#8217;. <\/p>\n<p>Otros rostros que han sido testados por Producciones Mandarina para el regreso de &#8216;Te vas a enterar&#8217; son <strong>Ricardo Altable<\/strong>, presentador de Telemadrid;  <strong>Jos\u00e9 de la Morena<\/strong>, jefe de Econom\u00eda de Ok Diario; <strong>Javier Li\u00e9bana<\/strong>, de la SER; o las reporteras de &#8216;En boca de todos&#8217; <strong>Clara Murillo y Leticia Santos.<\/strong><\/p>\n","protected":false},"excerpt":{"rendered":"Mediaset no para de mirar al pasado. Si hace unos d\u00edas conoc\u00edamos que el grupo trabaja en la&hellip;\n","protected":false},"author":2,"featured_media":263833,"comment_status":"","ping_status":"","sticky":false,"template":"","format":"standard","meta":{"footnotes":""},"categories":[171],"tags":[146,147,25,24,23,214],"class_list":{"0":"post-263832","1":"post","2":"type-post","3":"status-publish","4":"format-standard","5":"has-post-thumbnail","7":"category-tv","8":"tag-entertainment","9":"tag-entretenimiento","10":"tag-es","11":"tag-espana","12":"tag-spain","13":"tag-tv"},"share_on_mastodon":{"url":"https:\/\/pubeurope.com\/@es\/115639281669924875","error":""},"_links":{"self":[{"href":"https:\/\/www.europesays.com\/es\/wp-json\/wp\/v2\/posts\/263832","targetHints":{"allow":["GET"]}}],"collection":[{"href":"https:\/\/www.europesays.com\/es\/wp-json\/wp\/v2\/posts"}],"about":[{"href":"https:\/\/www.europesays.com\/es\/wp-json\/wp\/v2\/types\/post"}],"author":[{"embeddable":true,"href":"https:\/\/www.europesays.com\/es\/wp-json\/wp\/v2\/users\/2"}],"replies":[{"embeddable":true,"href":"https:\/\/www.europesays.com\/es\/wp-json\/wp\/v2\/comments?post=263832"}],"version-history":[{"count":0,"href":"https:\/\/www.europesays.com\/es\/wp-json\/wp\/v2\/posts\/263832\/revisions"}],"wp:featuredmedia":[{"embeddable":true,"href":"https:\/\/www.europesays.com\/es\/wp-json\/wp\/v2\/media\/263833"}],"wp:attachment":[{"href":"https:\/\/www.europesays.com\/es\/wp-json\/wp\/v2\/media?parent=263832"}],"wp:term":[{"taxonomy":"category","embeddable":true,"href":"https:\/\/www.europesays.com\/es\/wp-json\/wp\/v2\/categories?post=263832"},{"taxonomy":"post_tag","embeddable":true,"href":"https:\/\/www.europesays.com\/es\/wp-json\/wp\/v2\/tags?post=263832"}],"curies":[{"name":"wp","href":"https:\/\/api.w.org\/{rel}","templated":true}]}}