{"id":263839,"date":"2025-11-30T15:12:23","date_gmt":"2025-11-30T15:12:23","guid":{"rendered":"https:\/\/www.europesays.com\/es\/263839\/"},"modified":"2025-11-30T15:12:23","modified_gmt":"2025-11-30T15:12:23","slug":"si-sufres-estres-o-ansiedad-esta-fruta-puede-cambiarte","status":"publish","type":"post","link":"https:\/\/www.europesays.com\/es\/263839\/","title":{"rendered":"Si sufres estr\u00e9s o ansiedad, esta fruta puede cambiarte"},"content":{"rendered":"<p>\n        Los especialistas de la Cl\u00ednica Universidad de Navarra (CUN) explican que \u00abse define como <a href=\"https:\/\/www.noticiasdenavarra.com\/tags\/estres\/\" title=\"estr\u00e9s\" target=\"_blank\" class=\"link copy\" rel=\"nofollow noopener\"><strong>estr\u00e9s<\/strong><\/a> a aquella situaci\u00f3n distinta que vive un individuo, la cual le <strong>exige un rendimiento superior a lo normal<\/strong>. Cualquier cosa, buena o mala, que produzca un cambio en la rutina de una persona le puede causar estr\u00e9s. Las causas m\u00e1s frecuentes son:\u00a0<strong>enfermedad<\/strong>, <strong>cambios hormonales <\/strong>en el organismo, <strong>exigirse demasiado<\/strong>, <strong>conflictos<\/strong> en el trabajo o en la familia, la altitud, el clima demasiado fr\u00edo o caliente y tomar responsabilidades por las acciones de otros\u00bb.\n<\/p>\n<p>  \u00abEl\u00a0<strong>estr\u00e9s<\/strong>\u00a0se relaciona con\u00a0cansancio<strong> y agotamiento, <\/strong>mientras que<strong>\u00a0la ansiedad provoca nerviosismo\u00bb<\/strong><\/p>\n<p class=\"article-body__text \">\n        La <a href=\"https:\/\/www.noticiasdenavarra.com\/tags\/ansiedad\/\" title=\"ansiedad\" target=\"_blank\" class=\"link copy\" rel=\"nofollow noopener\"><strong>ansiedad<\/strong><\/a>, por su parte, \u00abes una emoci\u00f3n normal que se experimenta en<strong> situaciones en las que el sujeto se siente amenazado por un peligro externo o interno<\/strong>. Es anormal cuando es desproporcionada y demasiado prolongada para el est\u00edmulo desencadenante\u00bb.\n<\/p>\n<p class=\"article-body__text \">\n        Asimismo, desde la Organizaci\u00f3n de Consumidores y Usuarios (<a href=\"https:\/\/www.noticiasdenavarra.com\/tags\/ocu\/\" title=\"OCU\" target=\"_blank\" class=\"link copy\" rel=\"nofollow noopener\"><strong>OCU<\/strong><\/a>) argumentan que \u00aba menudo se confunde qu\u00e9 se est\u00e1 sintiendo en cada momento, y muchas personas no saben si sienten estr\u00e9s o se encuentran en una situaci\u00f3n que les genera ansiedad.\u00a0<strong>A veces van de la mano<\/strong>\u00a0y suelen desencadenar reacciones parecidas, pero <strong>no son lo mismo<\/strong>, aunque son normales y afectan a muchas personas en distintas situaciones\u00bb.\n<\/p>\n<p class=\"article-body__text \">\n        Las principales diferencias a las que los expertos de la OCU hacen referencia son las siguientes: \u00abla interpretaci\u00f3n de la situaci\u00f3n,  el momento en el que aparecen, la experiencia de estr\u00e9s a veces es positiva, el miedo acompa\u00f1a a la ansiedad, no siempre al estr\u00e9s y los s\u00edntomas son distintos\u00bb. \u00abEl\u00a0<strong>estr\u00e9s<\/strong>\u00a0se relaciona m\u00e1s con\u00a0<a href=\"https:\/\/www.noticiasdenavarra.com\/tags\/cansancio\/\" title=\"cansancio\" target=\"_blank\" class=\"link copy\" rel=\"nofollow noopener\"><strong>cansancio<\/strong><\/a><strong> y agotamiento, <\/strong>mientras que<strong>\u00a0la ansiedad provoca nerviosismo<\/strong>, inquietud, etc.\u00bb, a\u00f1aden desde la OCU.\n<\/p>\n<p>  \u00abSi sufres estr\u00e9s o ansiedad, esta fruta puede cambiarte del todo en cuatro d\u00edas\u00bb<\/p>\n<p class=\"article-body__text \">\n        Con m\u00e1s de 77.000 visualizaciones y m\u00e1s de 4.400 me gustas, la publicaci\u00f3n del <strong>cardi\u00f3logo Aurelio Rojas<\/strong>, con nombre de usuario @doctorrojass, y que cuenta con m\u00e1s de un mill\u00f3n de seguidores en <a href=\"https:\/\/www.noticiasdenavarra.com\/tags\/instagram\/\" title=\"Instagram\" target=\"_blank\" class=\"link copy\" rel=\"nofollow noopener\"><strong>Instagram<\/strong><\/a> y m\u00e1s de 195.000 seguidores en TikTok, no ha dejado a nadie indiferente. En ella, el experto y creador de contenido habla de <strong>la mejor fruta para combatir el estr\u00e9s y la ansiedad. <\/strong>\n<\/p>\n<blockquote class=\"tiktok-embed\" cite=\"https:\/\/www.tiktok.com\/@doctorrojass\/video\/7575978445583306006\" data-video-id=\"7575978445583306006\" data-embed-from=\"oembed\" style=\"max-width:605px; min-width:325px;\"><p>  <a target=\"_blank\" title=\"@doctorrojass\" href=\"https:\/\/www.tiktok.com\/@doctorrojass?refer=embed\" rel=\"nofollow noopener\">@doctorrojass<\/a> <\/p>\n<p>Las 5 mejores frutas para combatir el estr\u00e9s (ordenadas de MENOS a M\u00c1S potentes seg\u00fan la evidencia cient\u00edfica) (y s\u00ed, el n\u00famero 1 te va a sorprender\u2026 aunque no deber\u00eda) Si hay algo que vemos cada d\u00eda en consulta es esto: la mayor\u00eda vive estresada, agotada\u2026 y no sabe que una parte de la soluci\u00f3n est\u00e1 en su nevera. Hoy quiero dejarte algo pr\u00e1ctico, r\u00e1pido y basado en ciencia: las 5 frutas m\u00e1s efectivas para reducir estr\u00e9s, mejorar tu estado de \u00e1nimo y potenciar tu energ\u00eda. Ordenadas de menor a mayor efecto. 5\ufe0f\u20e3 Ar\u00e1ndanos Riqu\u00edsimos en antocianinas. Ayudan a reducir la inflamaci\u00f3n sist\u00e9mica asociada al estr\u00e9s cr\u00f3nico y mejoran la funci\u00f3n cognitiva en situaciones de fatiga mental. 4\ufe0f\u20e3 Naranja \/ c\u00edtricos Los estudios cl\u00e1sicos muestran que la vitamina C reduce cortisol post-estr\u00e9s. Adem\u00e1s mejora la respuesta inmunitaria cuando el estr\u00e9s es sostenido. 3\ufe0f\u20e3 Pl\u00e1tano Alto en potasio y rico en tript\u00f3fano \u2192 precursor de serotonina. Ayuda a regular el sistema nervioso y mejorar el estado de \u00e1nimo cuando hay tensi\u00f3n o ansiedad. 2\ufe0f\u20e3 Aguacate Aunque no es dulce, es fruta. Rico en grasas monoinsaturadas y vitamina B6, clave para neurotransmisores del bienestar (serotonina, dopamina y GABA). Adem\u00e1s estabiliza glucosa \u2014&gt; menos picos \u2014&gt; menos estr\u00e9s. 1\ufe0f\u20e3 Kiwi El rey actual de la evidencia cient\u00edfica. En solo 4 d\u00edas mejora el estado de \u00e1nimo y la vitalidad\u2026 y en 2 semanas reduce estr\u00e9s, fatiga y mejora bienestar general hasta en un 60%. La combinaci\u00f3n \u00fanica de vitamina C + fibra + potasio + antioxidantes supera incluso a tomar solo vitamina C. Lo mejor: es una estrategia diaria que funciona, es barata, r\u00e1pida y no tiene efectos secundarios. <a title=\"fruta\" target=\"_blank\" href=\"https:\/\/www.tiktok.com\/tag\/fruta?refer=embed\" rel=\"nofollow noopener\">#fruta<\/a> <a title=\"estres\" target=\"_blank\" href=\"https:\/\/www.tiktok.com\/tag\/estres?refer=embed\" rel=\"nofollow noopener\">#estres<\/a> <a title=\"cortisol\" target=\"_blank\" href=\"https:\/\/www.tiktok.com\/tag\/cortisol?refer=embed\" rel=\"nofollow noopener\">#cortisol<\/a> <a title=\"vitaminac\" target=\"_blank\" href=\"https:\/\/www.tiktok.com\/tag\/vitaminac?refer=embed\" rel=\"nofollow noopener\">#vitaminac<\/a> <\/p>\n<p> <a target=\"_blank\" title=\"\u266c sonido original - Aurelio Rojas \ud83e\udde1 Cardi\u00f3logo\" href=\"https:\/\/www.tiktok.com\/music\/sonido-original-7575978471324371734?refer=embed\" rel=\"nofollow noopener\">\u266c sonido original &#8211; Aurelio Rojas \ud83e\udde1 Cardi\u00f3logo<\/a>  <\/p><\/blockquote>\n<p class=\"article-body__text \">\n        \u00abEsta fruta puede cambiarte por completo en tan solo cuatro d\u00edas, sobre todo si sufres <strong>estr\u00e9s o ansiedad<\/strong>. \u00bfY por qu\u00e9 funciona tan r\u00e1pido? Porque esta fruta es una bomba biol\u00f3gica natural. Vitamina C alt\u00edsima, fibra que regula tu sistema digestivo y tu eje intestino-cerebro, elevados niveles de potasio y antioxidantes que contrarrestan la inflamaci\u00f3n del estr\u00e9s. Atento, este estudio fue publicado en 2023, muy reciente en British Journal of Nutrition y esto es lo que los investigadores descubrieron. <strong>Consumir dos kiwis al d\u00eda<\/strong>, nada m\u00e1s que eso, solo dos, durante dos semanas, <strong>mejor\u00f3 el bienestar general en un 60%, redujo la fatiga y cansancio en un 35% y redujo significativamente los niveles de estr\u00e9s de los que lo consumieron<\/strong>. Y aqu\u00ed viene lo fuerte, este estudio mostr\u00f3 algo brutal, la vitamina C sola ayuda, s\u00ed, eso es algo que sab\u00edamos, pero el kiwi entero, por esta combinaci\u00f3n sin\u00e9rgica de nutrientes, mejora mucho m\u00e1s tu salud que consumir vitamina C sola. <strong>Energ\u00eda, \u00e1nimo, descanso y efectos secundarios, solo salud en cada mordisco<\/strong>\u00ab, explica de manera detallada el cardi\u00f3logo Aurelio Rojas.\n<\/p>\n<p>            <script async src=\"\/\/www.tiktok.com\/embed.js\"><\/script><\/p>\n","protected":false},"excerpt":{"rendered":"Los especialistas de la Cl\u00ednica Universidad de Navarra (CUN) explican que \u00abse define como estr\u00e9s a aquella situaci\u00f3n&hellip;\n","protected":false},"author":2,"featured_media":263840,"comment_status":"","ping_status":"","sticky":false,"template":"","format":"standard","meta":{"footnotes":""},"categories":[92],"tags":[4228,13087,65561,5532,65562,25,24,11909,12838,165,789,13088,166,23,65560,16377],"class_list":{"0":"post-263839","1":"post","2":"type-post","3":"status-publish","4":"format-standard","5":"has-post-thumbnail","7":"category-salud","8":"tag-ansiedad","9":"tag-aurelio","10":"tag-cambiarte","11":"tag-cardiologo","12":"tag-cuatro-dias","13":"tag-es","14":"tag-espana","15":"tag-estres","16":"tag-fruta","17":"tag-health","18":"tag-puede","19":"tag-rojas","20":"tag-salud","21":"tag-spain","22":"tag-sufres","23":"tag-todo"},"share_on_mastodon":{"url":"https:\/\/pubeurope.com\/@es\/115639297369287748","error":""},"_links":{"self":[{"href":"https:\/\/www.europesays.com\/es\/wp-json\/wp\/v2\/posts\/263839","targetHints":{"allow":["GET"]}}],"collection":[{"href":"https:\/\/www.europesays.com\/es\/wp-json\/wp\/v2\/posts"}],"about":[{"href":"https:\/\/www.europesays.com\/es\/wp-json\/wp\/v2\/types\/post"}],"author":[{"embeddable":true,"href":"https:\/\/www.europesays.com\/es\/wp-json\/wp\/v2\/users\/2"}],"replies":[{"embeddable":true,"href":"https:\/\/www.europesays.com\/es\/wp-json\/wp\/v2\/comments?post=263839"}],"version-history":[{"count":0,"href":"https:\/\/www.europesays.com\/es\/wp-json\/wp\/v2\/posts\/263839\/revisions"}],"wp:featuredmedia":[{"embeddable":true,"href":"https:\/\/www.europesays.com\/es\/wp-json\/wp\/v2\/media\/263840"}],"wp:attachment":[{"href":"https:\/\/www.europesays.com\/es\/wp-json\/wp\/v2\/media?parent=263839"}],"wp:term":[{"taxonomy":"category","embeddable":true,"href":"https:\/\/www.europesays.com\/es\/wp-json\/wp\/v2\/categories?post=263839"},{"taxonomy":"post_tag","embeddable":true,"href":"https:\/\/www.europesays.com\/es\/wp-json\/wp\/v2\/tags?post=263839"}],"curies":[{"name":"wp","href":"https:\/\/api.w.org\/{rel}","templated":true}]}}