{"id":263847,"date":"2025-11-30T15:16:09","date_gmt":"2025-11-30T15:16:09","guid":{"rendered":"https:\/\/www.europesays.com\/es\/263847\/"},"modified":"2025-11-30T15:16:09","modified_gmt":"2025-11-30T15:16:09","slug":"hong-kong-eleva-a-146-la-cifra-de-muertos-en-el-incendio-del-complejo-residencial-internacional","status":"publish","type":"post","link":"https:\/\/www.europesays.com\/es\/263847\/","title":{"rendered":"Hong Kong eleva a 146 la cifra de muertos en el incendio del complejo residencial | Internacional"},"content":{"rendered":"<p class=\"\">El balance de v\u00edctimas del <a href=\"https:\/\/elpais.com\/internacional\/2025-11-29\/un-superviviente-del-incendio-de-los-rascacielos-de-hong-kong-abri-la-puerta-y-el-humo-me-trago.html\" target=\"_self\" rel=\"nofollow noopener\" title=\"https:\/\/elpais.com\/internacional\/2025-11-29\/un-superviviente-del-incendio-de-los-rascacielos-de-hong-kong-abri-la-puerta-y-el-humo-me-trago.html\">devastador incendio del complejo residencial de Wang Fuk Court<\/a>, en Hong Kong, sigue creciendo a medida que avanzan las tareas de b\u00fasqueda. La Polic\u00eda hongkonesa ha elevado este domingo la cifra de fallecidos a 146, tras completar el rastreo de cuatro de las siete torres de viviendas afectadas, pero ha advertido de que ese n\u00famero puede aumentar a\u00fan, ya que el <a href=\"https:\/\/elpais.com\/internacional\/2025-11-27\/tras-la-tragedia-del-gran-incendio-de-hong-kong-la-joven-haylee-chow-lleva-32-horas-sin-saber-nada-de-su-madre.html\" target=\"_self\" rel=\"nofollow noopener\" title=\"https:\/\/elpais.com\/internacional\/2025-11-27\/tras-la-tragedia-del-gran-incendio-de-hong-kong-la-joven-haylee-chow-lleva-32-horas-sin-saber-nada-de-su-madre.html\">paradero de un centenar de personas contin\u00faa siendo incierto<\/a>. <\/p>\n<p class=\"\">De los heridos, 19 siguen en estado cr\u00edtico, cuatro con quemaduras severas y 23 en situaci\u00f3n estable. Cuatro d\u00edas despu\u00e9s de la tragedia, la sociedad reclama responsabilidades, pero la censura ha comenzado a actuar: un hombre ha sido detenido, sospechoso de intentar incitar a la sedici\u00f3n por lanzar una petici\u00f3n de investigaci\u00f3n independiente. <\/p>\n<p class=\"\">Cheng Ka-chun, jefe de la Unidad de Identificaci\u00f3n de V\u00edctimas, ha subrayado durante una rueda de prensa este domingo que la oscuridad en el interior de los edificios est\u00e1 dificultando la operaci\u00f3n de b\u00fasqueda. Muchas zonas est\u00e1n completamente calcinadas, y ni siquiera la luz solar que entra por las ventanas es suficiente, por lo que el registro completo de las \u00e1reas m\u00e1s afectadas podr\u00eda prolongarse tres o cuatro semanas, seg\u00fan el c\u00e1lculo policial. <\/p>\n<p class=\"\">La indignaci\u00f3n ha crecido en las \u00faltimas jornadas, al conocerse que muchos vecinos se hab\u00edan quejado de los posibles riesgos de incendio y planteado sus dudas sobre la inflamabilidad de la malla que cubr\u00eda los edificios desde septiembre de 2024, dos meses despu\u00e9s de que comenzaran las obras de renovaci\u00f3n en la urbanizaci\u00f3n. Seg\u00fan un portavoz del Departamento de Trabajo, las autoridades respondieron entonces que el riesgo era \u201crelativamente bajo\u201d. Hay 11 arrestados: tres de la empresa encargada de las obras y ocho de la consultora implicada. <\/p>\n<p class=\"\">El origen del fuego, que comenz\u00f3 el mi\u00e9rcoles por la tarde y <a href=\"https:\/\/elpais.com\/internacional\/2025-11-28\/hong-kong-exige-respuestas-tras-el-devastador-incendio-en-una-urbanizacion-que-deja-ya-decenas-de-muertos.html\" target=\"_self\" rel=\"nofollow noopener\" title=\"https:\/\/elpais.com\/internacional\/2025-11-28\/hong-kong-exige-respuestas-tras-el-devastador-incendio-en-una-urbanizacion-que-deja-ya-decenas-de-muertos.html\">se extingui\u00f3 el viernes por la ma\u00f1ana<\/a>, sigue bajo investigaci\u00f3n. La Polic\u00eda ha confirmado que las llamas comenzaron en la planta baja de uno de los bloques y se propagaron con una rapidez devastadora por siete de las ocho torres, que tienen 31 pisos de altura y albergan 1.984 miniapartamentos. Se calcula que en Wang Fuk Court viv\u00edan cerca de 4.600 personas.<\/p>\n<p class=\"\">Las fachadas estaban envueltas en andamios de bamb\u00fa y mallas verdes protectoras, un montaje exterior que, unido presuntamente a la colocaci\u00f3n de planchas de espuma de poliestireno (un material muy inflamable) en las ventanas, permiti\u00f3 que el fuego trepara a una velocidad inusual y pasara de un rascacielos a otro, seg\u00fan las primeras pesquisas. Las autoridades han reconocido, adem\u00e1s, que <a href=\"https:\/\/elpais.com\/internacional\/2025-11-28\/la-tragedia-de-los-rascacielos-de-hong-kong-una-trampa-de-fuego-para-4600-personas.html\" target=\"_self\" rel=\"nofollow noopener\" title=\"https:\/\/elpais.com\/internacional\/2025-11-28\/la-tragedia-de-los-rascacielos-de-hong-kong-una-trampa-de-fuego-para-4600-personas.html\">las alarmas antiincendios no funcionaron correctamente<\/a>. <\/p>\n<p class=\"\">M\u00e1s de un millar de personas ha hecho cola este domingo a lo largo del per\u00edmetro que bordea la urbanizaci\u00f3n para depositar flores blancas y notas en memoria de las v\u00edctimas. Cientos de personas continuaban en los alrededores de Wang Fuk Court al anochecer, seg\u00fan las im\u00e1genes distribuidas por los medios locales. Se trata del incendio m\u00e1s mort\u00edfero en Hong Kong desde 1948, cuando 176 personas murieron en el siniestro en un almac\u00e9n. <\/p>\n<p class=\"\">La demanda de responsabilidades se ha trasladado a internet, pero las primeras campa\u00f1as ya se han topado con la censura. Una petici\u00f3n que reclamaba una investigaci\u00f3n independiente y que acumulaba el s\u00e1bado m\u00e1s de 10.000 firmas ha sido eliminada. Adem\u00e1s, seg\u00fan informa el rotativo hongkon\u00e9s South China Morning Post, la polic\u00eda ha detenido e interrogado al supuesto autor de la iniciativa, Miles Kwan, un estudiante universitario de 24 a\u00f1os, acusado de incitar a la sedici\u00f3n. Se desconoce si ha sido puesto en libertad.<\/p>\n<p class=\"\">La plataforma digital clausurada ped\u00eda prestar apoyo a los residentes afectados, que se examine el sistema de supervisi\u00f3n de las obras en construcci\u00f3n, se cree una comisi\u00f3n independiente y se exijan responsabilidades a los funcionarios p\u00fablicos. <\/p>\n<p class=\"\">La Oficina para la Protecci\u00f3n de la Seguridad Nacional emiti\u00f3 el s\u00e1bado un comunicado en el que acusaba a \u201cindividuos antichinos\u201d y \u201cmalintencionados\u201d de difundir informaci\u00f3n falsa, atacar los esfuerzos de rescate del Gobierno, incitar a la divisi\u00f3n social y fomentar el odio contra las autoridades y el jefe del Ejecutivo. <\/p>\n<p class=\"\">\u201cExplotan el dolor de la gente y van en contra de la opini\u00f3n p\u00fablica, intentando utilizar la pena de las v\u00edctimas para promover sus ambiciones pol\u00edticas y arrastrar de nuevo a Hong Kong al caos de 2019\u2033, expres\u00f3 un portavoz de esa oficina gubernamental, en referencia a las <a href=\"https:\/\/elpais.com\/elpais\/2019\/12\/23\/eps\/1577098956_127194.html\" target=\"_self\" rel=\"nofollow noopener\" title=\"https:\/\/elpais.com\/elpais\/2019\/12\/23\/eps\/1577098956_127194.html\">protestas prodemocracia <\/a>que se extendieron aquel a\u00f1o durante meses por la ciudad en respuesta a un proyecto de ley que permit\u00eda extraditar a sospechosos a China continental.<\/p>\n<p class=\"\">Un a\u00f1o despu\u00e9s, para aplastar las revueltas, Pek\u00edn impuso la controvertida <a href=\"https:\/\/elpais.com\/internacional\/2020-07-01\/la-nueva-ley-de-seguridad-nacional-para-hong-kong-cadenas-perpetuas-y-nuevos-organos-de-vigilancia.html\" target=\"_self\" rel=\"nofollow noopener\" title=\"https:\/\/elpais.com\/internacional\/2020-07-01\/la-nueva-ley-de-seguridad-nacional-para-hong-kong-cadenas-perpetuas-y-nuevos-organos-de-vigilancia.html\">Ley de Seguridad Nacional<\/a>, que ha reescrito el panorama pol\u00edtico y social de Hong Kong y <a href=\"https:\/\/elpais.com\/internacional\/2022-01-09\/la-democracia-se-apaga-en-hong-kong.html\" target=\"_self\" rel=\"nofollow noopener\" title=\"https:\/\/elpais.com\/internacional\/2022-01-09\/la-democracia-se-apaga-en-hong-kong.html\">herido de muerte el r\u00e9gimen de libertades<\/a> que las autoridades comunistas se hab\u00edan comprometido a garantizar en el territorio aut\u00f3nomo hasta 2047. Cuando Reino Unido devolvi\u00f3 en 1997 la soberan\u00eda de Hong Kong a China, esta acord\u00f3 mantener all\u00ed \u2015a diferencia de en la parte continental\u2015 <a href=\"https:\/\/elpais.com\/internacional\/2024-05-30\/hong-kong-declara-culpables-a-14-activistas-en-el-mayor-juicio-bajo-la-ley-de-seguridad-nacional.html\" target=\"_self\" rel=\"nofollow noopener\" title=\"https:\/\/elpais.com\/internacional\/2024-05-30\/hong-kong-declara-culpables-a-14-activistas-en-el-mayor-juicio-bajo-la-ley-de-seguridad-nacional.html\">libertades de expresi\u00f3n, prensa, reuni\u00f3n, manifestaci\u00f3n y asociaci\u00f3n<\/a>, entre otros derechos fundamentales. En 2024, <a href=\"https:\/\/elpais.com\/internacional\/2024-03-19\/hong-kong-aprueba-una-estricta-ley-de-seguridad-nacional-en-linea-con-las-exigencias-de-pekin.html\" target=\"_self\" rel=\"nofollow noopener\" title=\"https:\/\/elpais.com\/internacional\/2024-03-19\/hong-kong-aprueba-una-estricta-ley-de-seguridad-nacional-en-linea-con-las-exigencias-de-pekin.html\">Hong Kong aprob\u00f3 su propia ley en l\u00ednea con los postulados de Pek\u00edn<\/a>. <\/p>\n<p class=\"\">Un vecino de Tai Po (el distrito en el que se ubican los rascacielos de Wang Fuk Court) que reside actualmente en el extranjero ha lanzado <a href=\"https:\/\/www.change.org\/p\/%E8%A6%81%E6%B1%82%E7%8D%A8%E7%AB%8B%E8%AA%BF%E6%9F%A5%E5%A4%A7%E5%9F%94%E5%AE%8F%E7%A6%8F%E8%8B%91%E7%81%AB%E7%81%BD-demand-independent-investigation-of-tai-po-wang-fuk-court-fire\" target=\"_self\" rel=\"nofollow noopener\" title=\"https:\/\/www.change.org\/p\/%E8%A6%81%E6%B1%82%E7%8D%A8%E7%AB%8B%E8%AA%BF%E6%9F%A5%E5%A4%A7%E5%9F%94%E5%AE%8F%E7%A6%8F%E8%8B%91%E7%81%AB%E7%81%BD-demand-independent-investigation-of-tai-po-wang-fuk-court-fire\">una segunda petici\u00f3n<\/a> de responsabilidades, con demandas similares, este domingo. \u201cEl incendio super\u00f3 cualquier divisi\u00f3n pol\u00edtica (&#8230;) Si el Gobierno quiere gobernar con responsabilidad y recuperar la confianza, debe asumir las responsabilidades de forma justa, en lugar de achacar cada incidente a la violencia negra [el t\u00e9rmino con el que los medios pro Pek\u00edn describen y deslegitiman las protestas de 2019]\u201d, reivindica el solicitante. A las 21.00 (las 14.00 en Espa\u00f1a peninsular), la iniciativa acumulaba 4.800 firmas. <\/p>\n","protected":false},"excerpt":{"rendered":"El balance de v\u00edctimas del devastador incendio del complejo residencial de Wang Fuk Court, en Hong Kong, sigue&hellip;\n","protected":false},"author":2,"featured_media":263848,"comment_status":"","ping_status":"","sticky":false,"template":"","format":"standard","meta":{"footnotes":""},"categories":[42],"tags":[1237,17,18,1615,13,14,11,15674,4342,61,62,63,64,19,20,9,10,15,16,18264,257,12,21,22,65,66,67],"class_list":{"0":"post-263847","1":"post","2":"type-post","3":"status-publish","4":"format-standard","5":"has-post-thumbnail","7":"category-internacional","8":"tag-asia","9":"tag-breaking-news","10":"tag-breakingnews","11":"tag-china","12":"tag-featured-news","13":"tag-featurednews","14":"tag-headlines","15":"tag-hong-kong","16":"tag-incendios","17":"tag-internacional","18":"tag-international","19":"tag-international-news","20":"tag-internationalnews","21":"tag-latest-news","22":"tag-latestnews","23":"tag-news","24":"tag-noticias","25":"tag-noticias-destacadas","26":"tag-noticiasdestacadas","27":"tag-protestas-sociales","28":"tag-sucesos","29":"tag-titulares","30":"tag-ultimas-noticias","31":"tag-ultimasnoticias","32":"tag-world","33":"tag-world-news","34":"tag-worldnews"},"share_on_mastodon":{"url":"https:\/\/pubeurope.com\/@es\/115639312897328930","error":""},"_links":{"self":[{"href":"https:\/\/www.europesays.com\/es\/wp-json\/wp\/v2\/posts\/263847","targetHints":{"allow":["GET"]}}],"collection":[{"href":"https:\/\/www.europesays.com\/es\/wp-json\/wp\/v2\/posts"}],"about":[{"href":"https:\/\/www.europesays.com\/es\/wp-json\/wp\/v2\/types\/post"}],"author":[{"embeddable":true,"href":"https:\/\/www.europesays.com\/es\/wp-json\/wp\/v2\/users\/2"}],"replies":[{"embeddable":true,"href":"https:\/\/www.europesays.com\/es\/wp-json\/wp\/v2\/comments?post=263847"}],"version-history":[{"count":0,"href":"https:\/\/www.europesays.com\/es\/wp-json\/wp\/v2\/posts\/263847\/revisions"}],"wp:featuredmedia":[{"embeddable":true,"href":"https:\/\/www.europesays.com\/es\/wp-json\/wp\/v2\/media\/263848"}],"wp:attachment":[{"href":"https:\/\/www.europesays.com\/es\/wp-json\/wp\/v2\/media?parent=263847"}],"wp:term":[{"taxonomy":"category","embeddable":true,"href":"https:\/\/www.europesays.com\/es\/wp-json\/wp\/v2\/categories?post=263847"},{"taxonomy":"post_tag","embeddable":true,"href":"https:\/\/www.europesays.com\/es\/wp-json\/wp\/v2\/tags?post=263847"}],"curies":[{"name":"wp","href":"https:\/\/api.w.org\/{rel}","templated":true}]}}