{"id":263849,"date":"2025-11-30T15:17:10","date_gmt":"2025-11-30T15:17:10","guid":{"rendered":"https:\/\/www.europesays.com\/es\/263849\/"},"modified":"2025-11-30T15:17:10","modified_gmt":"2025-11-30T15:17:10","slug":"la-conselleria-solicita-al-gobierno-que-movilice-a-la-ume-tras-los-casos-de-peste-porcina-en-cataluna-ser-catalunya","status":"publish","type":"post","link":"https:\/\/www.europesays.com\/es\/263849\/","title":{"rendered":"La Conseller\u00eda solicita al Gobierno que movilice a la UME tras los casos de peste porcina en Catalu\u00f1a | SER Catalunya"},"content":{"rendered":"<p class=\"loc\">Barcelona<\/p>\n<p>El conseller de Agricultura, Ganader\u00eda y Pesca de la Generalitat, \u00d2scar Ordeig, ha anunciado que han solicitado al Estado que \u00abenv\u00ede efectivos y recursos de la UME, sobre todo aquellos especializados en control cineg\u00e9tico. En las pr\u00f3ximas horas sabremos cu\u00e1ndo llegan\u00bb.<\/p>\n<p>\u00abQueremos el mayor n\u00famero posible de efectivos y recursos para gestionar esta crisis de la manera m\u00e1s efectiva. Por tanto, el mensaje que hemos trasladado a los diferentes departamentos de la Generalitat, a los cuerpos de emergencia y tambi\u00e9n a la polic\u00eda local es que movilicemos todos los recursos necesarios\u00bb, ha remarcado.<\/p>\n<p>Adem\u00e1s, Ordeig ha pedido al delegado del Gobierno y al Ministerio que movilicen a \u00abSeprona, Guardia Civil y tambi\u00e9n a la UME, con los m\u00e1ximos equipos disponibles, t\u00e9cnicos y profesionales, para afrontar un trabajo que es dif\u00edcil\u00bb.<\/p>\n<p>Colaboraci\u00f3n ciudadana<\/p>\n<p>Ordeig ha hecho un llamamiento a la \u00abcolaboraci\u00f3n ciudadana\u00bb para impedir que el virus se propague fuera del parque. \u00abNos jugamos un porcentaje alto del PIB catal\u00e1n\u00bb, ha advertido, y ha pedido: \u00abNo hagamos el tonto. Esto puede ser cuesti\u00f3n de unas semanas\u00bb.<\/p>\n<p>El conseller ha reconocido que el s\u00e1bado muchos ciudadanos se saltaron los controles instalados en Collserola para limitar el acceso al parque, aunque ha precisado que el dispositivo no incluye \u00abuna prohibici\u00f3n\u00bb de entrada. \u00abEstamos ante una crisis sanitaria. El Govern pide la colaboraci\u00f3n de todos. Hay una norma. Y si alguien no lo entiende y necesita una multa, los cuerpos de seguridad decidir\u00e1n. Por favor&#8230;\u00bb, ha se\u00f1alado.<\/p>\n<p>Ordeig ha insistido en las consecuencias econ\u00f3micas que puede tener este brote y ha subrayado que \u00abtodo el mundo, toda la prensa del mundo, los sectores econ\u00f3micos y los gobiernos est\u00e1n mirando lo que estamos haciendo\u00bb.<\/p>\n<p>Capturas en la zona de Collserola <\/p>\n<p>Desde este s\u00e1bado se est\u00e1n llevando a cabo capturas de posibles jabal\u00eds <a href=\"https:\/\/cadenaser.com\/cataluna\/2025\/11\/29\/cataluna-detecta-en-collserola-barcelona-cuatro-nuevos-casos-de-peste-porcina-en-jabalies-silvestres-radio-barcelona\/\" target=\"_blank\" rel=\"nofollow noopener\" title=\"https:\/\/cadenaser.com\/cataluna\/2025\/11\/29\/cataluna-detecta-en-collserola-barcelona-cuatro-nuevos-casos-de-peste-porcina-en-jabalies-silvestres-radio-barcelona\/\">infectados con la peste porcina <\/a>africana en el \u00e1rea de Collserola (Barcelona), mediante la instalaci\u00f3n de trampas, repelentes y vallas para que los animales no se trasladen a otras zonas.<\/p>\n<p>M\u00e1s informaci\u00f3n<\/p>\n<p>As\u00ed lo ha reafirmado Ordeig este domingo, quien tambi\u00e9n ha pedido la colaboraci\u00f3n ciudadana para cumplir la restricci\u00f3n de no acceder al Parque Natural de Collserola, que se mantiene cerrado este domingo.<\/p>\n<p>\u00abAyer no acab\u00f3 de funcionar porque es un parque natural con 100 accesos principales y 400 secundarios, muy dif\u00edcil de cerrar\u00bb, ha matizado sobre el cierre. Adem\u00e1s, ha dicho que se han reforzado los efectivos de seguridad, tanto de Mossos d&#8217;Esquadra, Guardia Civil y Agents Rurals para evitar el acceso a Collserola, \u00absobre todo el radio de 6 kil\u00f3metros que est\u00e1 blindado\u00bb.<\/p>\n<p>\u00abCualquier animal que se encuentra se debe desinfectar, hay que hacer una custodia de este animal, se debe llevar al centro de Investigaci\u00f3n de Salud Animal y se debe hacer con unas condiciones t\u00e9cnicas muy avanzadas\u00bb, ha explicado.<\/p>\n","protected":false},"excerpt":{"rendered":"Barcelona El conseller de Agricultura, Ganader\u00eda y Pesca de la Generalitat, \u00d2scar Ordeig, ha anunciado que han solicitado&hellip;\n","protected":false},"author":2,"featured_media":263850,"comment_status":"","ping_status":"","sticky":false,"template":"","format":"standard","meta":{"footnotes":""},"categories":[8],"tags":[17,18,25,24,13,14,11,19,20,9,10,15,16,23,12,21,22],"class_list":{"0":"post-263849","1":"post","2":"type-post","3":"status-publish","4":"format-standard","5":"has-post-thumbnail","7":"category-espana","8":"tag-breaking-news","9":"tag-breakingnews","10":"tag-es","11":"tag-espana","12":"tag-featured-news","13":"tag-featurednews","14":"tag-headlines","15":"tag-latest-news","16":"tag-latestnews","17":"tag-news","18":"tag-noticias","19":"tag-noticias-destacadas","20":"tag-noticiasdestacadas","21":"tag-spain","22":"tag-titulares","23":"tag-ultimas-noticias","24":"tag-ultimasnoticias"},"share_on_mastodon":{"url":"","error":""},"_links":{"self":[{"href":"https:\/\/www.europesays.com\/es\/wp-json\/wp\/v2\/posts\/263849","targetHints":{"allow":["GET"]}}],"collection":[{"href":"https:\/\/www.europesays.com\/es\/wp-json\/wp\/v2\/posts"}],"about":[{"href":"https:\/\/www.europesays.com\/es\/wp-json\/wp\/v2\/types\/post"}],"author":[{"embeddable":true,"href":"https:\/\/www.europesays.com\/es\/wp-json\/wp\/v2\/users\/2"}],"replies":[{"embeddable":true,"href":"https:\/\/www.europesays.com\/es\/wp-json\/wp\/v2\/comments?post=263849"}],"version-history":[{"count":0,"href":"https:\/\/www.europesays.com\/es\/wp-json\/wp\/v2\/posts\/263849\/revisions"}],"wp:featuredmedia":[{"embeddable":true,"href":"https:\/\/www.europesays.com\/es\/wp-json\/wp\/v2\/media\/263850"}],"wp:attachment":[{"href":"https:\/\/www.europesays.com\/es\/wp-json\/wp\/v2\/media?parent=263849"}],"wp:term":[{"taxonomy":"category","embeddable":true,"href":"https:\/\/www.europesays.com\/es\/wp-json\/wp\/v2\/categories?post=263849"},{"taxonomy":"post_tag","embeddable":true,"href":"https:\/\/www.europesays.com\/es\/wp-json\/wp\/v2\/tags?post=263849"}],"curies":[{"name":"wp","href":"https:\/\/api.w.org\/{rel}","templated":true}]}}