{"id":263853,"date":"2025-11-30T15:24:14","date_gmt":"2025-11-30T15:24:14","guid":{"rendered":"https:\/\/www.europesays.com\/es\/263853\/"},"modified":"2025-11-30T15:24:14","modified_gmt":"2025-11-30T15:24:14","slug":"juan-gonzalez-y-almudena-jimenez-se-impusieron-en-albacete","status":"publish","type":"post","link":"https:\/\/www.europesays.com\/es\/263853\/","title":{"rendered":"Juan Gonz\u00e1lez y Almudena Jim\u00e9nez se impusieron en Albacete"},"content":{"rendered":"<p>Juan Gonz\u00e1lez Sanz (Bicicletas El Hellinero Acecho Fot\u00f3n) se impuso en la \u00faltima etapa del Circuito BTT 2025 organizado por la Diputaci\u00f3n de Albacete, de 55 kil\u00f3metros de recorrido, con salida y meta en las inmediaciones del Recinto Ferial de la capital en una ma\u00f1ana lluviosa.\u00a0Iv\u00e1n Carrasco Fern\u00e1ndez (Ferlo Factory Racing)y\u00a0 Alberto L\u00f3pez Bernab\u00e9 (Bicicletas El Hellinero Acecho Fot\u00f3n) completaron el podio tras un final de etapa al esprint. Los tres hicieron un tiempo de 1:38:44.<\/p>\n<p>Almudena Jim\u00e9nez Mart\u00ednez\u00a0(Bicialmuerzo) se impuso con autoridad en la categor\u00eda femenina con un tiempo de 1:53:05, por delante de\u00a0Rosario Alacid Moreno (La Pur\u00edsima Team Yecla), con 1:55.21, y Marlene Gamarra Cantero (Ferlo Factory Racong), con 2:01:24.<\/p>\n<p>Juan Gonz\u00e1lez y Rosario Alacid llegaron a esta \u00faltima prueba ya como vencedores del Circuito Provincial.<\/p>\n<p>(AVANCE)<\/p>\n","protected":false},"excerpt":{"rendered":"Juan Gonz\u00e1lez Sanz (Bicicletas El Hellinero Acecho Fot\u00f3n) se impuso en la \u00faltima etapa del Circuito BTT 2025&hellip;\n","protected":false},"author":2,"featured_media":263854,"comment_status":"","ping_status":"","sticky":false,"template":"","format":"standard","meta":{"footnotes":""},"categories":[273],"tags":[2545,313,312,168,9496,25,24,26008,23,167],"class_list":{"0":"post-263853","1":"post","2":"type-post","3":"status-publish","4":"format-standard","5":"has-post-thumbnail","7":"category-ciclismo","8":"tag-albacete","9":"tag-ciclismo","10":"tag-cycling","11":"tag-deportes","12":"tag-diputacion-de-albacete","13":"tag-es","14":"tag-espana","15":"tag-recinto-ferial","16":"tag-spain","17":"tag-sports"},"share_on_mastodon":{"url":"https:\/\/pubeurope.com\/@es\/115639344365685514","error":""},"_links":{"self":[{"href":"https:\/\/www.europesays.com\/es\/wp-json\/wp\/v2\/posts\/263853","targetHints":{"allow":["GET"]}}],"collection":[{"href":"https:\/\/www.europesays.com\/es\/wp-json\/wp\/v2\/posts"}],"about":[{"href":"https:\/\/www.europesays.com\/es\/wp-json\/wp\/v2\/types\/post"}],"author":[{"embeddable":true,"href":"https:\/\/www.europesays.com\/es\/wp-json\/wp\/v2\/users\/2"}],"replies":[{"embeddable":true,"href":"https:\/\/www.europesays.com\/es\/wp-json\/wp\/v2\/comments?post=263853"}],"version-history":[{"count":0,"href":"https:\/\/www.europesays.com\/es\/wp-json\/wp\/v2\/posts\/263853\/revisions"}],"wp:featuredmedia":[{"embeddable":true,"href":"https:\/\/www.europesays.com\/es\/wp-json\/wp\/v2\/media\/263854"}],"wp:attachment":[{"href":"https:\/\/www.europesays.com\/es\/wp-json\/wp\/v2\/media?parent=263853"}],"wp:term":[{"taxonomy":"category","embeddable":true,"href":"https:\/\/www.europesays.com\/es\/wp-json\/wp\/v2\/categories?post=263853"},{"taxonomy":"post_tag","embeddable":true,"href":"https:\/\/www.europesays.com\/es\/wp-json\/wp\/v2\/tags?post=263853"}],"curies":[{"name":"wp","href":"https:\/\/api.w.org\/{rel}","templated":true}]}}