{"id":263855,"date":"2025-11-30T15:26:09","date_gmt":"2025-11-30T15:26:09","guid":{"rendered":"https:\/\/www.europesays.com\/es\/263855\/"},"modified":"2025-11-30T15:26:09","modified_gmt":"2025-11-30T15:26:09","slug":"derrick-white-bate-un-record-de-triples-de-los-celtics-que-no-tenia-ni-larry-bird","status":"publish","type":"post","link":"https:\/\/www.europesays.com\/es\/263855\/","title":{"rendered":"Derrick White bate un r\u00e9cord de triples de los Celtics&#8230; que no ten\u00eda ni Larry Bird"},"content":{"rendered":"<p data-gtm-element-container=\"modulo-texto-link\" class=\"paragraph\">A pesar de la dura derrota que sufrieron los Boston Celtics ante los Minnesota Timberwolves (119-115), <strong>Derrick White hizo historia para la franquicia de Massachusetts<\/strong> esta pasada madrugada.<\/p>\n<p data-gtm-element-container=\"modulo-texto-link\" class=\"paragraph\">El base anot\u00f3 dos triples<strong>, extendiendo su racha a 58 partidos consecutivos anotando, al menos, un triple<\/strong>, rompiendo el r\u00e9cord de franquicia que no ten\u00eda, a pesar de lo que pod\u00eda suponerse, el legendario<strong> Larry Bird<\/strong>, todo un maestro desde m\u00e1s all\u00e1 de la l\u00ednea de tres, sino de<strong> Isaiah Thomas<\/strong>, un menudo base que, durante la temporada 2016\/17,<strong> logr\u00f3 encadenar 57 partidos consecutivos anotando, como m\u00ednimo, un triple.<\/strong><\/p>\n<blockquote class=\"twitter-tweet\" data-lang=\"es\"><p>\n<a href=\"https:\/\/twitter.com\/celtics_stats\/status\/1994962159936373051\" rel=\"nofollow noopener\" target=\"_blank\">\n<\/p><\/blockquote>\n<p data-gtm-element-container=\"modulo-texto-link\" class=\"paragraph\">De hecho, el r\u00e9cord conseguido por White resulta a\u00fan m\u00e1s sorprendente si tenemos en cuenta su tremenda irregularidad en triples esta temporada: tras varios a\u00f1os como uno de los tiradores m\u00e1s fiables de los Celtics, <strong>su efectividad desde larga distancia ha ca\u00eddo al 32%<\/strong> durante la primera parte de la temporada 2025-26. A\u00fan as\u00ed, siempre se las ha &#8216;apa\u00f1ado&#8217; para conseguir anotar al menos un triple en cada partido.<\/p>\n<p data-gtm-element-container=\"modulo-texto-link\" class=\"paragraph\">La racha de White se remonta a la temporada pasada, comenzando durante la campa\u00f1a 2024-25: <strong>la \u00faltima vez que no anot\u00f3 un triple en un partido de temporada regular fue el 12 de enero de 2025 contra los New Orleans Pelicans<\/strong>, y antes de eso, se fue de 0 de 6 contra los Sacramento Kings<\/p>\n<p data-gtm-element-container=\"modulo-texto-link\" class=\"paragraph\">Ahora, acumula 58&#8230; \u00bfy sumando?<\/p>\n<p><script async src=\"https:\/\/platform.twitter.com\/widgets.js\" charset=\"utf-8\"><\/script><\/p>\n","protected":false},"excerpt":{"rendered":"A pesar de la dura derrota que sufrieron los Boston Celtics ante los Minnesota Timberwolves (119-115), Derrick White&hellip;\n","protected":false},"author":2,"featured_media":263856,"comment_status":"","ping_status":"","sticky":false,"template":"","format":"standard","meta":{"footnotes":""},"categories":[269],"tags":[299,298,168,25,24,23,167],"class_list":{"0":"post-263855","1":"post","2":"type-post","3":"status-publish","4":"format-standard","5":"has-post-thumbnail","7":"category-baloncesto","8":"tag-baloncesto","9":"tag-basketball","10":"tag-deportes","11":"tag-es","12":"tag-espana","13":"tag-spain","14":"tag-sports"},"share_on_mastodon":{"url":"https:\/\/pubeurope.com\/@es\/115639352536486269","error":""},"_links":{"self":[{"href":"https:\/\/www.europesays.com\/es\/wp-json\/wp\/v2\/posts\/263855","targetHints":{"allow":["GET"]}}],"collection":[{"href":"https:\/\/www.europesays.com\/es\/wp-json\/wp\/v2\/posts"}],"about":[{"href":"https:\/\/www.europesays.com\/es\/wp-json\/wp\/v2\/types\/post"}],"author":[{"embeddable":true,"href":"https:\/\/www.europesays.com\/es\/wp-json\/wp\/v2\/users\/2"}],"replies":[{"embeddable":true,"href":"https:\/\/www.europesays.com\/es\/wp-json\/wp\/v2\/comments?post=263855"}],"version-history":[{"count":0,"href":"https:\/\/www.europesays.com\/es\/wp-json\/wp\/v2\/posts\/263855\/revisions"}],"wp:featuredmedia":[{"embeddable":true,"href":"https:\/\/www.europesays.com\/es\/wp-json\/wp\/v2\/media\/263856"}],"wp:attachment":[{"href":"https:\/\/www.europesays.com\/es\/wp-json\/wp\/v2\/media?parent=263855"}],"wp:term":[{"taxonomy":"category","embeddable":true,"href":"https:\/\/www.europesays.com\/es\/wp-json\/wp\/v2\/categories?post=263855"},{"taxonomy":"post_tag","embeddable":true,"href":"https:\/\/www.europesays.com\/es\/wp-json\/wp\/v2\/tags?post=263855"}],"curies":[{"name":"wp","href":"https:\/\/api.w.org\/{rel}","templated":true}]}}