{"id":263859,"date":"2025-11-30T15:28:13","date_gmt":"2025-11-30T15:28:13","guid":{"rendered":"https:\/\/www.europesays.com\/es\/263859\/"},"modified":"2025-11-30T15:28:13","modified_gmt":"2025-11-30T15:28:13","slug":"jorge-fernandez-presentador-el-98-de-mi-alimentacion-es-saludable-es-alimento-de-verdad-y-mi-cuerpo-funciona","status":"publish","type":"post","link":"https:\/\/www.europesays.com\/es\/263859\/","title":{"rendered":"Jorge Fern\u00e1ndez, presentador: \u201cEl 98% de mi alimentaci\u00f3n es saludable, es alimento de verdad y mi cuerpo funciona\u201d"},"content":{"rendered":"<p class=\"\"><b>Jorge Fern\u00e1ndez<\/b> es una de las mayores figuras dentro del \u00e1mbito televisivo nacional. A sus <b>53 a\u00f1os<\/b>, el presentador de <b>\u2018La ruleta de la suerte\u2019<\/b> y exdeportista profesional no solo mantiene una presencia televisiva muy destacable, sino un <b>estado f\u00edsico envidiable<\/b>. Y es que, por mucho que pasen los a\u00f1os por el alicantino, \u00e9l opta por hacer todo lo posible para que <b>el envejecimiento le sea esquivo<\/b>.<\/p>\n<p class=\"\">Recientemente, el presentador concedi\u00f3 una entrevista a <b>\u2018El espa\u00f1ol\u2019<\/b>. En ella, el nacido en Alicante se sincer\u00f3, hablando <b>sobre su alimentaci\u00f3n, c\u00f3mo entrenaba de joven o c\u00f3mo ha evolucionado su rutina<\/b> hasta ahora, entre otros temas.<b> \u201cLlevo muchos a\u00f1os d\u00e1ndole importancia a la alimentaci\u00f3n\u201d<\/b>, comenz\u00f3 Jorge Fern\u00e1ndez, quien, a continuaci\u00f3n, record\u00f3 su etapa como jugador de baloncesto.<\/p>\n<p class=\"\"><b>\u201cAntes hac\u00eda deporte de alto rendimiento, jugu\u00e9 al baloncesto. Pero con 20 y pico a\u00f1os no tienes esa din\u00e1mica de hacer todo bien y estar tan pendiente, pero siempre tengo el recuerdo de haberle dado cierta importancia a la alimentaci\u00f3n\u201d<\/b>, explica, a\u00f1adiendo que \u00e9l, sobre todo, le prestaba atenci\u00f3n a lo que com\u00eda antes y despu\u00e9s de cada partido.<\/p>\n<p class=\"\"><b>\u201cDej\u00e9 de jugar a los 28 y luego empec\u00e9 con el gimnasio y ah\u00ed tambi\u00e9n sabes que la alimentaci\u00f3n es muy importante. Cuando empec\u00e9 con el gimnasio s\u00ed que me acuerdo que era muy de mucho pollo y arroz, que es lo cl\u00e1sico de gimnasio\u201d<\/b>, afirma.<\/p>\n<p>\u201cNos estresamos por hacer las cosas bien\u201d<\/p>\n<p class=\"\">No obstante, el paso de los a\u00f1os han tra\u00eddo consigo cambios en la rutina del presentador: <b>\u201cAhora ya no lo hago, intento tener un equilibrio en todo y adaptarlo a mi estilo de vida.<\/b> Al final, muchas veces nos estresamos por querer hacer las cosas bien y darle excesiva importancia a la alimentaci\u00f3n. <b>El 98% de mi alimentaci\u00f3n es muy saludable, es alimento de verdad y mi cuerpo funciona, hago m\u00e1s o menos lo mismo\u201d<\/b>, recalc\u00f3.<\/p>\n<p>Noticias relacionadas<a href=\"https:\/\/as.com\/tikitakas\/famosos\/muere-la-influencer-stephanie-pieper-a-los-31-anos-f202511-n\/\" class=\"s_m_w\" title=\"El cuerpo de la creadora de contenido fue hallado sin vida en un bosque en Eslovenia. Su expareja reconoci\u00f3 ser el responsable de su deceso.\" data-tb-link=\"\" rel=\"nofollow noopener\" target=\"_blank\"><img decoding=\"async\" src=\"https:\/\/www.europesays.com\/es\/wp-content\/uploads\/2025\/11\/U5FU6CSDGFAPVGK5KRGV76ODEQ.jpg\" alt=\"Muere la influencer Stephanie Pieper a los 31 a\u00f1os\" class=\"\" height=\"9\" width=\"16\"   loading=\"lazy\" data-tb-thumbnail=\"\"\/><\/a><a href=\"https:\/\/as.com\/tikitakas\/famosos\/andrea-bueno-de-la-isla-de-las-tentaciones-estalla-ante-las-criticas-por-su-estado-fisico-a-los-19-anos-teneis-muy-poca-verguenza-f202511-n\/\" class=\"s_m_w\" title=\"La malague\u00f1a ha compartido un v\u00eddeo en TikTok en el que responde a quienes la han criticado y lanza un duro mensaje.\" data-tb-link=\"\" rel=\"nofollow noopener\" target=\"_blank\"><img decoding=\"async\" src=\"https:\/\/www.europesays.com\/es\/wp-content\/uploads\/2025\/11\/1764516493_701_2BYH5SNMENFDBM4GGI5JM3OZWU.png\" alt=\"Andrea Bueno, de \u2018La isla de las tentaciones\u2019, estalla ante las cr\u00edticas por su estado f\u00edsico a los 20 a\u00f1os: \u201cTen\u00e9is muy poca verg\u00fcenza\u201d\" class=\"\" height=\"9\" width=\"16\"   loading=\"lazy\" data-tb-thumbnail=\"\"\/><\/a><\/p>\n<p class=\"\">Para terminar, el nacido en Alicante habl\u00f3 sobre los suplementos alimenticios que consume: <b>\u201cEn invierno lo que tomo siempre es la vitamina C, omega 3 y magnesio. Luego, dependiendo de las anal\u00edticas, tomo vitamina D, vitaminas del grupo B\u2026 Ahora estoy con el reishi<\/b>, que son unos hongos que suben un poco el sistema autoinmune y el sistema inmunol\u00f3gico, <b>un poco de ashwagandha y un recuperador que es con cereza \u00e1cida y melatonina\u201d<\/b>, concluye.<\/p>\n<p class=\"\"><b>\u00a1Tus opiniones importan!<\/b> Comenta en los art\u00edculos y suscr\u00edbete gratis a nuestra <a href=\"https:\/\/asfan.as.com\/newsletters\/\" target=\"_blank\" rel=\"nofollow noopener\" title=\"https:\/\/asfan.as.com\/newsletters\/\">newsletter<\/a> y a las alertas informativas en la <a href=\"https:\/\/as.com\/aplicacion-de-as-n\/\" target=\"_blank\" rel=\"nofollow noopener\" title=\"https:\/\/as.com\/aplicacion-de-as-n\/\">App<\/a> o el canal de <a href=\"https:\/\/www.whatsapp.com\/channel\/0029VaAasdA7j6g745nz9M10\" target=\"_blank\" rel=\"nofollow noopener\" title=\"https:\/\/www.whatsapp.com\/channel\/0029VaAasdA7j6g745nz9M10\">WhatsApp<\/a>. \u00bfBuscas licenciar contenido? Haz clic <a href=\"https:\/\/profesional.elpais.com\/soluciones-sindicacion?utm_medium=interno&amp;utm_source=crosslinking&amp;utm_campaign=sindicacion_as_pie_articulos\" target=\"_blank\" rel=\"nofollow noopener\" title=\"https:\/\/profesional.elpais.com\/soluciones-sindicacion?utm_medium=interno&amp;utm_source=crosslinking&amp;utm_campaign=sindicacion_as_pie_articulos\">aqu\u00ed<\/a><\/p>\n","protected":false},"excerpt":{"rendered":"Jorge Fern\u00e1ndez es una de las mayores figuras dentro del \u00e1mbito televisivo nacional. A sus 53 a\u00f1os, el&hellip;\n","protected":false},"author":2,"featured_media":263860,"comment_status":"","ping_status":"","sticky":false,"template":"","format":"standard","meta":{"footnotes":""},"categories":[174],"tags":[255,146,147,25,24,256,23],"class_list":{"0":"post-263859","1":"post","2":"type-post","3":"status-publish","4":"format-standard","5":"has-post-thumbnail","7":"category-famosos","8":"tag-celebrities","9":"tag-entertainment","10":"tag-entretenimiento","11":"tag-es","12":"tag-espana","13":"tag-famosos","14":"tag-spain"},"share_on_mastodon":{"url":"https:\/\/pubeurope.com\/@es\/115639361105990726","error":""},"_links":{"self":[{"href":"https:\/\/www.europesays.com\/es\/wp-json\/wp\/v2\/posts\/263859","targetHints":{"allow":["GET"]}}],"collection":[{"href":"https:\/\/www.europesays.com\/es\/wp-json\/wp\/v2\/posts"}],"about":[{"href":"https:\/\/www.europesays.com\/es\/wp-json\/wp\/v2\/types\/post"}],"author":[{"embeddable":true,"href":"https:\/\/www.europesays.com\/es\/wp-json\/wp\/v2\/users\/2"}],"replies":[{"embeddable":true,"href":"https:\/\/www.europesays.com\/es\/wp-json\/wp\/v2\/comments?post=263859"}],"version-history":[{"count":0,"href":"https:\/\/www.europesays.com\/es\/wp-json\/wp\/v2\/posts\/263859\/revisions"}],"wp:featuredmedia":[{"embeddable":true,"href":"https:\/\/www.europesays.com\/es\/wp-json\/wp\/v2\/media\/263860"}],"wp:attachment":[{"href":"https:\/\/www.europesays.com\/es\/wp-json\/wp\/v2\/media?parent=263859"}],"wp:term":[{"taxonomy":"category","embeddable":true,"href":"https:\/\/www.europesays.com\/es\/wp-json\/wp\/v2\/categories?post=263859"},{"taxonomy":"post_tag","embeddable":true,"href":"https:\/\/www.europesays.com\/es\/wp-json\/wp\/v2\/tags?post=263859"}],"curies":[{"name":"wp","href":"https:\/\/api.w.org\/{rel}","templated":true}]}}