{"id":263864,"date":"2025-11-30T15:33:20","date_gmt":"2025-11-30T15:33:20","guid":{"rendered":"https:\/\/www.europesays.com\/es\/263864\/"},"modified":"2025-11-30T15:33:20","modified_gmt":"2025-11-30T15:33:20","slug":"fernando-franco-estrena-recientemente-en-cines-subsuelo-2","status":"publish","type":"post","link":"https:\/\/www.europesays.com\/es\/263864\/","title":{"rendered":"Fernando Franco estrena recientemente en cines &#8216;Subsuelo&#8217;"},"content":{"rendered":"<p>\n        <strong>Fernando Franco explora en <\/strong><strong>Subsuelo<\/strong><strong>,<\/strong> recientemente estrenada en cines,\u00a0los secretos y silencios de una familia marcada por un pasado que pesa. La historia sigue a Eva y Fabi\u00e1n, mellizos a punto de cumplir la mayor\u00eda de edad, que una noche de <a href=\"https:\/\/www.deia.eus\/tags\/verano\/\" title=\"verano\" target=\"_blank\" class=\"link copy\" rel=\"nofollow noopener\">verano<\/a> se ven envueltos en un accidente cuyas circunstancias permanecen en la sombra. Solo ellos y su madre, Mabel, conocen lo que realmente ocurri\u00f3. La pel\u00edcula est\u00e1 protagonizada por Julia Mart\u00ednez (Santa Cruz de Tenerife, 2000) y Diego Garisa (Zaragoza, 1999).\n<\/p>\n<p class=\"article-body__text question-answers__question\">\u00bfC\u00f3mo es la relaci\u00f3n entre Eva y Fabi\u00e1n y qu\u00e9 la hace distinta a otras historias de hermanos en el cine?\u00a0<\/p>\n<p class=\"article-body__text question-answers__answer\">Diego Garisa: Creo que el guion, igual que la pel\u00edcula, tiene una capacidad enorme para atraparte. Juega con una estructura que avanza y retrocede en el tiempo, oblig\u00e1ndote a ir armando t\u00fa mismo el puzle. A m\u00ed lo que m\u00e1s me enganch\u00f3 fue esa curiosidad constante por saber qu\u00e9 les ocurr\u00eda a los personajes; me lo le\u00ed en una sola tarde porque, literalmente, necesitaba descubrir qu\u00e9 iba a pasar.\u00a0<\/p>\n<p class=\"article-body__text question-answers__answer\">Julia Mart\u00ednez: A m\u00ed me pareci\u00f3 que el guion estaba muy bien escrito. Puede sonar a obviedad, pero no siempre ocurre, sobre todo en el tipo de c\u00f3digo que maneja Fernando. Tiene algo muy pegado a lo cotidiano, muy naturalista, y ya desde la primera lectura resultaba veros\u00edmil y cre\u00edble. A veces, cuando un guion lo levantas, hay partes que como actor no terminas de creerte del todo o que necesitas retocar para poder sostenerlas, pero aqu\u00ed no pas\u00f3 eso. Todo estaba tan bien hilado y tan limpio\u2026 Fernando hace un trabajo muy fino de depuraci\u00f3n, y durante los ensayos a\u00fan volvimos a ajustar, quitar y a\u00f1adir cosas. Pero su forma de trabajar va justo de eso: de quedarse con lo esencial, de usar el m\u00ednimo texto posible para entrar en las situaciones y conflictos. Y me pareci\u00f3 una aut\u00e9ntica lecci\u00f3n de maestr\u00eda.\u00a0<\/p>\n<p class=\"article-body__text question-answers__question\">\u00bfC\u00f3mo prepararon sus respectivos personajes?<\/p>\n<p class=\"article-body__text question-answers__answer\">DG: Mi personaje tiene un rasgo clave que marc\u00f3 desde el principio todo el trabajo: sufre una par\u00e1lisis de cintura para abajo. Empec\u00e9 a prepararlo con Carlos, un coach maravilloso, y pas\u00e9 tiempo en su casa aprendiendo de \u00e9l, desde los gestos m\u00e1s cotidianos hasta los detalles pr\u00e1cticos del d\u00eda a d\u00eda. Eso me dio mucha soltura y, sobre todo, la libertad de dejar de pensar en lo t\u00e9cnico para poder centrarme en lo emocional. Y lo emocional fue un viaje. Meterme en esa oscuridad, en ese territorio tan perturbador, fue casi como bucear en el terror, porque lo que hace el personaje es realmente terrible. Tuve que apartar mi propio juicio moral, el m\u00edo y el que tendr\u00e1 tambi\u00e9n el espectador, e intentar entender d\u00f3nde estaba su herida, cu\u00e1l era el origen de todo, por qu\u00e9 necesitaba actuar as\u00ed. Trabaj\u00e9 desde sus carencias, sus necesidades, sus faltas de amor y afecto, todo eso que \u00e9l no tiene y que intenta reclamar de la peor manera posible.<\/p>\n<p class=\"article-body__text question-answers__answer\">JM: Yo me apoy\u00e9 mucho en un trabajo m\u00e1s atmosf\u00e9rico. Fernando y yo no quer\u00edamos racionalizar en exceso lo que le pasaba a ella, sino abordarlo desde un lugar m\u00e1s intuitivo y emocional. Me centr\u00e9 sobre todo en los sentimientos de culpa y en todo lo que est\u00e1 oculto, y en c\u00f3mo esa atm\u00f3sfera se manifestaba en cada una de sus relaciones: c\u00f3mo es Eva con su madre, con su hermano\u2026 Y qu\u00e9 matices distintos salen a la luz en cada v\u00ednculo. Fue un trabajo muy conectado con el guion, pero m\u00e1s desde la intuici\u00f3n y las sensaciones que desde un m\u00e9todo racional o t\u00e9cnico.\u00a0\u00a0<\/p>\n<p class=\"article-body__text question-answers__question\">\u00bfC\u00f3mo es la relaci\u00f3n entre Eva y Fabi\u00e1n y qu\u00e9 la hace distinta a otras historias de hermanos en el cine?\u00a0\u00a0<\/p>\n<p class=\"article-body__text question-answers__answer\">DG: Para empezar, part\u00edamos de que los personajes son mellizos, y eso ya marcaba mucho la base de la relaci\u00f3n. Ninguno de nosotros tiene mellizos en la vida real, pero intu\u00edamos que deb\u00eda de ser algo muy especial: llegan al mundo juntos, comparten cada etapa vital y crecen en paralelo. Desde el principio construimos la idea de que, aunque en la pel\u00edcula no se viera directamente, entre ellos hab\u00edan existido momentos luminosos, de cari\u00f1o y de apoyo mutuo. Necesit\u00e1bamos imaginar que en alg\u00fan momento se hab\u00edan necesitado de verdad, que hab\u00eda habido amor, para que al llegar a la historia y ver c\u00f3mo todo eso se rompe, el golpe emocional fuera m\u00e1s profundo. En mi caso, eso se traduce en un dolor enorme; en el de Julia, m\u00e1s bien en miedo o en un conflicto todav\u00eda m\u00e1s intenso. As\u00ed que cargamos la relaci\u00f3n de esa dependencia fuerte, de esa necesidad constante de amor y atenci\u00f3n del otro.<\/p>\n<p class=\"article-body__text question-answers__question\">La <a href=\"https:\/\/www.deia.eus\/tags\/pelicula\/\" title=\"pel\u00edcula\" target=\"_blank\" rel=\"nofollow noopener\">pel\u00edcula<\/a> juega con lo que no se dice tanto como con lo que se muestra. \u00bfC\u00f3mo trabajaron esa tensi\u00f3n entre lo oculto y lo que se deja ver?\u00a0\u00a0<\/p>\n<p class=\"article-body__text question-answers__answer\">JM: Se trataba de generar toda esa tensi\u00f3n que est\u00e1 ah\u00ed, oculta, y como actores confiar en no mostrarla de forma expl\u00edcita. El guion y la direcci\u00f3n de Fernando lo pon\u00edan f\u00e1cil. Su forma de dirigir me pareci\u00f3 muy elegante y precisa, sobre todo por esa elecci\u00f3n de no contarlo todo y confiar en que el espectador lo entender\u00eda a trav\u00e9s de las situaciones y de la propia magia del cine, que tiene el poder de decidir qu\u00e9 mostrar y qu\u00e9 significado darle a cada cosa mediante la narrativa y el plano.\u00a0<\/p>\n<p class=\"article-body__text question-answers__question\">\u00bfLes dio el director libertad para experimentar o ten\u00eda las escenas muy medidas desde el principio?\u00a0\u00a0<\/p>\n<p class=\"article-body__text question-answers__answer\">DG: Es un director que lo tiene muy claro, pero lo que m\u00e1s me impresiona de \u00e9l es su enorme generosidad. Haber escrito el guion, dirigir la pel\u00edcula y ser la mente detr\u00e1s de todo, y aun as\u00ed mantener la disposici\u00f3n de escuchar, de preguntarse si algo ayuda realmente al trabajo de los actores o no\u2026 Eso dice mucho. Tiene un radar muy fino para detectar la verdad y la honestidad en cada secuencia. Repet\u00edamos mucho las tomas para encontrar la intenci\u00f3n exacta en cada frase, sobre todo en aquellas donde menos se dec\u00eda expl\u00edcitamente. Le interesa que la informaci\u00f3n no sea obvia, que la pel\u00edcula mantenga siempre al espectador activo, haci\u00e9ndose preguntas y encontrando \u00e9l mismo las respuestas, en lugar de recibirlas servidas.<\/p>\n<p class=\"article-body__text question-answers__question\">Fernando Franco tiene un estilo muy propio, con silencios, tiempos largos y emociones contenidas. \u00bfQu\u00e9 tal ha sido trabajar con \u00e9l?\u00a0<\/p>\n<p class=\"article-body__text question-answers__answer\">JM: Incre\u00edble, la verdad. Coincido mucho con su manera de entender la verdad en la interpretaci\u00f3n. Estoy muy de acuerdo con esa idea de no dar nada por sentado ni mostrarlo todo de forma expl\u00edcita. Desde el principio compart\u00edamos una sensibilidad muy parecida, y creo que eso se not\u00f3, porque todos los compa\u00f1eros trabajamos dentro del mismo c\u00f3digo. Adem\u00e1s, fue un proceso en el que disfrutamos porque Fernando es un director que da much\u00edsimo espacio al criterio y a la creatividad de los actores. Eso nos permiti\u00f3 aportar mucho de nosotros mismos. <\/p>\n","protected":false},"excerpt":{"rendered":"Fernando Franco explora en Subsuelo, recientemente estrenada en cines,\u00a0los secretos y silencios de una familia marcada por un&hellip;\n","protected":false},"author":2,"featured_media":261681,"comment_status":"","ping_status":"","sticky":false,"template":"","format":"standard","meta":{"footnotes":""},"categories":[169],"tags":[177,146,147,25,24,2421,176,4999,175,795,1257,23],"class_list":{"0":"post-263864","1":"post","2":"type-post","3":"status-publish","4":"format-standard","5":"has-post-thumbnail","7":"category-cine","8":"tag-cine","9":"tag-entertainment","10":"tag-entretenimiento","11":"tag-es","12":"tag-espana","13":"tag-fernando","14":"tag-film","15":"tag-franco","16":"tag-movies","17":"tag-nueva","18":"tag-pelicula","19":"tag-spain"},"share_on_mastodon":{"url":"https:\/\/pubeurope.com\/@es\/115639379828770626","error":""},"_links":{"self":[{"href":"https:\/\/www.europesays.com\/es\/wp-json\/wp\/v2\/posts\/263864","targetHints":{"allow":["GET"]}}],"collection":[{"href":"https:\/\/www.europesays.com\/es\/wp-json\/wp\/v2\/posts"}],"about":[{"href":"https:\/\/www.europesays.com\/es\/wp-json\/wp\/v2\/types\/post"}],"author":[{"embeddable":true,"href":"https:\/\/www.europesays.com\/es\/wp-json\/wp\/v2\/users\/2"}],"replies":[{"embeddable":true,"href":"https:\/\/www.europesays.com\/es\/wp-json\/wp\/v2\/comments?post=263864"}],"version-history":[{"count":0,"href":"https:\/\/www.europesays.com\/es\/wp-json\/wp\/v2\/posts\/263864\/revisions"}],"wp:featuredmedia":[{"embeddable":true,"href":"https:\/\/www.europesays.com\/es\/wp-json\/wp\/v2\/media\/261681"}],"wp:attachment":[{"href":"https:\/\/www.europesays.com\/es\/wp-json\/wp\/v2\/media?parent=263864"}],"wp:term":[{"taxonomy":"category","embeddable":true,"href":"https:\/\/www.europesays.com\/es\/wp-json\/wp\/v2\/categories?post=263864"},{"taxonomy":"post_tag","embeddable":true,"href":"https:\/\/www.europesays.com\/es\/wp-json\/wp\/v2\/tags?post=263864"}],"curies":[{"name":"wp","href":"https:\/\/api.w.org\/{rel}","templated":true}]}}