{"id":263865,"date":"2025-11-30T15:34:09","date_gmt":"2025-11-30T15:34:09","guid":{"rendered":"https:\/\/www.europesays.com\/es\/263865\/"},"modified":"2025-11-30T15:34:09","modified_gmt":"2025-11-30T15:34:09","slug":"real-sociedad-2-3-villarreal-resumen-resultado-y-goles-del-partido-de-la-jornada-14-de-laliga-ea-sports-futbol","status":"publish","type":"post","link":"https:\/\/www.europesays.com\/es\/263865\/","title":{"rendered":"Real Sociedad 2-3 Villarreal: resumen, resultado y goles del partido de la jornada 14 de LaLiga EA Sports | F\u00fatbol"},"content":{"rendered":"<p>Real Sociedad y Villarreal firman un partido de alto voltaje y goles espectaculares para abrir el domingo de la jornada 14. Los de Marcelino se adelantaron en la primera parte con un tanto de Ayoze, llegando el choque al descanso con 0-1. La segunda mitad lleg\u00f3 cargada con otros cuatro goles, aut\u00e9nticos golazos, de larga distancia. Moleiro coloc\u00f3 primero el 0-2, Soler respondi\u00f3 al instante con otro gran disparo y Barrenetxea, luciendo un gran monento de forma, igual\u00f3 la contienda de falta directa. Eso s\u00ed, Moleiro a\u00fan guardaba otro misil en la chistera para el 2-3 final. <\/p>\n<p>El partido arranc\u00f3 en Anoeta con un ritmo fren\u00e9tico entre ambos conjuntos. La Real se mostr\u00f3 muy agresiva en tareas defensivas y de presi\u00f3n, hasta conseguir arrebatarle la posesi\u00f3n a los de Marcelino y dominarla durante buenos minutos. En ese tramo llegaron las ocasiones m\u00e1s claras, desde las botas de Sadiq y Kubo, pero sin \u00e9xito sobre la porter\u00eda de Luiz J\u00fanior.<\/p>\n<p>El Villarreal supo aprovechar su velocidad a la contra y as\u00ed encontr\u00f3 Ayoze el 0-1. Gran infiltrada de Pedraza en el espacio entre lateral y central, filtrando un pase raso al coraz\u00f3n del \u00e1rea que remataba el canario lanz\u00e1ndose en plancha. El noqueo de los de Sergio Francisco dur\u00f3 algunos minutos y a punto estuvo Gerard Moreno de aprovecharlo con una ocasi\u00f3n clar\u00edsima. La Real, eso s\u00ed, recuper\u00f3 el pulso del partido en los minutos previos al descanso y a punto estuvo de conseguir el empate.<\/p>\n<p>Sergio Francisco apost\u00f3 por Barrenetxea en la segunda parte, retirando a Sadiq y ubicando a Guedes como falso 9. No hubo tiempo de comprobar el cambio t\u00e1ctico, porque Moleiro se invent\u00f3 un gran disparo desde la frontal del \u00e1rea, tras una espectacular descarga de tac\u00f3n de Ayoze, para el 0-2. No tard\u00f3 nada Soler en subir la apuesta de los golazos: completamente est\u00e1tico, el valenciano enviaba un lanzamiento casi de falta a la escuadra contraria de Luiz Junior. <\/p>\n<p>A\u00fan quedaban por ver dos grandes goles en la tarde donostiarra. El primero llegar\u00eda desde las botas de Barrenetxea, que confirma as\u00ed su gran momento de forma, anotando desde fuera del \u00e1rea un precioso lanzamiento de falta. Cuando los dos equipos daban por hecho el empate, Moleiro aprovechar\u00eda un rechace a la salida de un c\u00f3rner para enca\u00f1onar la cepa del poste y colocar el 2-3 final. <\/p>\n","protected":false},"excerpt":{"rendered":"Real Sociedad y Villarreal firman un partido de alto voltaje y goles espectaculares para abrir el domingo de&hellip;\n","protected":false},"author":2,"featured_media":263866,"comment_status":"","ping_status":"","sticky":false,"template":"","format":"standard","meta":{"footnotes":""},"categories":[93],"tags":[1765,168,25,24,23,167,1766],"class_list":{"0":"post-263865","1":"post","2":"type-post","3":"status-publish","4":"format-standard","5":"has-post-thumbnail","7":"category-deportes","8":"tag-bestof","9":"tag-deportes","10":"tag-es","11":"tag-espana","12":"tag-spain","13":"tag-sports","14":"tag-topix"},"share_on_mastodon":{"url":"https:\/\/pubeurope.com\/@es\/115639384115507115","error":""},"_links":{"self":[{"href":"https:\/\/www.europesays.com\/es\/wp-json\/wp\/v2\/posts\/263865","targetHints":{"allow":["GET"]}}],"collection":[{"href":"https:\/\/www.europesays.com\/es\/wp-json\/wp\/v2\/posts"}],"about":[{"href":"https:\/\/www.europesays.com\/es\/wp-json\/wp\/v2\/types\/post"}],"author":[{"embeddable":true,"href":"https:\/\/www.europesays.com\/es\/wp-json\/wp\/v2\/users\/2"}],"replies":[{"embeddable":true,"href":"https:\/\/www.europesays.com\/es\/wp-json\/wp\/v2\/comments?post=263865"}],"version-history":[{"count":0,"href":"https:\/\/www.europesays.com\/es\/wp-json\/wp\/v2\/posts\/263865\/revisions"}],"wp:featuredmedia":[{"embeddable":true,"href":"https:\/\/www.europesays.com\/es\/wp-json\/wp\/v2\/media\/263866"}],"wp:attachment":[{"href":"https:\/\/www.europesays.com\/es\/wp-json\/wp\/v2\/media?parent=263865"}],"wp:term":[{"taxonomy":"category","embeddable":true,"href":"https:\/\/www.europesays.com\/es\/wp-json\/wp\/v2\/categories?post=263865"},{"taxonomy":"post_tag","embeddable":true,"href":"https:\/\/www.europesays.com\/es\/wp-json\/wp\/v2\/tags?post=263865"}],"curies":[{"name":"wp","href":"https:\/\/api.w.org\/{rel}","templated":true}]}}