{"id":263869,"date":"2025-11-30T15:36:13","date_gmt":"2025-11-30T15:36:13","guid":{"rendered":"https:\/\/www.europesays.com\/es\/263869\/"},"modified":"2025-11-30T15:36:13","modified_gmt":"2025-11-30T15:36:13","slug":"hoy-la-vida-me-sabe-mejor-toca-celebrar","status":"publish","type":"post","link":"https:\/\/www.europesays.com\/es\/263869\/","title":{"rendered":"Hoy la vida me sabe mejor. Toca celebrar"},"content":{"rendered":"<p><img loading=\"lazy\" decoding=\"async\" src=\"https:\/\/www.europesays.com\/es\/wp-content\/uploads\/2025\/10\/1760450890_434_100x100_informalia-logo.jpg\" itemtype=\"\/\/schema.org\/ImageObject\" itemprop=\"url\" alt=\"Informalia\" width=\"64\" height=\"64\" pinger-seen=\"true\"\/><\/p>\n<p>Este jueves 27 se conoc\u00eda la sentencia que sacude al universo televisivo en los \u00faltimos d\u00edas: \u00d3scar Cornejo y Adri\u00e1n Madrid, productores de La Osa, han sido <a href=\"https:\/\/www.eleconomista.es\/informalia\/television\/noticias\/13665451\/11\/25\/condenan-a-los-productores-oscar-cornejo-y-adrian-madrid-a-dos-anos-de-carcel-por-revelar-en-television-un-episodio-de-rocio-flores-cuando-era-menor.html\" title=\"Condenan a los productores \u00d3scar Cornejo y Adri\u00e1n Madrid a dos a\u00f1os de c\u00e1rcel por revelar en televisi\u00f3n un episodio de Roc\u00edo Flores cuando era menor\" rel=\"nofollow noopener\" target=\"_blank\">condenados a dos a\u00f1os de prisi\u00f3n<\/a> por un delito de revelaci\u00f3n de secretos tras emitir, en la docuserie de Roc\u00edo Carrasco, las im\u00e1genes del conflicto con su hija Roc\u00edo Flores cuando esta era menor.<\/p>\n<p>La Audiencia Provincial de Madrid dict\u00f3 adem\u00e1s que ambos <b>deben indemnizar a la hija de Antonio David Flores con 200.000 euros<\/b> y quedan inhabilitados profesionalmente durante dos a\u00f1os. Una condena que llega despu\u00e9s de que la propia Roc\u00edo recurriese la primera negativa del juzgado que archiv\u00f3 la causa. <\/p>\n<p>Tras conocerse la noticia, <b>la nieta de Roc\u00edo Jurado ha hecho las maletas y ha puesto rumbo a Jerez de la Frontera con su t\u00eda<\/b> <b>Gloria Camila<\/b>, con quien mantiene una estrecha relaci\u00f3n. Un reencuentro familiar que, en un momento tan medi\u00e1tico, cobra especial protagonismo en este fin de semana.<\/p>\n<p>                            <img decoding=\"async\" src=\"https:\/\/www.europesays.com\/es\/wp-content\/uploads\/2025\/11\/jerez-frontera.jpg\" loading=\"lazy\"\/><\/p>\n<p>T\u00eda y sobrina han aprovechado el reencuentro para disfrutar de tiempo de calidad, entre comidas caseras y la acogedora decoraci\u00f3n navide\u00f1a que Gloria Camila ya luce en su casa, antes de embarcar en el avi\u00f3n. \u00abEntre esto, la chimenea, el \u00e1rbol de Navidad, decoraci\u00f3n por todos lados, los perros, el puchero\u2026 <b>creo que ya damos por bienvenida a la Navidad<\/b>\u00ab, escrib\u00eda la hija de Ortega Cano en una de sus historias de Instagram, donde tambi\u00e9n aparec\u00eda Ro saboreando un plato de puchero.<\/p>\n<p>                            <img decoding=\"async\" src=\"https:\/\/www.europesays.com\/es\/wp-content\/uploads\/2025\/11\/gloria-camila.jpg\" loading=\"lazy\"\/><\/p>\n<p>Y es que este fin de semana Jerez celebra sus populares Zambombas, cita en la que sus calles se llenan de m\u00fasica, palmas y villancicos. En medio de ese ambiente festivo, hemos visto a la hija de Roc\u00edo Carrasco brindar con sus amigas. <b>\u00abHoy la vida me sabe mejor. Toca celebrar\u00bb<\/b>, comparti\u00f3 Ro en una de sus historias. Despu\u00e9s, han publicado m\u00e1s v\u00eddeos disfrutando de la noche jerezana en una discoteca.<\/p>\n<p>                            <img decoding=\"async\" src=\"https:\/\/www.europesays.com\/es\/wp-content\/uploads\/2025\/11\/historia-ro-flores.jpg\" loading=\"lazy\"\/><\/p>\n<p>WhatsApp<a href=\"https:\/\/api.whatsapp.com\/send?text=https:\/\/www.eleconomista.es\/informalia\/famosos\/noticias\/13669340\/11\/25\/el-plan-familiar-de-rocio-flores-tras-la-condena-de-oscar-cornejo-y-adrian-madrid-hoy-la-vida-me-sabe-mejor-toca-celebrar.html?utm_source%3Dwhatsapp%26utm_medium%3Dshare_button&amp;id=1648118629957_whatsapp\" target=\"_blank\" data-action=\"share\/whatsapp\/share\" aria-label=\"Compartir en Whatsapp\" rel=\"nofollow noopener\"><\/a>Facebook<a id=\"fb-share\" href=\"#\" target=\"_blank\" rel=\"noopener noreferrer\" aria-label=\"Compartir en Facebook\"><\/a>Twitter<a href=\"https:\/\/twitter.com\/share?text=El+plan+familiar+de+Roc%C3%ADo+Flores+tras+la+condena+de+%C3%93scar+Cornejo+y+Adri%C3%A1n+Madrid%3A+%22Hoy+la+vida+me+sabe+mejor.+Toca+celebrar%22&amp;url=https:\/\/www.eleconomista.es\/informalia\/famosos\/noticias\/13669340\/11\/25\/el-plan-familiar-de-rocio-flores-tras-la-condena-de-oscar-cornejo-y-adrian-madrid-hoy-la-vida-me-sabe-mejor-toca-celebrar.html&amp;via=Informalia&amp;id=1648118839245_twitter\" target=\"_blank\" aria-label=\"Compartir en Twitter\" rel=\"nofollow noopener\"><\/a>Linkedin<a onclick=\"return abrirLinkedin();\" href=\"https:\/\/www.linkedin.com\/shareArticle?text=El+plan+familiar+de+Roc%C3%ADo+Flores+tras+la+condena+de+%C3%93scar+Cornejo+y+Adri%C3%A1n+Madrid%3A+%22Hoy+la+vida+me+sabe+mejor.+Toca+celebrar%22&amp;url=https:\/\/www.eleconomista.es\/informalia\/famosos\/noticias\/13669340\/11\/25\/el-plan-familiar-de-rocio-flores-tras-la-condena-de-oscar-cornejo-y-adrian-madrid-hoy-la-vida-me-sabe-mejor-toca-celebrar.html&amp;mini=true\" target=\"_blank\" aria-label=\"Compartir en linkedin\" rel=\"nofollow noopener\"><\/a>Beloud<a href=\"https:\/\/beloud.com\/share?text=El+plan+familiar+de+Roc%C3%ADo+Flores+tras+la+condena+de+%C3%93scar+Cornejo+y+Adri%C3%A1n+Madrid%3A+%22Hoy+la+vida+me+sabe+mejor.+Toca+celebrar%22&amp;url=https:\/\/www.eleconomista.es\/informalia\/famosos\/noticias\/13669340\/11\/25\/el-plan-familiar-de-rocio-flores-tras-la-condena-de-oscar-cornejo-y-adrian-madrid-hoy-la-vida-me-sabe-mejor-toca-celebrar.html&amp;via=Informalia&amp;id=1648118839245_beloud\" target=\"_blank\" aria-label=\"Compartir en beloud\" rel=\"nofollow noopener\"><\/a>Bluesky<a href=\"https:\/\/bsky.app\/intent\/compose?text=https:\/\/bsky.app\/intent\/compose?text=https:\/\/www.eleconomista.es\/informalia\/famosos\/noticias\/13669340\/11\/25\/el-plan-familiar-de-rocio-flores-tras-la-condena-de-oscar-cornejo-y-adrian-madrid-hoy-la-vida-me-sabe-mejor-toca-celebrar.html&amp;url=https:\/\/www.eleconomista.es\/informalia\/famosos\/noticias\/13669340\/11\/25\/el-plan-familiar-de-rocio-flores-tras-la-condena-de-oscar-cornejo-y-adrian-madrid-hoy-la-vida-me-sabe-mejor-toca-celebrar.html&amp;via=elEconomistaes&amp;id=1648118839245_bluesky\" target=\"_blank\" aria-label=\"Compartir en bluesky\" rel=\"nofollow noopener\"><\/a><\/p>\n<p><script async src=\"https:\/\/platform.twitter.com\/widgets.js\" charset=\"utf-8\"><\/script><\/p>\n","protected":false},"excerpt":{"rendered":"Este jueves 27 se conoc\u00eda la sentencia que sacude al universo televisivo en los \u00faltimos d\u00edas: \u00d3scar Cornejo&hellip;\n","protected":false},"author":2,"featured_media":263870,"comment_status":"","ping_status":"","sticky":false,"template":"","format":"standard","meta":{"footnotes":""},"categories":[91],"tags":[146,147,25,24,260,23],"class_list":{"0":"post-263869","1":"post","2":"type-post","3":"status-publish","4":"format-standard","5":"has-post-thumbnail","7":"category-entretenimiento","8":"tag-entertainment","9":"tag-entretenimiento","10":"tag-es","11":"tag-espana","12":"tag-gente","13":"tag-spain"},"share_on_mastodon":{"url":"https:\/\/pubeurope.com\/@es\/115639391847972151","error":""},"_links":{"self":[{"href":"https:\/\/www.europesays.com\/es\/wp-json\/wp\/v2\/posts\/263869","targetHints":{"allow":["GET"]}}],"collection":[{"href":"https:\/\/www.europesays.com\/es\/wp-json\/wp\/v2\/posts"}],"about":[{"href":"https:\/\/www.europesays.com\/es\/wp-json\/wp\/v2\/types\/post"}],"author":[{"embeddable":true,"href":"https:\/\/www.europesays.com\/es\/wp-json\/wp\/v2\/users\/2"}],"replies":[{"embeddable":true,"href":"https:\/\/www.europesays.com\/es\/wp-json\/wp\/v2\/comments?post=263869"}],"version-history":[{"count":0,"href":"https:\/\/www.europesays.com\/es\/wp-json\/wp\/v2\/posts\/263869\/revisions"}],"wp:featuredmedia":[{"embeddable":true,"href":"https:\/\/www.europesays.com\/es\/wp-json\/wp\/v2\/media\/263870"}],"wp:attachment":[{"href":"https:\/\/www.europesays.com\/es\/wp-json\/wp\/v2\/media?parent=263869"}],"wp:term":[{"taxonomy":"category","embeddable":true,"href":"https:\/\/www.europesays.com\/es\/wp-json\/wp\/v2\/categories?post=263869"},{"taxonomy":"post_tag","embeddable":true,"href":"https:\/\/www.europesays.com\/es\/wp-json\/wp\/v2\/tags?post=263869"}],"curies":[{"name":"wp","href":"https:\/\/api.w.org\/{rel}","templated":true}]}}