{"id":263875,"date":"2025-11-30T15:39:17","date_gmt":"2025-11-30T15:39:17","guid":{"rendered":"https:\/\/www.europesays.com\/es\/263875\/"},"modified":"2025-11-30T15:39:17","modified_gmt":"2025-11-30T15:39:17","slug":"netanyahu-solicita-oficialmente-el-indulto-en-su-juicio-por-corrupcion","status":"publish","type":"post","link":"https:\/\/www.europesays.com\/es\/263875\/","title":{"rendered":"Netanyahu solicita oficialmente el indulto en su juicio por corrupci\u00f3n"},"content":{"rendered":"<p>    <img src=\"https:\/\/www.europesays.com\/es\/wp-content\/uploads\/2025\/11\/2025-11-30T133A123A15Z-90557835.jpg\" width=\"1024\" height=\"682\" alt=\"\" loading=\"eager\" decoding=\"sync\" fetchpriority=\"high\"\/><\/p>\n<p>            afp_tickers        <\/p>\n<p>        Este contenido fue publicado en    <\/p>\n<p>        30 noviembre 2025 &#8211; 14:12\n<\/p>\n<p>El primer ministro de Israel, Benjamin Netanyahu, que afronta un juicio por corrupci\u00f3n, anunci\u00f3 el domingo que hab\u00eda presentado una solicitud formal de indulto al presidente Isaac Herzog, alegando que los prolongados procesos judiciales est\u00e1n dividiendo al pa\u00eds.<\/p>\n<p>El presidente estadounidense, Donald Trump, le escribi\u00f3 a Herzog a principios de este mes para pedirle que indultara a Netanyahu, quien ha negado repetidamente haber cometido irregularidades en los procesos judiciales en curso.<\/p>\n<p>La oficina del presidente israel\u00ed indic\u00f3 el domingo que \u00abse trata de una solicitud extraordinaria que conlleva importantes implicaciones\u00bb. \u00abTras recibir todas las opiniones pertinentes, el presidente considerar\u00e1 la solicitud de forma responsable y sincera\u00bb, manifest\u00f3 un comunicado.<\/p>\n<p>Aunque afirm\u00f3 querer llevar el juicio hasta el final para demostrar su inocencia, Netanyahu justific\u00f3 posteriormente esta solicitud en nombre del \u00abinter\u00e9s p\u00fablico\u00bb en un video difundido por sus servicios, en el que destac\u00f3 los \u00abenormes retos\u00bb a los que se enfrenta el pa\u00eds.<\/p>\n<p>\u00abLa continuaci\u00f3n del juicio nos est\u00e1 desgarrando por dentro, provocando profundas divisiones e intensificando las fracturas\u00bb, argument\u00f3 el primer ministro en su video, en un contexto de fuertes divisiones pol\u00edticas entre sus partidarios y detractores.<\/p>\n<p>\u00abEstoy convencido, como muchos otros en el pa\u00eds, de que la finalizaci\u00f3n inmediata del juicio contribuir\u00e1 en gran medida a calmar las tensiones y a promover la reconciliaci\u00f3n general que nuestro pa\u00eds tanto necesita\u00bb, prosigui\u00f3.<\/p>\n<p>\u2013 Nuevo candidato \u2013<\/p>\n<p>Netanyahu record\u00f3 que su juicio comenz\u00f3 hace casi seis a\u00f1os y afirm\u00f3 que testificar tres veces por semana era \u00abuna exigencia imposible de cumplir\u00bb.<\/p>\n<p>En septiembre, Herzog insinu\u00f3 que podr\u00eda concederle el indulto, declarando en una entrevista en la radio del ej\u00e9rcito que el juicio del primer ministro \u00abpesa mucho sobre la sociedad israel\u00ed\u00bb.<\/p>\n<p>Netanyahu y su esposa, Sara, est\u00e1n acusados de haber aceptado productos de lujo por valor de m\u00e1s de 260.000 d\u00f3lares, como puros, joyas y champ\u00e1n, de multimillonarios a cambio de favores pol\u00edticos.<\/p>\n<p>En otros dos casos, se le acusa de haber intentado negociar una cobertura m\u00e1s favorable en dos medios de comunicaci\u00f3n israel\u00edes.<\/p>\n<p>A sus 76 a\u00f1os, Netanyahu es el primer ministro israel\u00ed que m\u00e1s a\u00f1os ha permanecido en el cargo, con m\u00e1s de 18 a\u00f1os al frente de Israel desde 1996.<\/p>\n<p>El dirigente anunci\u00f3 que se presentar\u00e1 a las pr\u00f3ximas elecciones, que se celebrar\u00e1n antes de que finalice el a\u00f1o 2026.<\/p>\n<p>Durante su actual mandato, que comenz\u00f3 a finales de 2022, el l\u00edder del partido de derecha Likud propuso reformas judiciales de gran envergadura que, seg\u00fan sus detractores, ten\u00edan como objetivo debilitar los tribunales.<\/p>\n<p>Su proyecto desencaden\u00f3 manifestaciones masivas que no terminaron hasta el inicio de la guerra en la Franja de Gaza, provocada por el ataque de Ham\u00e1s contra Israel el 7 de octubre de 2023.<\/p>\n<p>dms\/avm\/sag\/hgs\/pc<\/p>\n","protected":false},"excerpt":{"rendered":"afp_tickers Este contenido fue publicado en 30 noviembre 2025 &#8211; 14:12 El primer ministro de Israel, Benjamin Netanyahu,&hellip;\n","protected":false},"author":2,"featured_media":263876,"comment_status":"","ping_status":"","sticky":false,"template":"","format":"standard","meta":{"footnotes":""},"categories":[42],"tags":[17,18,13,14,11,61,62,63,64,19,20,7657,9,10,15,16,88,90,12,21,22,65,66,67],"class_list":{"0":"post-263875","1":"post","2":"type-post","3":"status-publish","4":"format-standard","5":"has-post-thumbnail","7":"category-internacional","8":"tag-breaking-news","9":"tag-breakingnews","10":"tag-featured-news","11":"tag-featurednews","12":"tag-headlines","13":"tag-internacional","14":"tag-international","15":"tag-international-news","16":"tag-internationalnews","17":"tag-latest-news","18":"tag-latestnews","19":"tag-law-and-order","20":"tag-news","21":"tag-noticias","22":"tag-noticias-destacadas","23":"tag-noticiasdestacadas","24":"tag-politics","25":"tag-ticker","26":"tag-titulares","27":"tag-ultimas-noticias","28":"tag-ultimasnoticias","29":"tag-world","30":"tag-world-news","31":"tag-worldnews"},"share_on_mastodon":{"url":"https:\/\/pubeurope.com\/@es\/115639404002011216","error":""},"_links":{"self":[{"href":"https:\/\/www.europesays.com\/es\/wp-json\/wp\/v2\/posts\/263875","targetHints":{"allow":["GET"]}}],"collection":[{"href":"https:\/\/www.europesays.com\/es\/wp-json\/wp\/v2\/posts"}],"about":[{"href":"https:\/\/www.europesays.com\/es\/wp-json\/wp\/v2\/types\/post"}],"author":[{"embeddable":true,"href":"https:\/\/www.europesays.com\/es\/wp-json\/wp\/v2\/users\/2"}],"replies":[{"embeddable":true,"href":"https:\/\/www.europesays.com\/es\/wp-json\/wp\/v2\/comments?post=263875"}],"version-history":[{"count":0,"href":"https:\/\/www.europesays.com\/es\/wp-json\/wp\/v2\/posts\/263875\/revisions"}],"wp:featuredmedia":[{"embeddable":true,"href":"https:\/\/www.europesays.com\/es\/wp-json\/wp\/v2\/media\/263876"}],"wp:attachment":[{"href":"https:\/\/www.europesays.com\/es\/wp-json\/wp\/v2\/media?parent=263875"}],"wp:term":[{"taxonomy":"category","embeddable":true,"href":"https:\/\/www.europesays.com\/es\/wp-json\/wp\/v2\/categories?post=263875"},{"taxonomy":"post_tag","embeddable":true,"href":"https:\/\/www.europesays.com\/es\/wp-json\/wp\/v2\/tags?post=263875"}],"curies":[{"name":"wp","href":"https:\/\/api.w.org\/{rel}","templated":true}]}}