{"id":263877,"date":"2025-11-30T15:40:10","date_gmt":"2025-11-30T15:40:10","guid":{"rendered":"https:\/\/www.europesays.com\/es\/263877\/"},"modified":"2025-11-30T15:40:10","modified_gmt":"2025-11-30T15:40:10","slug":"la-generalitat-solicita-la-presencia-de-la-ume-ante-los-casos-de-peste-porcina-africana","status":"publish","type":"post","link":"https:\/\/www.europesays.com\/es\/263877\/","title":{"rendered":"La Generalitat solicita la presencia de la UME ante los casos de peste porcina africana"},"content":{"rendered":"<p class=\"L6-news-detail__text\">El <b>brote de peste porcina africana<\/b> que ya ha dejado 14 jabal\u00edes muertos en la zona de la sierra de Collserola (Barcelona) ha llevado a que la Generalitat, a trav\u00e9s de la Conselleria y junto con el Ministerio de Agricultura, reaccionen. En una rueda de prensa ofrecida este domingo tras la aparici\u00f3n de otros ocho animales muertos,<b> el conseller de Agricultura, \u00d2scar Ordeig, ha asegurado que el Govern ya ha solicitado formalmente la presencia de la <\/b><b><a title=\"Unidad Militar de Emergencias \" href=\"https:\/\/www.lasexta.com\/temas\/ume-1\" target=\"_blank\" rel=\"nofollow noopener\">Unidad Militar de Emergencias <\/a><\/b><b>(UME) en la zona<\/b>.<\/p>\n<p class=\"L6-news-detail__text\">La petici\u00f3n llega tan solo 48 despu\u00e9s de que se dieran a conocer los casos de peste en los animales y despu\u00e9s de que el ministro de Agricultura,<b><a title=\" Luis Planas, llamara a la &quot;tranquilidad&quot; este s\u00e1bado\" href=\"https:\/\/www.lasexta.com\/noticias\/nacional\/gobierno-llama-tranquilidad-casos-peste-porcina-africana-espana-abastecimiento-esta-garantizado_20251129692adf516e5e5012dcd373bb.html\" target=\"_blank\" rel=\"nofollow noopener\"> Luis Planas, llamara a la \u00abtranquilidad\u00bb este s\u00e1bado<\/a><\/b>. \u00abEstamos movilizando los recursos necesarios para gestionar esta crisis sanitaria, pedimos la colaboraci\u00f3n de toda la gente que pueda ayudar en esta situaci\u00f3n\u00bb, ha se\u00f1alado el conseller, que ha hecho hincapi\u00e9 en que la problem\u00e1tica \u00abno solo es un tema agricultor, es algo de pa\u00eds\u00bb.<\/p>\n<p class=\"L6-news-detail__text\">Seg\u00fan Ordeig, <b>la peste porcina africana no ha llegado a las 39 granjas cercanas<\/b> despu\u00e9s de que se hayan realizado anal\u00edticas de los animales. \u00ab<b>Hay que actuar r\u00e1pido y que se usen los recursos necesarios<\/b>. No hay que ir a Collserola, hay zonas que no se pueden pisar y quien lo haga tendr\u00e1 una sanci\u00f3n. Hay restricciones y tolerancia cero a quien ponga en riesgo la propagaci\u00f3n del virus que tendr\u00eda consecuencias nefastas\u00bb, ha afirmado.<\/p>\n<p class=\"L6-news-detail__text\">Desde la Conseller\u00eda aseguran que, por el momento, hay dos jabal\u00edes de los que han hallado este domingo que han dado positivo en peste porcina africana (PPA), confirmados por el laboratorio de referencia del Ministerio y localizados en Cerdanyola del Vall\u00e8s. Hay otros cuatro sospechosos que todav\u00eda no han sido confirmados.<\/p>\n<p>\u00abEvitar que los jabal\u00edes salgan de la zona\u00bb<\/p>\n<p class=\"L6-news-detail__text\">Ordeig tambi\u00e9n ha puesto de manifiesto que los datos de los animales afectados llegan desde el Ministerio y no desde la Conselleria. \u00abSi se han encontrado m\u00e1s animales muertos en Cerdanyola, de momento todos los sospechosos se encuentran en el mismo radio. <b>El foco est\u00e1 muy localizado<\/b> y la prioridad es que no salgan de aqu\u00ed\u00bb, ha incidido.<\/p>\n<p class=\"L6-news-detail__text\">Adem\u00e1s, ha reiterado que<b> hay que evitar que los jabal\u00edes salgan de la zona infectad<\/b>a. \u00abMovilizaremos todo los recursos para que el impacto sea el menor posible\u00bb, ha insistido.<\/p>\n<p class=\"L6-news-detail__text\">Tras la aparici\u00f3n de los jabal\u00edes muertos este fin de semana, el conseller ha se\u00f1alado que <b>los animales positivos se encuentran en los seis kil\u00f3metros de Collserola<\/b> y ha reiterado que los que han analizado fuera del radio han dado negativo.<\/p>\n<p class=\"L6-news-detail__text\">La peste porcina africana, como se\u00f1al\u00f3 este s\u00e1bado el ministro de Agricultura, <b>solo afecta a animales<\/b> y no puede contagiarse a las personas.<\/p>\n<p class=\"L6-news-detail__text\"><a title=\"*Sigue a laSexta en Google. Toda la actualidad y el mejor contenido aqu\u00ed.\" href=\"https:\/\/profile.google.com\/cp\/CgkvbS8wZG5xejA\" target=\"_blank\" rel=\"nofollow noopener\"><b>*Sigue a laSexta en Google. Toda la actualidad y el mejor contenido aqu\u00ed.<\/b><\/a><\/p>\n<p class=\"L6-support-news-video__title\">Estrenados este s\u00e1bado<\/p>\n<p>            <a href=\"https:\/\/www.lasexta.com\/noticias\/sociedad\/polemica-burgos-recien-estrenados-portones-bronce-catedral_20251129692b4fb26e5e5012dcd3e3d0.html\" class=\"L6-news__link\" rel=\"nofollow noopener\" target=\"_blank\"><br \/>\n                La catedral de Burgos expone los pol\u00e9micos portones de bronce de Antonio L\u00f3pez<\/p>\n<p class=\"recirculation-video-desc\">Los detalles \u00abSi la obra es buena da un poco igual el sitio y si no es buena, tambi\u00e9n\u00bb, ha defendido el artista en la inauguraci\u00f3n en el museo catedralicio, donde finalmente quedar\u00e1n expuestas.<\/p>\n<p>            <\/a><\/p>\n","protected":false},"excerpt":{"rendered":"El brote de peste porcina africana que ya ha dejado 14 jabal\u00edes muertos en la zona de la&hellip;\n","protected":false},"author":2,"featured_media":263878,"comment_status":"","ping_status":"","sticky":false,"template":"","format":"standard","meta":{"footnotes":""},"categories":[8],"tags":[17,18,25,24,13,14,11,19,20,9,10,15,16,23,12,21,22],"class_list":{"0":"post-263877","1":"post","2":"type-post","3":"status-publish","4":"format-standard","5":"has-post-thumbnail","7":"category-espana","8":"tag-breaking-news","9":"tag-breakingnews","10":"tag-es","11":"tag-espana","12":"tag-featured-news","13":"tag-featurednews","14":"tag-headlines","15":"tag-latest-news","16":"tag-latestnews","17":"tag-news","18":"tag-noticias","19":"tag-noticias-destacadas","20":"tag-noticiasdestacadas","21":"tag-spain","22":"tag-titulares","23":"tag-ultimas-noticias","24":"tag-ultimasnoticias"},"share_on_mastodon":{"url":"https:\/\/pubeurope.com\/@es\/115639407359240864","error":""},"_links":{"self":[{"href":"https:\/\/www.europesays.com\/es\/wp-json\/wp\/v2\/posts\/263877","targetHints":{"allow":["GET"]}}],"collection":[{"href":"https:\/\/www.europesays.com\/es\/wp-json\/wp\/v2\/posts"}],"about":[{"href":"https:\/\/www.europesays.com\/es\/wp-json\/wp\/v2\/types\/post"}],"author":[{"embeddable":true,"href":"https:\/\/www.europesays.com\/es\/wp-json\/wp\/v2\/users\/2"}],"replies":[{"embeddable":true,"href":"https:\/\/www.europesays.com\/es\/wp-json\/wp\/v2\/comments?post=263877"}],"version-history":[{"count":0,"href":"https:\/\/www.europesays.com\/es\/wp-json\/wp\/v2\/posts\/263877\/revisions"}],"wp:featuredmedia":[{"embeddable":true,"href":"https:\/\/www.europesays.com\/es\/wp-json\/wp\/v2\/media\/263878"}],"wp:attachment":[{"href":"https:\/\/www.europesays.com\/es\/wp-json\/wp\/v2\/media?parent=263877"}],"wp:term":[{"taxonomy":"category","embeddable":true,"href":"https:\/\/www.europesays.com\/es\/wp-json\/wp\/v2\/categories?post=263877"},{"taxonomy":"post_tag","embeddable":true,"href":"https:\/\/www.europesays.com\/es\/wp-json\/wp\/v2\/tags?post=263877"}],"curies":[{"name":"wp","href":"https:\/\/api.w.org\/{rel}","templated":true}]}}