{"id":263879,"date":"2025-11-30T15:41:12","date_gmt":"2025-11-30T15:41:12","guid":{"rendered":"https:\/\/www.europesays.com\/es\/263879\/"},"modified":"2025-11-30T15:41:12","modified_gmt":"2025-11-30T15:41:12","slug":"vicente-iborra-y-alvaro-del-moral-se-ponen-al-frente-del-primer-equipo-masculino-levante-ud","status":"publish","type":"post","link":"https:\/\/www.europesays.com\/es\/263879\/","title":{"rendered":"Vicente Iborra y \u00c1lvaro del Moral se ponen al frente del primer equipo masculino | Levante UD"},"content":{"rendered":"<p class=\"MsoNormal\" style=\"text-align: justify;\">El Levante UD comunica que <strong>Vicente Iborra <\/strong>y <strong>\u00c1lvaro del Moral<\/strong> asumir\u00e1n la direcci\u00f3n del primer equipo masculino a partir de ma\u00f1ana lunes, cuando est\u00e1 previsto que la plantilla se ejercite desde las 9:30 horas en la Ciudad Deportiva.<\/p>\n<p class=\"MsoNormal\" style=\"text-align: justify;\">Tras retirarse como futbolista el pasado verano, Iborra inici\u00f3 una nueva etapa en el club como <strong>asistente principal de Juli\u00e1n Calero<\/strong>, aportando su experiencia y liderazgo. Por su parte, Del Moral, comenz\u00f3 su andadura como entrenador en los banquillos de los equipos de la Cantera Granota y actualmente dirige al <strong>Atl\u00e9tico Levante UD<\/strong>.<\/p>\n","protected":false},"excerpt":{"rendered":"El Levante UD comunica que Vicente Iborra y \u00c1lvaro del Moral asumir\u00e1n la direcci\u00f3n del primer equipo masculino&hellip;\n","protected":false},"author":2,"featured_media":263880,"comment_status":"","ping_status":"","sticky":false,"template":"","format":"standard","meta":{"footnotes":""},"categories":[5],"tags":[17,18,25,24,13,14,11,19,20,9,10,15,16,23,12,21,22],"class_list":{"0":"post-263879","1":"post","2":"type-post","3":"status-publish","4":"format-standard","5":"has-post-thumbnail","7":"category-titulares","8":"tag-breaking-news","9":"tag-breakingnews","10":"tag-es","11":"tag-espana","12":"tag-featured-news","13":"tag-featurednews","14":"tag-headlines","15":"tag-latest-news","16":"tag-latestnews","17":"tag-news","18":"tag-noticias","19":"tag-noticias-destacadas","20":"tag-noticiasdestacadas","21":"tag-spain","22":"tag-titulares","23":"tag-ultimas-noticias","24":"tag-ultimasnoticias"},"share_on_mastodon":{"url":"https:\/\/pubeurope.com\/@es\/115639411246116205","error":""},"_links":{"self":[{"href":"https:\/\/www.europesays.com\/es\/wp-json\/wp\/v2\/posts\/263879","targetHints":{"allow":["GET"]}}],"collection":[{"href":"https:\/\/www.europesays.com\/es\/wp-json\/wp\/v2\/posts"}],"about":[{"href":"https:\/\/www.europesays.com\/es\/wp-json\/wp\/v2\/types\/post"}],"author":[{"embeddable":true,"href":"https:\/\/www.europesays.com\/es\/wp-json\/wp\/v2\/users\/2"}],"replies":[{"embeddable":true,"href":"https:\/\/www.europesays.com\/es\/wp-json\/wp\/v2\/comments?post=263879"}],"version-history":[{"count":0,"href":"https:\/\/www.europesays.com\/es\/wp-json\/wp\/v2\/posts\/263879\/revisions"}],"wp:featuredmedia":[{"embeddable":true,"href":"https:\/\/www.europesays.com\/es\/wp-json\/wp\/v2\/media\/263880"}],"wp:attachment":[{"href":"https:\/\/www.europesays.com\/es\/wp-json\/wp\/v2\/media?parent=263879"}],"wp:term":[{"taxonomy":"category","embeddable":true,"href":"https:\/\/www.europesays.com\/es\/wp-json\/wp\/v2\/categories?post=263879"},{"taxonomy":"post_tag","embeddable":true,"href":"https:\/\/www.europesays.com\/es\/wp-json\/wp\/v2\/tags?post=263879"}],"curies":[{"name":"wp","href":"https:\/\/api.w.org\/{rel}","templated":true}]}}