{"id":263882,"date":"2025-11-30T15:49:16","date_gmt":"2025-11-30T15:49:16","guid":{"rendered":"https:\/\/www.europesays.com\/es\/263882\/"},"modified":"2025-11-30T15:49:16","modified_gmt":"2025-11-30T15:49:16","slug":"el-celta-vuelve-a-citarse-con-navia","status":"publish","type":"post","link":"https:\/\/www.europesays.com\/es\/263882\/","title":{"rendered":"El Celta vuelve a citarse con Navia"},"content":{"rendered":"<p class=\"ft-text\">Segundo partido consecutivo del Celta Femxa Zorka en el pabell\u00f3n de Navia. En esta ocasi\u00f3n, el equipo entrenado por Cristina Cantero recibe la visita del La Laguna Toyota Adareva, \u00fanico equipo canario de la categor\u00eda. El equipo canario cuenta con un balance de cuatro victorias y otras tantas derrota, y est\u00e1 muy cerca de la \u00faltima plaza que clasifica para el play off.<\/p>\n<p class=\"ft-text\">Adareva solamente ha disputado tres de los ocho partidos de Liga fuera de casa, y los tres los ha cerrado con victoria. Sevilla, Zamora y Melilla fueron los tres triunfos, lo que confirma que es un rival peligroso y con mucho potencial. De los partidos perdidos, tres de ellos han sido por menos de dos puntos.<\/p>\n<p class=\"ft-text\">Es un equipo con mucho potencial bajo los tableros. Patricia Soler, pivot de 1.86 y Bojana Stevanovic son las dos jugadoras m\u00e1s destacadas del equipo. Es un equipo corto de efectivos, ya que solamente siete jugadoras han disputado los nueve partidos de Liga.<\/p>\n<p class=\"ft-text\">La semana de trabajo del equipo entrenado por Cristina Cantero se desarroll\u00f3 con absoluta normalidad. El equipo contin\u00faa dando pasos adelante y el equipo va a m\u00e1s. Un dato que lo confirman las siete victorias consecutivas del equipo, que lo mantienen en la segunda posici\u00f3n a la espera de un tropiezo del Azulmarino.<\/p>\n<p class=\"ft-text\">A la hora de analizar al equipo canario, Cristina Cantero apunt\u00f3 que \u00abes un equipo que cuando empez\u00f3 la temporada era de los que deb\u00eda estar arriba y yo creo que lo estar\u00e1. Lo vemos en mitad de la tabla, pero tiene resultados muy justos. Ha perdido de dos o tres puntos, contra Azulmarino, contra Unicaja o contra Ardoi\u00bb.<\/p>\n<p class=\"ft-text\"><strong>Equipo serio<\/strong><\/p>\n<p class=\"ft-text\">\u00abCreo que es un equipo muy serio\u00bb, prosigui\u00f3, \u00aba la hora de estar compensado entre el juego interior y exterior, con jugadoras como Patricia Soler o Marta G\u00f3mez. Son jugadoras que han ascendido con otros equipos y que tienen experiencia y calidad. Adem\u00e1s, es un equipo con aleros muy altos, Marta G\u00f3mez mide 1.85, Forsyth, la canadiense, igual, muy agresiva en uno contra uno. Pienso que tienen bastante peligro en bastantes posiciones\u00bb.<\/p>\n<p class=\"ft-text\">La entrenadora viguesa reconoce que \u00abva a ser un partido muy exigente, en donde nosotras tenemos que jugar a un buen ritmo, a ser m\u00e1s regulares. Nos van a exigir dominar nuestro rebote, que si no ellas, con lo grandes que son, van a generar segundas y terceras opciones y nos van a obligar a estar muy serias atr\u00e1s y aprovechar nuestras oportunidades en ataque, que creo que las vamos a tener\u00bb.<\/p>\n<p class=\"ft-text\">Para la Cristina, la clave del partido pasa por ver \u00absi somos capaces de llevar el ritmo, de ser alegres, de compartir bien el bal\u00f3n, pues obviamente vamos a tener nuestras opciones y espero que podamos sacar el partido. Pero ya digo que creo que va a ser un partido muy dif\u00edcil\u00bb.<\/p>\n<p class=\"ft-text\">En un principio todas las jugadoras est\u00e1n a disposici\u00f3n de la entrenadora, que recuper\u00f3 a varias que ararastraban diferente molestias desde hace alguno d\u00edas.<\/p>\n<p class=\"ft-text\">Tanto las jugadoras como la entrenadora viguesa hacen un llamamiento a los aficionados para que acudan al pabell\u00f3n de Navia para apoyar al equipo. Reconocen que el apoyo desde la grada les hace meterle una marcha m\u00e1s al partido en los momentos dif\u00edciles.<\/p>\n<p class=\"ft-text\">El equipo se ha fijado una meta hasta final de a\u00f1o, y es la de ganar los cuatro partidos que faltan, el de hoy ante Adareva, y los tres siguientes frente al La Cord\u00e1 de Paterna, Domusa Teknik ISB y Santfeliuenc.<\/p>\n<p class=\"ft-text\">HORA: 12.30 horas.<\/p>\n<p class=\"ft-text\">CAMPO: Pabell\u00f3n de Navia.<\/p>\n","protected":false},"excerpt":{"rendered":"Segundo partido consecutivo del Celta Femxa Zorka en el pabell\u00f3n de Navia. En esta ocasi\u00f3n, el equipo entrenado&hellip;\n","protected":false},"author":2,"featured_media":263883,"comment_status":"","ping_status":"","sticky":false,"template":"","format":"standard","meta":{"footnotes":""},"categories":[269],"tags":[299,298,290,65564,168,25,24,6839,20098,1386,156,23,167,739],"class_list":{"0":"post-263882","1":"post","2":"type-post","3":"status-publish","4":"format-standard","5":"has-post-thumbnail","7":"category-baloncesto","8":"tag-baloncesto","9":"tag-basketball","10":"tag-celta","11":"tag-citarse","12":"tag-deportes","13":"tag-es","14":"tag-espana","15":"tag-la-laguna","16":"tag-navia","17":"tag-plaza","18":"tag-serie","19":"tag-spain","20":"tag-sports","21":"tag-vuelve"},"share_on_mastodon":{"url":"https:\/\/pubeurope.com\/@es\/115639442849433735","error":""},"_links":{"self":[{"href":"https:\/\/www.europesays.com\/es\/wp-json\/wp\/v2\/posts\/263882","targetHints":{"allow":["GET"]}}],"collection":[{"href":"https:\/\/www.europesays.com\/es\/wp-json\/wp\/v2\/posts"}],"about":[{"href":"https:\/\/www.europesays.com\/es\/wp-json\/wp\/v2\/types\/post"}],"author":[{"embeddable":true,"href":"https:\/\/www.europesays.com\/es\/wp-json\/wp\/v2\/users\/2"}],"replies":[{"embeddable":true,"href":"https:\/\/www.europesays.com\/es\/wp-json\/wp\/v2\/comments?post=263882"}],"version-history":[{"count":0,"href":"https:\/\/www.europesays.com\/es\/wp-json\/wp\/v2\/posts\/263882\/revisions"}],"wp:featuredmedia":[{"embeddable":true,"href":"https:\/\/www.europesays.com\/es\/wp-json\/wp\/v2\/media\/263883"}],"wp:attachment":[{"href":"https:\/\/www.europesays.com\/es\/wp-json\/wp\/v2\/media?parent=263882"}],"wp:term":[{"taxonomy":"category","embeddable":true,"href":"https:\/\/www.europesays.com\/es\/wp-json\/wp\/v2\/categories?post=263882"},{"taxonomy":"post_tag","embeddable":true,"href":"https:\/\/www.europesays.com\/es\/wp-json\/wp\/v2\/tags?post=263882"}],"curies":[{"name":"wp","href":"https:\/\/api.w.org\/{rel}","templated":true}]}}