{"id":263884,"date":"2025-11-30T15:50:10","date_gmt":"2025-11-30T15:50:10","guid":{"rendered":"https:\/\/www.europesays.com\/es\/263884\/"},"modified":"2025-11-30T15:50:10","modified_gmt":"2025-11-30T15:50:10","slug":"sudada-y-merecida-victoria-del-barca-atletic-en-barbastro","status":"publish","type":"post","link":"https:\/\/www.europesays.com\/es\/263884\/","title":{"rendered":"Sudada y merecida victoria del Bar\u00e7a Atl\u00e8tic en Barbastro"},"content":{"rendered":"<p data-gtm-element-container=\"modulo-texto-link\" class=\"paragraph\">En el complicado equilibrio entre competir y formar, el <strong>Bar\u00e7a Atl\u00e8tic<\/strong> de <strong>Juliano Belletti<\/strong> viajaba al dif\u00edcil campo del <strong>Barbastro<\/strong>. Se encontraron el partido que esperaban, ante un rival robusto y pele\u00f3n. Los cul\u00e9s maduraron unos grados m\u00e1s. A los azulgrana les cost\u00f3 tener fases de dominio y se abrazaron a un <strong>Diego Kochen<\/strong> imperial en el \u00e1rea. <strong>Dani Rodr\u00edguez<\/strong> adelant\u00f3 al <strong>Bar\u00e7a <\/strong>y <strong>\u00c1lvaro Cort\u00e9s<\/strong> cerr\u00f3 el marcador en el descuento, desde el punto de penalti.<\/p>\n<p data-gtm-element-container=\"modulo-texto-link\" class=\"paragraph\">El <strong>Bar\u00e7a Atl\u00e8tic<\/strong> no tard\u00f3 demasiado en sentir la dureza de la categor\u00eda. Con una victoria en los \u00faltimos seis partidos, el extra de dificultad de la lista de lesionados y las llamadas del primer equipo, visitaba <strong>Barbastro<\/strong>. <strong>Belletti<\/strong> no hizo inventos. <strong>Kochen<\/strong> regres\u00f3 a la porter\u00eda y el t\u00e9cnico nutri\u00f3 de talento y de perfiles distintos el ataque con <strong>Toni Fern\u00e1ndez<\/strong>, <strong>Juan Hern\u00e1ndez<\/strong>, <strong>Sama Nomoko<\/strong> y <strong>\u00d3scar Ure\u00f1a<\/strong>.<\/p>\n<p><strong>Barbastro<\/strong>: Troya (2); Manu (1) (Caro -1- 68\u2019), Alarc\u00f3n (2), Mingotes (2), Jaime (2) (Monty -1- 68\u2019); Aar\u00f3n Fern\u00e1ndez (3), Sito (2), Ibra (1), Eder (2), Rodrigo (2) (Bautista -1- 75\u2019); Gabarre (1) (Kun -1- 68\u2019)<\/p>\n<p><strong>Bar\u00e7a Atl\u00e8tic<\/strong>: Kochen (3); Anaya (2), Mbacke (2), Cort\u00e9s (3), Oduro (2); Toni Fern\u00e1ndez (2) (Dani Rodr\u00edguez -3- 55\u2019), Roger Mart\u00ednez (3), Brian Fari\u00f1as (2) (Guille Fern\u00e1ndez -2- 55\u2019); Sama Nomoko (3) (Quim Junyent -sc- 93\u2019), \u00d3scar Ure\u00f1a (2) (Shane Kluivert -2- 82\u2019), Juan Hern\u00e1ndez (2)<\/p>\n<p><strong>Goles<\/strong>: 0-1, Dani Rodr\u00edguez (61&#8242;), 0-2, \u00c1lvaro Cort\u00e9s (92&#8242;)<\/p>\n<p><strong>\u00c1rbitro<\/strong>:\u00a0Jon Andrade Del Olmo (Euskadi) amonest\u00f3 a Sama (61&#8242;), Sito (76&#8242;) y Troya (90&#8242;)<\/p>\n<p>\n                ver ficha partido\n            <\/p>\n<p data-gtm-element-container=\"modulo-texto-link\" class=\"paragraph\">En los primeros minutos, el filial ya sinti\u00f3 que tocar\u00eda remar mucho para conseguir los tres puntos. Ante un rival aguerrido y pegajoso y un c\u00e9sped que hac\u00eda botar la pelota sin previo aviso, al <strong>Bar\u00e7a <\/strong>le cost\u00f3 hacerse con el control. Estir\u00f3 las posesiones y amas\u00f3 el bal\u00f3n, pero no lograba encontrar a sus jugadores diferenciales en posiciones ventajosas. <strong>Juan Hern\u00e1ndez<\/strong> dio el primer aviso desde la frontal y <strong>Sama <\/strong>tuvo dos tiros consecutivos que detuvo <strong>Troya<\/strong>.<\/p>\n<p data-gtm-element-container=\"modulo-texto-link\" class=\"paragraph\">El <strong>Bar\u00e7a <\/strong>se estir\u00f3 por el carril de <strong>Oduro<\/strong>, pero apenas activ\u00f3 a <strong>Juan<\/strong>, <strong>Toni <\/strong>o <strong>Sama<\/strong>. <strong>Ure\u00f1a<\/strong>, en punta, tuvo un duelo dif\u00edcil ante centrales robustos como <strong>Mingotes <\/strong>y <strong>Alarc\u00f3n<\/strong>. A medida que el primer tiempo madur\u00f3, el <strong>Barbastro <\/strong>comenz\u00f3 a crecer. No a partir del bal\u00f3n, porque no lo necesitaba para intimidar. Se dedic\u00f3 a proyectarse por la derecha, la banda de <strong>Aar\u00f3n<\/strong>, y a alimentar el \u00e1rea rival siempre que les fue posible. En un c\u00f3rner tuvieron la oportunidad m\u00e1s clara. <strong>Diego Kochen<\/strong>, con una mano espectacular, salv\u00f3 el 1-0 tras un cabezazo de <strong>Mingotes<\/strong>.<\/p>\n<p data-gtm-element-container=\"modulo-texto-link\" class=\"paragraph\">A los 10 minutos del segundo tiempo, <strong>Belletti <\/strong>removi\u00f3 las fichas y dio entrada a <strong>Guille <\/strong>y <strong>Dani<\/strong>. Tras un robo de <strong>Juan <\/strong>en el \u00faltimo tercio de campo, el centrocampista asisti\u00f3 a <strong>Dani<\/strong>, que hundi\u00f3 el bal\u00f3n en la red. El 0-1 reforz\u00f3 a un <strong>Bar\u00e7a <\/strong>que esperaba que el <strong>Barbastro <\/strong>cambiara su planteamiento. Con el paso de los minutos, los azulgrana lograron anestesiar el ritmo del partido con posesiones cada vez m\u00e1s largas y controladas y un <strong>Barbastro <\/strong>en declive f\u00edsicamente.<\/p>\n<p data-gtm-element-container=\"modulo-texto-link\" class=\"paragraph\">Los aragoneses siguieron apoy\u00e1ndose en los centros, sobre todo de <strong>Aar\u00f3n<\/strong>, muy activo durante el partido, pero <strong>Kochen <\/strong>se mostr\u00f3 muy sobrio en el \u00e1rea. Una de las noticias negativas fue la lesi\u00f3n de <strong>Ure\u00f1a<\/strong>. El dominicano fue sustituido en el tramo final tras una mala ca\u00edda, en la que impact\u00f3 con el hombro en el c\u00e9sped. Ya en el a\u00f1adido, en una de esas carreras infinitas de <strong>Sama<\/strong>, el portero <strong>Troya <\/strong>derrib\u00f3 al extremo y el colegiado se\u00f1al\u00f3 penalti. Fue una acci\u00f3n muy protestada por los locales.<\/p>\n<p>    Lee tambi\u00e9n<\/p>\n<p data-gtm-element-container=\"modulo-texto-link\" class=\"paragraph\">El encargado de lanzarlo fue <strong>\u00c1lvaro Cort\u00e9s<\/strong>. El central, adem\u00e1s cerrar la victoria, se mostr\u00f3 muy seguro abajo. A\u00fan tendr\u00eda el <strong>Barbastro <\/strong>un \u00faltimo intento, que <strong>Mbacke <\/strong>despejar\u00eda sobre la misma l\u00ednea de gol. Los de <strong>Bellettti <\/strong>se llevaron tres puntos sufridos y sudados para seguir enganchados a la parte alta de la tabla.<\/p>\n","protected":false},"excerpt":{"rendered":"En el complicado equilibrio entre competir y formar, el Bar\u00e7a Atl\u00e8tic de Juliano Belletti viajaba al dif\u00edcil campo&hellip;\n","protected":false},"author":2,"featured_media":263885,"comment_status":"","ping_status":"","sticky":false,"template":"","format":"standard","meta":{"footnotes":""},"categories":[268],"tags":[168,25,24,280,282,281,23,167],"class_list":{"0":"post-263884","1":"post","2":"type-post","3":"status-publish","4":"format-standard","5":"has-post-thumbnail","7":"category-futbol","8":"tag-deportes","9":"tag-es","10":"tag-espana","11":"tag-football","12":"tag-futbol","13":"tag-soccer","14":"tag-spain","15":"tag-sports"},"share_on_mastodon":{"url":"https:\/\/pubeurope.com\/@es\/115639446768451243","error":""},"_links":{"self":[{"href":"https:\/\/www.europesays.com\/es\/wp-json\/wp\/v2\/posts\/263884","targetHints":{"allow":["GET"]}}],"collection":[{"href":"https:\/\/www.europesays.com\/es\/wp-json\/wp\/v2\/posts"}],"about":[{"href":"https:\/\/www.europesays.com\/es\/wp-json\/wp\/v2\/types\/post"}],"author":[{"embeddable":true,"href":"https:\/\/www.europesays.com\/es\/wp-json\/wp\/v2\/users\/2"}],"replies":[{"embeddable":true,"href":"https:\/\/www.europesays.com\/es\/wp-json\/wp\/v2\/comments?post=263884"}],"version-history":[{"count":0,"href":"https:\/\/www.europesays.com\/es\/wp-json\/wp\/v2\/posts\/263884\/revisions"}],"wp:featuredmedia":[{"embeddable":true,"href":"https:\/\/www.europesays.com\/es\/wp-json\/wp\/v2\/media\/263885"}],"wp:attachment":[{"href":"https:\/\/www.europesays.com\/es\/wp-json\/wp\/v2\/media?parent=263884"}],"wp:term":[{"taxonomy":"category","embeddable":true,"href":"https:\/\/www.europesays.com\/es\/wp-json\/wp\/v2\/categories?post=263884"},{"taxonomy":"post_tag","embeddable":true,"href":"https:\/\/www.europesays.com\/es\/wp-json\/wp\/v2\/tags?post=263884"}],"curies":[{"name":"wp","href":"https:\/\/api.w.org\/{rel}","templated":true}]}}