{"id":263893,"date":"2025-11-30T15:57:13","date_gmt":"2025-11-30T15:57:13","guid":{"rendered":"https:\/\/www.europesays.com\/es\/263893\/"},"modified":"2025-11-30T15:57:13","modified_gmt":"2025-11-30T15:57:13","slug":"moleiro-se-convierte-en-el-heroe-del-villarreal-para-tumbar-a-la-real-sociedad-futbol-deportes","status":"publish","type":"post","link":"https:\/\/www.europesays.com\/es\/263893\/","title":{"rendered":"Moleiro se convierte en el h\u00e9roe del Villarreal para tumbar a la Real Sociedad | F\u00fatbol | Deportes"},"content":{"rendered":"<p class=\"\">Alberto Moleiro impidi\u00f3 que Ander Barrenetxea volviera a erigirse en el h\u00e9roe <a href=\"https:\/\/elpais.com\/deportes\/futbol\/2025-11-14\/ainhoa-moraza-jugadora-de-la-real-sociedad-la-falta-de-respeto-seria-que-el-barca-no-compitiera-con-el-nivel-que-tiene.html\" target=\"_self\" rel=\"nofollow noopener\" title=\"https:\/\/elpais.com\/deportes\/futbol\/2025-11-14\/ainhoa-moraza-jugadora-de-la-real-sociedad-la-falta-de-respeto-seria-que-el-barca-no-compitiera-con-el-nivel-que-tiene.html\">de la Real Sociedad<\/a>. Si la semana pasada, en El Sadar, el canterano de la Real se sac\u00f3 de la chistera un golazo desde el centro del campo para certificar el triunfo del equipo blanquiazul frente a Osasuna, ante el Villarreal, hizo que Anoeta estallase de alegr\u00eda cuando apenas quedaban cuatro minutos para el final. Ejecut\u00f3 de manera espectacular una falta que se col\u00f3 por la misma escuadra de Luiz Junior. Era el empate a dos. Pero, cuando el colegiado ya estaba mirando el reloj para pitar el final del partido, emergi\u00f3 la figura del futbolista tinerfe\u00f1o para darle los tres puntos al Villarreal. Un minuto antes, Oluwasegi estuvo a punto de hacer lo propio, pero lo impidi\u00f3 Turrientes, que recibi\u00f3 el cari\u00f1o de sus compa\u00f1eros como si de un salvador se tratara. El mazazo para los txuri urdin lleg\u00f3 pocos segundos despu\u00e9s.<\/p>\n<p>                                                                                                                                                                                                                                                                                <img decoding=\"async\" title=\"R. Sociedad\" loading=\"lazy\" src=\"https:\/\/www.europesays.com\/es\/wp-content\/uploads\/2025\/11\/16.png\"  width=\"80\" height=\"80\" data-error-image=\"https:\/\/static.prisa.com\/aside\/resizer\/resize\/img\/sports\/football\/teams\/default.png?width=160&amp;height=160\"\/><\/p>\n<p>\n            2<\/p>\n<p>                                                                                                                                                                                                                                                                                                                                                                                                                                                                                                                                                                                                                                                                                                                                                                                                                                                                                                                                                                                                                                                                                                                                                                                                                                                                                                                                                                                                                                                                                                                                                                                                                                                                                                                                                                                                                                                                                                                                                                                                                                                                                                                                                                                                                                                                                                                                                                                                                                                                                                                                                                                                                                                                                                                                                                                                                                                                                                                                                                                                                                                                                                                                                                                                                                                    \u00c1lex Remiro, Jon Mart\u00edn, Jon Aramburu, Aritz Elustondo, Sergio G\u00f3mez, Brais M\u00e9ndez (Mikel Goti, min. 83), Carlos Soler (Arsen Zakharyan, min. 76), Gon\u00e7alo Guedes (Gorka Carrera, min. 76), Takefusa Kubo (Be\u00f1at Turrientes, min. 84), Jon Gorrotxategi y Umar Sadiq (Ander Barrenetxea, min. 55)<\/p>\n<p>\n            3<\/p>\n<p>                                                                                                                                                                                                                                                                                <img decoding=\"async\" title=\"Villarreal\" loading=\"lazy\" src=\"https:\/\/www.europesays.com\/es\/wp-content\/uploads\/2025\/11\/1764518233_790_19.png\"  width=\"80\" height=\"80\" data-error-image=\"https:\/\/static.prisa.com\/aside\/resizer\/resize\/img\/sports\/football\/teams\/default.png?width=160&amp;height=160\"\/><\/p>\n<p>                                                                                                                                                                                                                                                                                                                                                                                                                                                                                                                                                                                                                                                                                                                                                                                                                                                                                                                                                                                                                                                                                                                                                                                                                                                                                                                                                                                                                                                                                                                                                                                                                                                                                                                                                                                                                                                                                                                                                                                                                                                                                                                                                                                                                                                                                                                                                                                                                                                                                                                                                                                                                                                                                                                                                                                                                                                                                                                                                                                                                                                                                                                                                                                                                                                    Luiz J\u00fanior, Rafa Mar\u00edn, Alfonso Pedraza (Sergi Cardona, min. 77), Juan Foyth, Santiago Mouri\u00f1o, Santi Comesa\u00f1a, Alberto Moleiro, Pape Gueye (Dani Parejo, min. 67), Tajon Buchanan (Ilias Akhomach, min. 78), Ayoze P\u00e9rez (Tani Oluwaseyi, min. 85) y Gerard Moreno (Georges Mikautadze, min. 67)<\/p>\n<p>\n            <b>Goles<\/b><br \/>\n                                                                                                        0-1 min. 30: Ayoze P\u00e9rez.                                                                                 0-2 min. 56: Alberto Moleiro.                                                                                 1-2 min. 59: Carlos Soler.                                                                                 2-2 min. 86: Barrenetxea.                                                                                 2-3 min. 94: Alberto Moleiro                    <\/p>\n<p>\n            <b>Arbitro<\/b> C\u00e9sar Soto Grado<\/p>\n<p>Tarjetas amarillas<br \/>\n                                            Pape Alassane Gueye (min. 19),                                             Sadiq (min. 41),                                             Ayoze P\u00e9rez (min. 46),                                             Alberto Moleiro (min. 48),                                             Alfonso Pedraza (min. 66),                                             Jon Mart\u00edn (min. 68),                                             Barrenetxea (min. 69),                                             Santiago Mouri\u00f1o (min. 72),                                             Luiz L\u00facio Reis J\u00fanior (min. 73),                                             Juan Foyth (min. 89)\n                <\/p>\n<p class=\"\">Nada hac\u00eda pensar que cuando el electr\u00f3nico de Anoeta reflejaba un 0-2 a falta de 34 minutos para el final, el partido iba a terminar de la manera en la que lo hizo. Dos zarpazos, uno de Ayoze y otro de Moleiro, hac\u00edan presagiar un final de partido muy dulce para el \u2018submarino amarillo\u2019. Pero nada m\u00e1s lejos de la realidad. Soler puso el bal\u00f3n en la misma escuadra de la porter\u00eda defendida por Luiz Junior. Hasta ah\u00ed se tuvo que estirar el meta brasile\u00f1o nacionalizado portugu\u00e9s para desviar, pocos minutos despu\u00e9s, el lanzamiento de Guedes. Tambi\u00e9n se tuvo que empelar a fondo el cancerbero visitante para evitar el tanto de luso en una jugada posterior. Fue el \u00faltimo servicio a la causa de un futbolista que comienza a recordar, y mucho, el mejor Guedes que se ha visto en Liga.<\/p>\n<p class=\"\">Pero<a href=\"https:\/\/elpais.com\/deportes\/futbol\/2025-11-01\/gorrotxategi-se-viste-de-heroe-en-la-agonizante-victoria-de-la-real-ante-el-athletic.html\" target=\"_self\" rel=\"nofollow noopener\" title=\"https:\/\/elpais.com\/deportes\/futbol\/2025-11-01\/gorrotxategi-se-viste-de-heroe-en-la-agonizante-victoria-de-la-real-ante-el-athletic.html\"> la reacci\u00f3n txuri urdin no se detuvo ah\u00ed<\/a>. Tuvo que aparecer, como no, el mejor futbolista de la Real en este momento de la temporada. De hecho, sorprendi\u00f3 su suplencia. Pero le bastaron unos pocos minutos en el campo para demostrar que Ander Barrenetxera, hoy por hoy, es indiscutible en esta Real Sociedad. En un lanzamiento de falta, un arte en el que nunca hab\u00eda brillado, fue capaz de colocar el bal\u00f3n en la misma escuadra. Anoeta viv\u00eda un \u00e9xtasis, que termin\u00f3 en una especie de tragedia griega con un protagonista absoluto: Alberto Moleiro.<\/p>\n<p class=\"\">No hay mejor ejemplo de \u2018Dr. Jekyll y Mr. Hyde\u2019. De hecho, resulta dif\u00edcil explicar un cambio tan radical. Mientras que en Liga de Campeones, el equipo de Marcelino, de momento, se ha visto incapaz de ganar partido alguno y su pase a la siguiente ronda se ha convertido en una quimera, en la competici\u00f3n casera, en LaLiga, el Villarreal est\u00e1 empe\u00f1ado en convertirse en un firme candidato a romper la hegemon\u00eda de Real Madrid o Barcelona. El Villarreal no pudo tener mejor respuesta al varapalo sufrido en el Signal Iduna Park frente al Dortmund y le sirvi\u00f3, de paso, para dar por finalizada el conato de reacci\u00f3n que ven\u00eda protagonizando la Real Sociedad, que, eso s\u00ed, no dio su brazo a torcer hasta el minuto 95.<\/p>\n","protected":false},"excerpt":{"rendered":"Alberto Moleiro impidi\u00f3 que Ander Barrenetxea volviera a erigirse en el h\u00e9roe de la Real Sociedad. Si la&hellip;\n","protected":false},"author":2,"featured_media":263894,"comment_status":"","ping_status":"","sticky":false,"template":"","format":"standard","meta":{"footnotes":""},"categories":[93],"tags":[1540,168,1539,25,24,282,1538,7209,23,167,9607],"class_list":{"0":"post-263893","1":"post","2":"type-post","3":"status-publish","4":"format-standard","5":"has-post-thumbnail","7":"category-deportes","8":"tag-competiciones","9":"tag-deportes","10":"tag-entrenadores","11":"tag-es","12":"tag-espana","13":"tag-futbol","14":"tag-futbolistas","15":"tag-real-sociedad","16":"tag-spain","17":"tag-sports","18":"tag-villarreal-cf"},"share_on_mastodon":{"url":"https:\/\/pubeurope.com\/@es\/115639475874256587","error":""},"_links":{"self":[{"href":"https:\/\/www.europesays.com\/es\/wp-json\/wp\/v2\/posts\/263893","targetHints":{"allow":["GET"]}}],"collection":[{"href":"https:\/\/www.europesays.com\/es\/wp-json\/wp\/v2\/posts"}],"about":[{"href":"https:\/\/www.europesays.com\/es\/wp-json\/wp\/v2\/types\/post"}],"author":[{"embeddable":true,"href":"https:\/\/www.europesays.com\/es\/wp-json\/wp\/v2\/users\/2"}],"replies":[{"embeddable":true,"href":"https:\/\/www.europesays.com\/es\/wp-json\/wp\/v2\/comments?post=263893"}],"version-history":[{"count":0,"href":"https:\/\/www.europesays.com\/es\/wp-json\/wp\/v2\/posts\/263893\/revisions"}],"wp:featuredmedia":[{"embeddable":true,"href":"https:\/\/www.europesays.com\/es\/wp-json\/wp\/v2\/media\/263894"}],"wp:attachment":[{"href":"https:\/\/www.europesays.com\/es\/wp-json\/wp\/v2\/media?parent=263893"}],"wp:term":[{"taxonomy":"category","embeddable":true,"href":"https:\/\/www.europesays.com\/es\/wp-json\/wp\/v2\/categories?post=263893"},{"taxonomy":"post_tag","embeddable":true,"href":"https:\/\/www.europesays.com\/es\/wp-json\/wp\/v2\/tags?post=263893"}],"curies":[{"name":"wp","href":"https:\/\/api.w.org\/{rel}","templated":true}]}}