{"id":263895,"date":"2025-11-30T15:58:28","date_gmt":"2025-11-30T15:58:28","guid":{"rendered":"https:\/\/www.europesays.com\/es\/263895\/"},"modified":"2025-11-30T15:58:28","modified_gmt":"2025-11-30T15:58:28","slug":"vidas-salvadas-por-la-ciencia","status":"publish","type":"post","link":"https:\/\/www.europesays.com\/es\/263895\/","title":{"rendered":"Vidas salvadas por la ciencia"},"content":{"rendered":"<p>Un nuevo informe de la<strong> Organizaci\u00f3n Mundial de la Salud (OMS) <\/strong>demuestra el triunfo de la ciencia. La esperanza que trae la investigaci\u00f3n, en este caso en forma de vacunas, capaces de reducir mortalidad y morbilidad.<\/p>\n<p>Solo en el caso de la vacuna contra el sarampi\u00f3n, desde el a\u00f1o 2000 ha salvado casi 59 millones de vidas, confirma el documento de la OMS.<\/p>\n<p><strong>El sarampi\u00f3n no entiende de fronteras, pero cuando todos los ni\u00f1os de todas las comunidades se vacunan contra \u00e9l, se pueden evitar brotes costosos, salvar vidas y eliminar esta enfermedad de naciones enteras, <\/strong>declar\u00f3 el\u00a0<strong>Dr. Tedros Adhanom Ghebreyesus,\u00a0<\/strong>director general de la OMS, al dar a conocer los nuevos datos.<\/p>\n<p>El reto por delante es lograr mejores coberturas. De hecho, \u201cse estima que<strong>\u00a095.000 personas<\/strong>, en su mayor\u00eda ni\u00f1os menores de 5 a\u00f1os, murieron a causa del sarampi\u00f3n en 2024. Si bien se trata de una de las cifras anuales m\u00e1s bajas registradas desde el a\u00f1o 2000, cada muerte por una enfermedad que podr\u00eda prevenirse con una vacuna muy eficaz y de bajo costo es inaceptable\u201d.<strong> <\/strong><\/p>\n<p>Tambi\u00e9n esta semana, una investigaci\u00f3n internacional con participaci\u00f3n de <strong>Panam\u00e1<\/strong> que inici\u00f3 durante la pandemia, demostr\u00f3 que los anticuerpos generados por la vacunaci\u00f3n materna contra COVID-19 se transfirieron a trav\u00e9s de la placenta de manera m\u00e1s eficiente y persistieron durante m\u00e1s tiempo en los beb\u00e9s que los generados por la infecci\u00f3n por SARS-CoV-2. Son hallazgos que confirman la relevancia de la\u00a0<strong>vacunaci\u00f3n<\/strong>\u00a0como estrategia para proteger tanto a la madre como al beb\u00e9, especialmente frente a las formas m\u00e1s graves de la enfermedad.<strong> <\/strong><\/p>\n<p>Por otra parte, dos nuevas revisiones Cochrane muestran evidencia s\u00f3lida y consistente en relaci\u00f3n con las vacunas contra el <strong>virus del papiloma humano (VPH)<\/strong>: son efectivas para prevenir el c\u00e1ncer de cuello del \u00fatero y alteraciones precancerosas, especialmente\u00a0cuando se administran a personas j\u00f3venes\u00a0antes de que se expongan al virus.<\/p>\n<p>El documento de opini\u00f3n,\u00a0La vacunaci\u00f3n del adulto: causas y consecuencias de la infravacunaci\u00f3n en Espa\u00f1a, que se present\u00f3 esta semana, confirma, por otra parte, que alcanzar una cobertura vacunal del 100% en la poblaci\u00f3n adulta espa\u00f1ola podr\u00eda tener un impacto profundo en la reducci\u00f3n de la morbilidad y mortalidad, as\u00ed como en los costes econ\u00f3micos y sociales asociados a las enfermedades infecciosas.<\/p>\n<p>Son realidades y cifras que demuestran el <strong>valor de la vacunaci\u00f3n<\/strong> para salvar vidas, reducir morbilidad, mejorar el bienestar de la familia y de la sociedad. El compromiso debe ser colectivo y decidido para aprovechar este recurso que brinda la ciencia.<\/p>\n<p><strong>Ver reportajes vinculados:<\/strong><\/p>\n<p><strong><a href=\"https:\/\/lawebdelasalud.com\/vacuna-contra-el-sarampion-ha-salvado-mas-de-59-millones-de-vidas-pero-casos-aumentan\/\" rel=\"nofollow noopener\" target=\"_blank\">Vacuna contra el sarampi\u00f3n ha salvado m\u00e1s de 59 millones de vidas, pero casos aumentan<\/a><\/strong><\/p>\n<p><strong><a href=\"https:\/\/lawebdelasalud.com\/estudio-refuerza-importancia-de-vacunacion-contra-covid-19-para-proteger-a-la-madre-y-al-bebe\/\" rel=\"nofollow noopener\" target=\"_blank\">Estudio refuerza importancia de vacunaci\u00f3n contra COVID-19 para proteger a la madre y al beb\u00e9<\/a><\/strong><\/p>\n<p> <a href=\"https:\/\/lawebdelasalud.com\/nuevos-estudios-ratifican-la-eficacia-de-la-vacuna-del-vph-para-prevenir-cancer-de-cuello-uterino\/\" rel=\"nofollow noopener\" target=\"_blank\">Nuevos estudios ratifican la eficacia de la vacuna del VPH para prevenir c\u00e1ncer de cuello uterino<\/a>\u00a0<\/p>\n<p><strong><a href=\"https:\/\/lawebdelasalud.com\/vacunas-sin-edad-beneficios-de-la-inmunizacion-en-adultos-y-adultos-mayores\/\" rel=\"nofollow noopener\" target=\"_blank\">Vacunas sin edad: beneficios de la inmunizaci\u00f3n en adultos y adultos mayores<\/a><\/strong><\/p>\n<p class=\"has-text-align-center\"><strong>Reciba el resumen semanal en su correo electr\u00f3nico:<\/strong><\/p>\n<p>  M\u00e1s del resumen semanal<a href=\"https:\/\/www.one-line.com\/en\" rel=\"nofollow noopener\" target=\"_blank\"><img data-recalc-dims=\"1\" loading=\"lazy\" decoding=\"async\" width=\"640\" height=\"459\" src=\"https:\/\/www.europesays.com\/es\/wp-content\/uploads\/2025\/11\/1764518293_762_ASONE_logo_1_rgb-1.jpg\" alt=\"\" class=\"lazyload wp-image-83121\" style=\"aspect-ratio:1;width:300px;height:auto\"  data-\/><\/a>Resiliencia del adulto mayor en pandemia<img data-recalc-dims=\"1\" loading=\"lazy\" decoding=\"async\" width=\"640\" height=\"418\" src=\"https:\/\/www.europesays.com\/es\/wp-content\/uploads\/2025\/11\/adulto-mayor-abrir.jpg\" alt=\"\" class=\"lazyload wp-image-93930 size-full\"  data-\/><\/p>\n<p>\u201cLos estudios sobre los\u00a0<strong>efectos psicosociales<\/strong>\u00a0de la pandemia en Panam\u00e1 mostraron que los\u00a0<strong>adultos mayores<\/strong>\u00a0reportaron menor depresi\u00f3n, ansiedad y estr\u00e9s, fueron m\u00e1s resilientes y, en general, se sintieron menos afectados por la pandemia en comparaci\u00f3n con los\u00a0<strong>adultos m\u00e1s j\u00f3venes\u201d<\/strong>:<a href=\"https:\/\/lawebdelasalud.com\/adulto-mayor-panameno-mostro-mas-resiliencia-en-pandemia\/\" rel=\"nofollow noopener\" target=\"_blank\">Adulto mayor paname\u00f1o mostr\u00f3 m\u00e1s resiliencia en pandemia<\/a><\/p>\n<p>Nuevos casos de tosferina<img data-recalc-dims=\"1\" decoding=\"async\" src=\"https:\/\/www.europesays.com\/es\/wp-content\/uploads\/2025\/11\/mama-cuidando-su-hijo-y-teleconsultando-con-el-medico.jpg\" alt=\"\" class=\"lazyload wp-image-93918 size-full\"\/>Mujer e identidad paname\u00f1a<img data-recalc-dims=\"1\" loading=\"lazy\" decoding=\"async\" width=\"640\" height=\"853\" src=\"https:\/\/www.europesays.com\/es\/wp-content\/uploads\/2025\/11\/2025119_Conversatorio-1.jpg\" alt=\"\" class=\"lazyload wp-image-94059 size-full\"  data-\/>\u00a1Apoyemos a La Web de la Salud!<img data-recalc-dims=\"1\" loading=\"lazy\" decoding=\"async\" width=\"640\" height=\"356\" src=\"https:\/\/www.europesays.com\/es\/wp-content\/uploads\/2025\/11\/1764518298_755_Logo_La-Web-de-la-Salud_full-color.png\" alt=\"\" class=\"lazyload wp-image-71447 size-full\"  data-\/><\/p>\n<p><strong>Lectores y lectoras<\/strong> los necesitamos. \u00bfQuieres ser un aliado solidario por $5 $10 o m\u00e1s al mes? Tu apoyo es vital. En este enlace de la plataforma Cuanto puedes afiliarte y contribuir con un periodismo que sana: <a href=\"https:\/\/cuanto.app\/lawebdelasalud\/p\/e88093\" rel=\"nofollow noopener\" target=\"_blank\">https:\/\/cuanto.app\/lawebdelasalud\/p\/e88093<\/a><\/p>\n<p>Cuidemos nuestra microbiota<img data-recalc-dims=\"1\" loading=\"lazy\" decoding=\"async\" width=\"640\" height=\"517\" src=\"https:\/\/www.europesays.com\/es\/wp-content\/uploads\/2025\/11\/Microbiota-abrir.jpg\" alt=\"\" class=\"lazyload wp-image-93995 size-full\"  data-\/><\/p>\n<p>Cuando tomas un antibi\u00f3tico, este no es un \u00abfrancotirador\u00bb que solo mata a la bacteria mala que te causa la infecci\u00f3n; es m\u00e1s bien como una \u00abbomba at\u00f3mica\u00bb para tu intestino. El antibi\u00f3tico barre con gran parte de la microbiota beneficiosa (las bacterias buenas), como un da\u00f1o colateral. Art\u00edculo de la <strong>Dra. Karen Courville <\/strong>que orienta y apoya la prevenci\u00f3n en esta lucha contra el abuso de los antibi\u00f3ticos:<\/p>\n<p><a href=\"https:\/\/lawebdelasalud.com\/cuidemos-nuestra-microbiota-antibioticos-solo-bajo-prescripcion-medica\/\" rel=\"nofollow noopener\" target=\"_blank\">Cuidemos nuestra microbiota: antibi\u00f3ticos solo bajo prescripci\u00f3n m\u00e9dica<\/a><\/p>\n<p>Tecnolog\u00eda para mejorar calidad de vida<img data-recalc-dims=\"1\" loading=\"lazy\" decoding=\"async\" width=\"640\" height=\"298\" src=\"https:\/\/www.europesays.com\/es\/wp-content\/uploads\/2025\/11\/Firma-cooperacion.jpg\" alt=\"\" class=\"lazyload wp-image-94014 size-full\"  data-\/><\/p>\n<p>El\u00a0<strong>Ministerio de Salud\u00a0<\/strong>(Minsa) de Panam\u00e1 y el\u00a0<strong>Ministerio de Seguridad P\u00fablica<\/strong>\u00a0(Minseg) firmaron un Convenio de Cooperaci\u00f3n Interinstitucional para utilizar drones en el transporte de medicamentos e insumos de salud. Este acuerdo fue impulsado por la\u00a0<strong>Organizaci\u00f3n Panamericana de la Salud (OPS)<\/strong>:<a href=\"https:\/\/lawebdelasalud.com\/con-drones-llegaran-medicinas-e-insumos-a-la-comarca-ngabe-bugle\/\" rel=\"nofollow noopener\" target=\"_blank\">Con drones llegar\u00e1n medicinas e insumos a la Comarca Ng\u00e4be Bugl\u00e9\u00a0<\/a><\/p>\n<p>Avances en tecnolog\u00eda cardiovascular en la CSS<img data-recalc-dims=\"1\" loading=\"lazy\" decoding=\"async\" width=\"640\" height=\"356\" src=\"https:\/\/www.europesays.com\/es\/wp-content\/uploads\/2025\/11\/CSS-abrir.jpg\" alt=\"\" class=\"lazyload wp-image-94053 size-full\"  data-\/>Vida y bienestar en Panam\u00e1<img data-recalc-dims=\"1\" loading=\"lazy\" decoding=\"async\" width=\"640\" height=\"435\" src=\"https:\/\/www.europesays.com\/es\/wp-content\/uploads\/2025\/11\/Encovi.jpg\" alt=\"\" class=\"lazyload wp-image-93977 size-full\"  data-\/><\/p>\n<p>El\u00a0<strong>Estudio Nacional sobre Condiciones de Vida y Bienestar\u00a0<\/strong>(ENCOVI\u2013Panam\u00e1 2024) muestra los claros y los oscuros de la realidad nacional: la\u00a0<strong>cobertura en educaci\u00f3n<\/strong>\u00a0alcanza al 78% de la poblaci\u00f3n de 4 a 24 a\u00f1os, con mayor participaci\u00f3n femenina (80%). En\u00a0<strong>materia de salud,<\/strong>\u00a0el 58% de la poblaci\u00f3n percibe su estado como bueno o muy bueno, pero el crecimiento econ\u00f3mico sostenido no se ha traducido en\u00a0<strong>equidad social ni territorial<\/strong>:<\/p>\n<p><a href=\"https:\/\/lawebdelasalud.com\/encovi-panama-2024-demuestra-avances-en-educacion-y-salud-pero-persiste-la-falta-de-equidad-social\/\" rel=\"nofollow noopener\" target=\"_blank\">ENCOVI-Panam\u00e1 2024 demuestra avances en educaci\u00f3n y salud, pero persiste la falta de equidad social<\/a><\/p>\n<p>Educador del a\u00f1o<img data-recalc-dims=\"1\" loading=\"lazy\" decoding=\"async\" width=\"640\" height=\"426\" src=\"https:\/\/www.europesays.com\/es\/wp-content\/uploads\/2025\/11\/IMG-20251126-WA0003.jpg\" alt=\"\" class=\"lazyload wp-image-93949 size-full\"  data-\/>Premio a proyectos de la JIC<img data-recalc-dims=\"1\" loading=\"lazy\" decoding=\"async\" width=\"640\" height=\"430\" src=\"https:\/\/www.europesays.com\/es\/wp-content\/uploads\/2025\/11\/Primer-lugar.jpg\" alt=\"\" class=\"lazyload wp-image-93903 size-full\"  data-\/><\/p>\n<p>En un acto celebrado en la\u00a0<strong>Universidad Tecnol\u00f3gica de Panam\u00e1 (UTP)<\/strong>, la\u00a0<strong>Secretar\u00eda Nacional de Ciencia, Tecnolog\u00eda e Innovaci\u00f3n<\/strong>\u00a0premi\u00f3 los 12 proyectos ganadores de la\u00a0<strong>Jornada de Iniciaci\u00f3n Cient\u00edfica (JIC)<\/strong>, que se hab\u00edan anunciado previamente durante el XX Congreso Nacional de Ciencia y Tecnolog\u00eda Apanac 2025.<a href=\"https:\/\/lawebdelasalud.com\/senacyt-premia-proyectos-ganadores-de-jornada-de-iniciacion-cientifica-jic\/\" rel=\"nofollow noopener\" target=\"_blank\">Senacyt premia proyectos ganadores de Jornada de Iniciaci\u00f3n Cient\u00edfica (JIC)<\/a><\/p>\n<p>Talento al servicio del hub<img data-recalc-dims=\"1\" loading=\"lazy\" decoding=\"async\" width=\"640\" height=\"528\" src=\"https:\/\/www.europesays.com\/es\/wp-content\/uploads\/2025\/11\/Hub-logistico.jpg\" alt=\"\" class=\"lazyload wp-image-93895 size-full\"  data-\/>Ciencia emprendeUniversidad p\u00fablica, motor de la innovaci\u00f3n<img data-recalc-dims=\"1\" loading=\"lazy\" decoding=\"async\" width=\"640\" height=\"476\" src=\"https:\/\/www.europesays.com\/es\/wp-content\/uploads\/2025\/11\/Tecnologia.jpg\" alt=\"\" class=\"lazyload wp-image-93867 size-full\"  data-\/>Del mundoPrimera muerte por subtipo de gripe aviar, consideraciones<img data-recalc-dims=\"1\" loading=\"lazy\" decoding=\"async\" width=\"640\" height=\"363\" src=\"https:\/\/www.europesays.com\/es\/wp-content\/uploads\/2025\/11\/gallinas-1.jpg\" alt=\"\" class=\"lazyload wp-image-93839 size-full\"  data-\/><\/p>\n<p>Las autoridades sanitarias de los Estados Unidos han confirmado la primera muerte humana registrada a causa del <strong>virus H5N5,<\/strong> un subtipo de la gripe aviar. El paciente fallecido era una persona adulta, con problemas de salud subyacentes, residente del condado de Grays Harbor, en el estado de Washington:<\/p>\n<p><a href=\"https:\/\/lawebdelasalud.com\/primera-muerte-de-una-persona-infectada-por-linaje-h5n5-de-gripe-aviar\/\" rel=\"nofollow noopener\" target=\"_blank\">Primera muerte de una persona infectada por linaje H5N5 de gripe aviar<\/a><\/p>\n<p>Las cifras de la violencia contra las mujeres<img data-recalc-dims=\"1\" loading=\"lazy\" decoding=\"async\" width=\"463\" height=\"664\" src=\"https:\/\/www.europesays.com\/es\/wp-content\/uploads\/2025\/11\/ONU-Mujeres.jpg\" alt=\"\" class=\"lazyload wp-image-93872 size-full\"  data-\/>Brotes de gripe aviar en las Am\u00e9ricas<img data-recalc-dims=\"1\" loading=\"lazy\" decoding=\"async\" width=\"640\" height=\"425\" src=\"https:\/\/www.europesays.com\/es\/wp-content\/uploads\/2025\/11\/Gripe-aviar.jpg\" alt=\"\" class=\"lazyload wp-image-93955 size-full\"  data-\/><\/p>\n<p>La\u00a0<strong>Organizaci\u00f3n Panamericana de la Salud (OPS)\u00a0<\/strong>inform\u00f3 que la<strong>\u00a0influenza aviar A(H5N1)\u00a0<\/strong>contin\u00faa circulando en la regi\u00f3n de las Am\u00e9ricas, con nuevos brotes en aves, mam\u00edferos e infecciones espor\u00e1dicas en humanos asociadas a exposiciones con el virus.<\/p>\n<p>El clado 2.3.4.4b, predominante desde 2021 en la regi\u00f3n, sigue impulsando la actividad registrada en los \u00faltimos a\u00f1os:<a href=\"https:\/\/lawebdelasalud.com\/ops-advierte-de-nuevos-brotes-de-influenza-aviar-en-las-americas\/\" rel=\"nofollow noopener\" target=\"_blank\">OPS advierte de nuevos brotes de influenza aviar en las Am\u00e9ricas<\/a><\/p>\n<p>Nuevo marco contra la farmacorresistencia<img data-recalc-dims=\"1\" loading=\"lazy\" decoding=\"async\" width=\"615\" height=\"414\" src=\"https:\/\/www.europesays.com\/es\/wp-content\/uploads\/2025\/11\/Medicinas-minsa.jpg\" alt=\"\" class=\"lazyload wp-image-26997 size-full\"  data-\/>En apoyo a programas nacionales de TB<img data-recalc-dims=\"1\" loading=\"lazy\" decoding=\"async\" width=\"502\" height=\"726\" src=\"https:\/\/www.europesays.com\/es\/wp-content\/uploads\/2025\/11\/TB.png\" alt=\"\" class=\"lazyload wp-image-94000 size-full\"  data-\/>VenezuelaConsecuencias de la inacci\u00f3n ante el cambio clim\u00e1tico<img data-recalc-dims=\"1\" loading=\"lazy\" decoding=\"async\" width=\"640\" height=\"432\" src=\"https:\/\/www.europesays.com\/es\/wp-content\/uploads\/2025\/11\/Libro-cambio-climatico.jpg\" alt=\"\" class=\"lazyload wp-image-93844 size-full\"  data-\/><\/p>\n<p>De no hacer nada para mitigar y adaptarse al cambio clim\u00e1tico, el aumento de las temperaturas, las alteraciones en los patrones de lluvia y los fen\u00f3menos meteorol\u00f3gicos extremos impactar\u00e1n gravemente a los estados, departamentos y municipios amaz\u00f3nicos de\u00a0<strong>Brasil, Bolivia, Colombia, Ecuador, Guyana, Per\u00fa, Surinam y Venezuela,<\/strong> se\u00f1ala reciente publicaci\u00f3n con coautor\u00eda de acad\u00e9micos de Acfiman:<\/p>\n<p><a href=\"https:\/\/lawebdelasalud.com\/cuanto-costara-a-venezuela-y-paises-de-la-region-la-inaccion-ante-el-cambio-climatico\/\" rel=\"nofollow noopener\" target=\"_blank\">\u00bfCu\u00e1nto costar\u00e1 a Venezuela y pa\u00edses de la regi\u00f3n la inacci\u00f3n ante el cambio clim\u00e1tico?<\/a><\/p>\n<p>Estudio pionero de VPH<img data-recalc-dims=\"1\" loading=\"lazy\" decoding=\"async\" width=\"640\" height=\"422\" src=\"https:\/\/www.europesays.com\/es\/wp-content\/uploads\/2025\/11\/Investigadores-de-Venezuela.jpg\" alt=\"\" class=\"lazyload wp-image-93961 size-full\"  data-\/><\/p>\n<p>Equipo de cient\u00edficos de la Direcci\u00f3n de Biotecnolog\u00eda y Desarrollo, adscrita a la Direcci\u00f3n General de Producci\u00f3n del <strong>Instituto Nacional de Higiene Rafael Rangel (INHRR), <\/strong>en Caracas realiza una investigaci\u00f3n pionera en Venezuela en materia de caracterizaci\u00f3n de la microbiota vaginal y su relaci\u00f3n con el Virus de Papiloma Humano (VPH).<\/p>\n<p><a href=\"https:\/\/lawebdelasalud.com\/estudio-pionero-en-venezuela-sobre-microbiota-vaginal-y-su-relacion-con-el-vph\/\" rel=\"nofollow noopener\" target=\"_blank\">Estudio pionero en Venezuela sobre microbiota vaginal y su relaci\u00f3n con el VPH<\/a><\/p>\n<p>Orden UCV y reconocimiento al logro de las mujeres<img data-recalc-dims=\"1\" loading=\"lazy\" decoding=\"async\" width=\"640\" height=\"535\" src=\"https:\/\/www.europesays.com\/es\/wp-content\/uploads\/2025\/11\/Dra-Maria-Soledad-Tapia.jpg\" alt=\"\" class=\"lazyload wp-image-94023 size-full\"  data-\/>Leonardo Padr\u00f3n en el Cervantes<img data-recalc-dims=\"1\" loading=\"lazy\" decoding=\"async\" width=\"640\" height=\"791\" src=\"https:\/\/www.europesays.com\/es\/wp-content\/uploads\/2025\/11\/Leonardo-Padron-foto.jpg\" alt=\"\" class=\"lazyload wp-image-94141 size-full\"  data-\/><\/p>\n<p>El pr\u00f3ximo 2 de diciembre, el escritor venezolano\u00a0<strong>Leonardo Padr\u00f3n\u00a0<\/strong>presentar\u00e1 en la sede central del<strong>\u00a0Instituto Cervantes de Madrid\u00a0<\/strong>su nuevo libro:\u00a0La dif\u00edcil belleza de las esquinas\u00a0(Editorial Pre textos).<\/p>\n<p>Esta actividad (7:30 p.m. 19:30 ) se realizar\u00e1 dentro del programa: \u201cBiblioteca al d\u00eda\u201d, con el que esta instituci\u00f3n de prestigio mundial ofrece al p\u00fablico un contacto directo con los autores y t\u00edtulos m\u00e1s relevantes de la actualidad espa\u00f1ola.<a href=\"https:\/\/lawebdelasalud.com\/el-escritor-venezolano-leonardo-padron-en-el-instituto-cervantes-de-madrid\/\" rel=\"nofollow noopener\" target=\"_blank\">El escritor venezolano Leonardo Padr\u00f3n en el Instituto Cervantes de Madrid<\/a><\/p>\n<p>CulturaPremio al talento paname\u00f1o<img data-recalc-dims=\"1\" loading=\"lazy\" decoding=\"async\" width=\"640\" height=\"421\" src=\"https:\/\/www.europesays.com\/es\/wp-content\/uploads\/2025\/11\/banconal.jpg\" alt=\"\" class=\"lazyload wp-image-93858 size-full\"  data-\/><\/p>\n<p><strong>Banco Nacional de Panam\u00e1<\/strong>\u00a0celebr\u00f3 la ceremonia de premiaci\u00f3n de los<strong>\u00a0Concursos de Arte Banconal 2025,<\/strong>\u00a0en un acto realizado en la\u00a0<strong>Galer\u00eda de Arte Banconal,<\/strong>\u00a0escenario de difusi\u00f3n cultural y referente para la promoci\u00f3n del talento art\u00edstico nacional:<\/p>\n<p><a href=\"https:\/\/lawebdelasalud.com\/banconal-reconoce-el-talento-panameno-con-concurso-de-arte-2025\/\" rel=\"nofollow noopener\" target=\"_blank\">Banconal reconoce el talento paname\u00f1o con concurso de arte 2025<\/a><\/p>\n<p>Lectores en la parada, una cr\u00f3nica<img data-recalc-dims=\"1\" loading=\"lazy\" decoding=\"async\" width=\"640\" height=\"454\" src=\"https:\/\/www.europesays.com\/es\/wp-content\/uploads\/2025\/11\/Lectores-en-la-parada-1.jpg\" alt=\"\" class=\"lazyload wp-image-94115 size-full\"  data-\/><\/p>\n<p>Un encuentro con un lector, y sus lecturas, es el origen de esta narraci\u00f3n que de la ficci\u00f3n a la real nos recuerda el valor de las conversaciones y las conexiones que generan los libros. Po<strong>r Pedro Crenes Castro:<a href=\"https:\/\/lawebdelasalud.com\/lectores-en-la-parada\/\" rel=\"nofollow noopener\" target=\"_blank\">L<\/a><\/strong><a href=\"https:\/\/lawebdelasalud.com\/lectores-en-la-parada\/\" rel=\"nofollow noopener\" target=\"_blank\">ectores en la parada<\/a><\/p>\n<p>La belleza de la diferencia<img data-recalc-dims=\"1\" loading=\"lazy\" decoding=\"async\" width=\"640\" height=\"444\" src=\"https:\/\/www.europesays.com\/es\/wp-content\/uploads\/2025\/11\/juanete.jpg\" alt=\"\" class=\"lazyload wp-image-93973 size-full\"  data-\/><\/p>\n<p>A veces, el cuerpo habla de maneras inesperadas. Algunas se\u00f1ales son visibles, como la irregularidad que marca su presencia, pero muchas otras son imperceptibles: dolores sutiles, decisiones silenciosas o peque\u00f1as molestias que pasan desapercibidas hasta que el cuerpo decide hacerse notar. Este texto invita a escuchar esas voces calladas que, aunque incomodan, ense\u00f1an m\u00e1s de lo que imaginamos. Un texto de<strong> Mario Garc\u00eda Hudson<\/strong> que es una sorpresa y una sabia reflexi\u00f3n:<a href=\"https:\/\/lawebdelasalud.com\/el-huesito-que-opino-distinto\/\" rel=\"nofollow noopener\" target=\"_blank\">El huesito que opin\u00f3 distinto<\/a><\/p>\n<p>\u00a1Suscr\u00edbete a La Web de la Salud!<img data-recalc-dims=\"1\" loading=\"lazy\" decoding=\"async\" width=\"640\" height=\"356\" src=\"https:\/\/www.europesays.com\/es\/wp-content\/uploads\/2025\/11\/1764518298_755_Logo_La-Web-de-la-Salud_full-color.png\" alt=\"\" class=\"lazyload wp-image-71447 size-full\"  data-\/><\/p>\n<p><strong>Lectores y lectoras<\/strong> los necesitamos. \u00bfQuieres ser un aliado solidario por $5 $10 o m\u00e1s al mes? Tu apoyo es vital. En este enlace de la plataforma Cuanto puedes afiliarte y contribuir con un periodismo que sana: <a href=\"https:\/\/cuanto.app\/lawebdelasalud\/p\/e88093\" rel=\"nofollow noopener\" target=\"_blank\">https:\/\/cuanto.app\/lawebdelasalud\/p\/e88093<\/a><\/p>\n<p class=\"has-text-align-center\">Gracias por leernos cada semana y estar aqu\u00ed<\/p>\n<p class=\"has-text-align-center\"><strong>Violeta Villa<\/strong>r<strong> List<\/strong>e<\/p>\n<p> <a href=\"https:\/\/cuanto.app\/lawebdelasalud\/p\/e88093\" rel=\"nofollow noopener\" target=\"_blank\"> <img decoding=\"async\" class=\"lazyload\" data-recalc-dims=\"1\" src=\"https:\/\/www.europesays.com\/es\/wp-content\/uploads\/2025\/11\/1764518308_582_cropped-apoyo-la-web-de-la-salud_Mesa-de-trabajo-1-2.png\"\/> <\/a><\/p>\n","protected":false},"excerpt":{"rendered":"Un nuevo informe de la Organizaci\u00f3n Mundial de la Salud (OMS) demuestra el triunfo de la ciencia. La&hellip;\n","protected":false},"author":2,"featured_media":263896,"comment_status":"","ping_status":"","sticky":false,"template":"","format":"standard","meta":{"footnotes":""},"categories":[92],"tags":[25,24,165,166,23],"class_list":{"0":"post-263895","1":"post","2":"type-post","3":"status-publish","4":"format-standard","5":"has-post-thumbnail","7":"category-salud","8":"tag-es","9":"tag-espana","10":"tag-health","11":"tag-salud","12":"tag-spain"},"share_on_mastodon":{"url":"https:\/\/pubeurope.com\/@es\/115639480169023004","error":""},"_links":{"self":[{"href":"https:\/\/www.europesays.com\/es\/wp-json\/wp\/v2\/posts\/263895","targetHints":{"allow":["GET"]}}],"collection":[{"href":"https:\/\/www.europesays.com\/es\/wp-json\/wp\/v2\/posts"}],"about":[{"href":"https:\/\/www.europesays.com\/es\/wp-json\/wp\/v2\/types\/post"}],"author":[{"embeddable":true,"href":"https:\/\/www.europesays.com\/es\/wp-json\/wp\/v2\/users\/2"}],"replies":[{"embeddable":true,"href":"https:\/\/www.europesays.com\/es\/wp-json\/wp\/v2\/comments?post=263895"}],"version-history":[{"count":0,"href":"https:\/\/www.europesays.com\/es\/wp-json\/wp\/v2\/posts\/263895\/revisions"}],"wp:featuredmedia":[{"embeddable":true,"href":"https:\/\/www.europesays.com\/es\/wp-json\/wp\/v2\/media\/263896"}],"wp:attachment":[{"href":"https:\/\/www.europesays.com\/es\/wp-json\/wp\/v2\/media?parent=263895"}],"wp:term":[{"taxonomy":"category","embeddable":true,"href":"https:\/\/www.europesays.com\/es\/wp-json\/wp\/v2\/categories?post=263895"},{"taxonomy":"post_tag","embeddable":true,"href":"https:\/\/www.europesays.com\/es\/wp-json\/wp\/v2\/tags?post=263895"}],"curies":[{"name":"wp","href":"https:\/\/api.w.org\/{rel}","templated":true}]}}