{"id":263903,"date":"2025-11-30T16:02:07","date_gmt":"2025-11-30T16:02:07","guid":{"rendered":"https:\/\/www.europesays.com\/es\/263903\/"},"modified":"2025-11-30T16:02:07","modified_gmt":"2025-11-30T16:02:07","slug":"petro-carga-contra-trump-por-las-amenazas-a-venezuela-con-que-derecho-un-presidente-puede-cerrar-el-espacio-aereo-de-otro-pais","status":"publish","type":"post","link":"https:\/\/www.europesays.com\/es\/263903\/","title":{"rendered":"Petro carga contra Trump por las amenazas a Venezuela: \u201c\u00bfCon qu\u00e9 derecho un presidente puede cerrar el espacio a\u00e9reo de otro pa\u00eds?\u201d"},"content":{"rendered":"<p class=\"\">El presidente colombiano Gustavo Petro ha respondido p\u00fablicamente y con dureza al anuncio del mandatario estadounidense, Donald Trump, que el s\u00e1bado proclam\u00f3 el cierre total <a href=\"https:\/\/elpais.com\/internacional\/2025-11-29\/trump-anuncia-el-cierre-total-del-espacio-aereo-de-venezuela.html\" target=\"_self\" rel=\"nofollow noopener\" title=\"https:\/\/elpais.com\/internacional\/2025-11-29\/trump-anuncia-el-cierre-total-del-espacio-aereo-de-venezuela.html\">del espacio a\u00e9reo sobre y alrededor de Venezuela<\/a>. En un mensaje en la red social X, su micr\u00f3fono favorito, Petro cuestion\u00f3 el mismo s\u00e1bado por la noche: \u201cQuiero saber: \u00bfbajo qu\u00e9 norma de derecho internacional un presidente de un pa\u00eds le puede cerrar el espacio a\u00e9reo a otra naci\u00f3n?\u201d. Y a\u00f1adi\u00f3: \u201cLe digo al mundo que un espacio a\u00e9reo nacional no lo puede cerrar un presidente extranjero o se acab\u00f3 el concepto de soberan\u00eda nacional y el concepto de \u2018derecho internacional\u201d.<\/p>\n<p class=\"\">El presidente colombiano public\u00f3 el mensaje tambi\u00e9n como presidente de la Comunidad de Estados Latinoamericanos y Caribe\u00f1os (CELAC), lo que subraya su pretensi\u00f3n de plantear el conflicto como un asunto regional.<\/p>\n<blockquote class=\"twitter-tweet\">\n<p lang=\"es\" dir=\"ltr\">Quiero saber \u00bfbajo que norma de derecho internacional un presidente de un pa\u00eds le puede cerrar el espacio a\u00e9reo a otra naci\u00f3n?<\/p>\n<p>Si eso existe, me disculpan mi atrevimiento, pero si no existe y la OACI esta fallando en este momento, le digo al mundo que un espacio a\u00e9reo nacional\u2026<\/p>\n<p>\u2014 Gustavo Petro (@petrogustavo) <a href=\"https:\/\/twitter.com\/petrogustavo\/status\/1994966001381744704?ref_src=twsrc%5Etfw\" rel=\"nofollow noopener\" target=\"_blank\">November 30, 2025<\/a><\/p><\/blockquote>\n<p class=\"\">La declaraci\u00f3n de Petro lleg\u00f3 unas doce horas despu\u00e9s de que Trump advirtiera \u2014en su red social, Truth\u2014 de que \u201clas aerol\u00edneas, los pilotos, los narcotraficantes y los tratantes de personas\u201d deb\u00edan tener en cuenta a partir de ese momento que el espacio a\u00e9reo sobre y en los alrededores de Venezuela \u201cpermanecer\u00e1 cerrado en su totalidad\u201d. El magnate republicano no aclar\u00f3 sobre qu\u00e9 autoridad o instrumento legal sustentaba esa orden, generando confusi\u00f3n sobre si se trataba de un aviso de facto, una recomendaci\u00f3n o una amenaza. <\/p>\n<p class=\"\">El espacio a\u00e9reo venezolano, en cualquier caso, permanece pr\u00e1cticamente aislado desde hace una semana por la suspensi\u00f3n de decenas de vuelos comerciales, cancelados tras una alerta de \u201cextremar la precauci\u00f3n\u201d por parte de la Administraci\u00f3n Federal de Aviaci\u00f3n (FAA) de Estados Unidos debido al \u201cdeterioro de la situaci\u00f3n de seguridad y al aumento de la actividad militar\u201d.<\/p>\n<p class=\"\">El cuestionamiento de Petro comparte fondo con la respuesta que dio Venezuela, <a href=\"https:\/\/elpais.com\/america\/2025-11-29\/venezuela-repudia-el-cierre-del-espacio-aereo-decretado-por-trump.html\" target=\"_self\" rel=\"nofollow noopener\" title=\"https:\/\/elpais.com\/america\/2025-11-29\/venezuela-repudia-el-cierre-del-espacio-aereo-decretado-por-trump.html\">que calific\u00f3 la medida como una \u201camenaza colonialista\u201d<\/a> y denunci\u00f3 que implicaba una violaci\u00f3n flagrante de la soberan\u00eda nacional. La pretensi\u00f3n de un presidente de intervenir unilateralmente sobre el cielo de otro pa\u00eds fue vista en Caracas como un \u201cacto hostil, unilateral y arbitrario\u201d. Venezuela lo consider\u00f3 \u201cuna amenaza expl\u00edcita de uso de la fuerza\u201d.<\/p>\n<p class=\"\">El cierre a\u00e9reo ordenado por Trump es interpretado por varios analistas como parte de una estrategia de \u201cpresi\u00f3n asim\u00e9trica\u201d en la que est\u00e1 combinando el cierre de rutas a\u00e9reas, incertidumbre jur\u00eddica, acusaciones de narcotr\u00e1fico y un despliegue militar sin precedentes en el mar Caribe. A la vez, el republicano mantiene abierta la v\u00eda del di\u00e1logo con <a href=\"https:\/\/elpais.com\/internacional\/2025-11-28\/maduro-y-trump-hablaron-la-semana-pasada-segun-the-new-york-times.html\" target=\"_self\" rel=\"nofollow noopener\" title=\"https:\/\/elpais.com\/internacional\/2025-11-28\/maduro-y-trump-hablaron-la-semana-pasada-segun-the-new-york-times.html\">una llamada que se produjo la semana pasada<\/a>.<\/p>\n<p class=\"\">Esta no es la primera vez que Gustavo Petro cuestiona decisiones de Trump respecto a Venezuela. Petro medi\u00f3 tras las acusaciones de fraude de las elecciones venezolanas del verano pasado y no ha reconocido a Maduro como presidente, pero est\u00e1 en las ant\u00edpodas ideol\u00f3gicas de la estrategia de Donald Trump en la regi\u00f3n. La relaci\u00f3n entre ambos mandatarios se ha deteriorado en los \u00faltimos meses, hasta el punto de que el estadounidense ha acusado p\u00fablicamente al colombiano de ser un \u201cmat\u00f3n\u201d y un \u201cl\u00edder del narcotr\u00e1fico\u201d. <\/p>\n<p class=\"\">La tensi\u00f3n ha escalado con distintos episodios, especialmente el de los bombardeos por parte del ej\u00e9rcito estadounidense de embarcaciones a las que Trump acusa, sin pruebas, de estar transportando droga desde el Pac\u00edfico y el Caribe hacia Estados Unidos. Petro siempre ha defendido que quien muere en esos ataques \u2014ya van m\u00e1s de 80 personas\u2014 <a href=\"https:\/\/elpais.com\/america-colombia\/2025-11-14\/los-pescadores-artesanales-del-caribe-colombiano-congelan-sus-faenas-ante-el-temor-a-las-bombas-de-estados-unidos.html\" target=\"_self\" rel=\"nofollow noopener\" title=\"https:\/\/elpais.com\/america-colombia\/2025-11-14\/los-pescadores-artesanales-del-caribe-colombiano-congelan-sus-faenas-ante-el-temor-a-las-bombas-de-estados-unidos.html\">son o pescadores inocentes o los eslabones m\u00e1s d\u00e9biles <\/a>de las organizaciones criminales. De hecho, el Gobierno colombiano denunci\u00f3 ante la Organizaci\u00f3n de Estados Americanos (OEA) las \u201cirregularidades\u201d de los bombardeos, al considerar que violan el derecho internacional.<\/p>\n<p class=\"\">Estados Unidos mantiene a Petro en la mira. En septiembre, le revoc\u00f3 la visa y justific\u00f3 la decisi\u00f3n en alusi\u00f3n a una arenga propalestina del mandatario colombiano \u2014en una calle de Nueva York\u2014 incitando a soldados estadounidenses a desobedecer \u00f3rdenes. El pasado octubre, lo incluy\u00f3 \u2014junto a sus allegados\u2014 en la lista Clinton, restringi\u00e9ndoles transacciones en d\u00f3lares y bloque\u00e1ndoles las cuentas por supuestos nexos con el narcotr\u00e1fico. Trump no ha presentado ninguna prueba de las acusaciones contra Petro, pero su mensaje ha sido munici\u00f3n para la oposici\u00f3n del presidente colombiano, que ya se mueve en clima electoral. <\/p>\n<p><script async src=\"https:\/\/platform.twitter.com\/widgets.js\" charset=\"utf-8\"><\/script><\/p>\n","protected":false},"excerpt":{"rendered":"El presidente colombiano Gustavo Petro ha respondido p\u00fablicamente y con dureza al anuncio del mandatario estadounidense, Donald Trump,&hellip;\n","protected":false},"author":2,"featured_media":263904,"comment_status":"","ping_status":"","sticky":false,"template":"","format":"standard","meta":{"footnotes":""},"categories":[42],"tags":[889,17,18,1803,47619,352,629,13,14,11,61,62,63,64,19,20,1804,7337,9,10,15,16,12,21,22,1192,65,66,67],"class_list":{"0":"post-263903","1":"post","2":"type-post","3":"status-publish","4":"format-standard","5":"has-post-thumbnail","7":"category-internacional","8":"tag-america","9":"tag-breaking-news","10":"tag-breakingnews","11":"tag-colombia","12":"tag-conflictos-diplomaticos","13":"tag-donald-trump","14":"tag-estados-unidos","15":"tag-featured-news","16":"tag-featurednews","17":"tag-headlines","18":"tag-internacional","19":"tag-international","20":"tag-international-news","21":"tag-internationalnews","22":"tag-latest-news","23":"tag-latestnews","24":"tag-latinoamerica","25":"tag-narcotrafico","26":"tag-news","27":"tag-noticias","28":"tag-noticias-destacadas","29":"tag-noticiasdestacadas","30":"tag-titulares","31":"tag-ultimas-noticias","32":"tag-ultimasnoticias","33":"tag-venezuela","34":"tag-world","35":"tag-world-news","36":"tag-worldnews"},"share_on_mastodon":{"url":"","error":"Validation failed: Text character limit of 500 exceeded"},"_links":{"self":[{"href":"https:\/\/www.europesays.com\/es\/wp-json\/wp\/v2\/posts\/263903","targetHints":{"allow":["GET"]}}],"collection":[{"href":"https:\/\/www.europesays.com\/es\/wp-json\/wp\/v2\/posts"}],"about":[{"href":"https:\/\/www.europesays.com\/es\/wp-json\/wp\/v2\/types\/post"}],"author":[{"embeddable":true,"href":"https:\/\/www.europesays.com\/es\/wp-json\/wp\/v2\/users\/2"}],"replies":[{"embeddable":true,"href":"https:\/\/www.europesays.com\/es\/wp-json\/wp\/v2\/comments?post=263903"}],"version-history":[{"count":0,"href":"https:\/\/www.europesays.com\/es\/wp-json\/wp\/v2\/posts\/263903\/revisions"}],"wp:featuredmedia":[{"embeddable":true,"href":"https:\/\/www.europesays.com\/es\/wp-json\/wp\/v2\/media\/263904"}],"wp:attachment":[{"href":"https:\/\/www.europesays.com\/es\/wp-json\/wp\/v2\/media?parent=263903"}],"wp:term":[{"taxonomy":"category","embeddable":true,"href":"https:\/\/www.europesays.com\/es\/wp-json\/wp\/v2\/categories?post=263903"},{"taxonomy":"post_tag","embeddable":true,"href":"https:\/\/www.europesays.com\/es\/wp-json\/wp\/v2\/tags?post=263903"}],"curies":[{"name":"wp","href":"https:\/\/api.w.org\/{rel}","templated":true}]}}