{"id":263905,"date":"2025-11-30T16:03:13","date_gmt":"2025-11-30T16:03:13","guid":{"rendered":"https:\/\/www.europesays.com\/es\/263905\/"},"modified":"2025-11-30T16:03:13","modified_gmt":"2025-11-30T16:03:13","slug":"un-hombre-de-60-anos-sufre-un-infarto-en-la-media-maraton-de-cordoba-y-es-salvado-con-un-desfibrilador","status":"publish","type":"post","link":"https:\/\/www.europesays.com\/es\/263905\/","title":{"rendered":"Un hombre de 60 a\u00f1os sufre un infarto en la Media Marat\u00f3n de C\u00f3rdoba y es salvado con un desfibrilador"},"content":{"rendered":"<p style=\"\">Un hombre de 60 a\u00f1os que participaba en la Media Marat\u00f3n de C\u00f3rdoba ha tenido que ser atendido por los sanitarios al sufrir<strong> un infarto en plena competici\u00f3n<\/strong>. Se utiliz\u00f3 el desfibrilador que tiene actualmente la Polic\u00eda Local y actu\u00f3 posteriormente el servicio  &#8230; sanitario a trav\u00e9s del 061. <\/p>\n<p class=\"voc-p\" style=\"\">Gracias a la actuaci\u00f3n del desfibrilador, el hombre, ya estabilizado, fue trasladado al hospital. El Ayuntamiento de la ciudad ha anunciado esta semana el despliegue e incremento de desfibriladores en la red municipal. La meta para el pr\u00f3ximo a\u00f1o 2026 es que C\u00f3rdoba <strong>disponga de unos 70 desfibriladores m\u00e1s<\/strong>, para <a href=\"https:\/\/www.abc.es\/espana\/andalucia\/cordoba\/houssame-benabbou-fatima-ouhaddou-reinan-media-maraton-20251130120233-nts.html\" target=\"_self\" data-voc-vtm-id=\"in-text-traffic\" title=\"rozar el centenar\" rel=\"nofollow noopener\">rozar el centenar<\/a> por los diez distritos.<\/p>\n<p class=\"voc-p\" style=\"\">El Ayuntamiento contaba actualmente con s\u00f3lo nueve desfibriladores fijos distribuidos por diferentes puntos de la ciudad: siete est\u00e1n en edificios municipales y dos en la v\u00eda p\u00fablica. <\/p>\n<p class=\"voc-p\" style=\"\">Por tanto, a los nueve desfibriladores fijos actuales se han unido desde este momento otros nueve que ir\u00e1n incorporados <strong>en los coches de la Polic\u00eda Local<\/strong>, lo que permitir\u00e1 que tengan movilidad ante cualquier incidencia y han servido para salvar la vida del hombre en plena Media Marat\u00f3n. <\/p>\n<p><img decoding=\"async\" loading=\"lazy\" src=\"https:\/\/www.europesays.com\/es\/wp-content\/uploads\/2025\/11\/policia-desfibrilador-media-maraton-U70737354414xND-760x427@diario_abc.jpeg\" class=\"voc-img\" width=\"760\" height=\"427\" alt=\"Los polic\u00edas que salvaron la vida del corredor en la Media Marat\u00f3n de C\u00f3rdoba\" data-voc-vtm-id=\"in-text-traffic\"\/><\/p>\n<p>Los polic\u00edas que salvaron la vida del corredor en la Media Marat\u00f3n de C\u00f3rdoba<\/p>\n<p>ABC<\/p>\n<p class=\"voc-p\" style=\"\">El Consistorio tambi\u00e9n adquirir\u00e1 algo m\u00e1s de 20 desfibriladores para dotar <strong>a todos los centros c\u00edvicos de la ciudad<\/strong> y la delegaci\u00f3n de Participaci\u00f3n Ciudadana. En total, C\u00f3rdoba aumentar\u00e1 su parque de desfibriladores en m\u00e1s de 70 durante el a\u00f1o que viene, lo que permitir\u00e1 acercarse al centenar en la red municipal con los m\u00e1s de <a href=\"https:\/\/www.abc.es\/espana\/andalucia\/cordoba\/cordoba-500-menores-tutelados-junta-andalucia-ano-20251130090610-nts.html\" target=\"_self\" data-voc-vtm-id=\"in-text-traffic\" title=\"una veintena de este a\u00f1o.\" rel=\"nofollow noopener\">una veintena de este a\u00f1o.<\/a><\/p>\n","protected":false},"excerpt":{"rendered":"Un hombre de 60 a\u00f1os que participaba en la Media Marat\u00f3n de C\u00f3rdoba ha tenido que ser atendido&hellip;\n","protected":false},"author":2,"featured_media":263906,"comment_status":"","ping_status":"","sticky":false,"template":"","format":"standard","meta":{"footnotes":""},"categories":[8],"tags":[988,17,18,2760,65566,25,24,13,14,11,366,10578,19,20,23906,2750,9,10,15,16,65565,23,11463,12,21,22],"class_list":{"0":"post-263905","1":"post","2":"type-post","3":"status-publish","4":"format-standard","5":"has-post-thumbnail","7":"category-espana","8":"tag-anos","9":"tag-breaking-news","10":"tag-breakingnews","11":"tag-cordoba","12":"tag-desfibrilador","13":"tag-es","14":"tag-espana","15":"tag-featured-news","16":"tag-featurednews","17":"tag-headlines","18":"tag-hombre","19":"tag-infarto","20":"tag-latest-news","21":"tag-latestnews","22":"tag-maraton","23":"tag-media","24":"tag-news","25":"tag-noticias","26":"tag-noticias-destacadas","27":"tag-noticiasdestacadas","28":"tag-reanimado","29":"tag-spain","30":"tag-sufre","31":"tag-titulares","32":"tag-ultimas-noticias","33":"tag-ultimasnoticias"},"share_on_mastodon":{"url":"https:\/\/pubeurope.com\/@es\/115639498195426026","error":""},"_links":{"self":[{"href":"https:\/\/www.europesays.com\/es\/wp-json\/wp\/v2\/posts\/263905","targetHints":{"allow":["GET"]}}],"collection":[{"href":"https:\/\/www.europesays.com\/es\/wp-json\/wp\/v2\/posts"}],"about":[{"href":"https:\/\/www.europesays.com\/es\/wp-json\/wp\/v2\/types\/post"}],"author":[{"embeddable":true,"href":"https:\/\/www.europesays.com\/es\/wp-json\/wp\/v2\/users\/2"}],"replies":[{"embeddable":true,"href":"https:\/\/www.europesays.com\/es\/wp-json\/wp\/v2\/comments?post=263905"}],"version-history":[{"count":0,"href":"https:\/\/www.europesays.com\/es\/wp-json\/wp\/v2\/posts\/263905\/revisions"}],"wp:featuredmedia":[{"embeddable":true,"href":"https:\/\/www.europesays.com\/es\/wp-json\/wp\/v2\/media\/263906"}],"wp:attachment":[{"href":"https:\/\/www.europesays.com\/es\/wp-json\/wp\/v2\/media?parent=263905"}],"wp:term":[{"taxonomy":"category","embeddable":true,"href":"https:\/\/www.europesays.com\/es\/wp-json\/wp\/v2\/categories?post=263905"},{"taxonomy":"post_tag","embeddable":true,"href":"https:\/\/www.europesays.com\/es\/wp-json\/wp\/v2\/tags?post=263905"}],"curies":[{"name":"wp","href":"https:\/\/api.w.org\/{rel}","templated":true}]}}