{"id":263907,"date":"2025-11-30T16:04:11","date_gmt":"2025-11-30T16:04:11","guid":{"rendered":"https:\/\/www.europesays.com\/es\/263907\/"},"modified":"2025-11-30T16:04:11","modified_gmt":"2025-11-30T16:04:11","slug":"benjamin-netanyahu-le-pide-al-presidente-de-israel-que-lo-indulte","status":"publish","type":"post","link":"https:\/\/www.europesays.com\/es\/263907\/","title":{"rendered":"Benjamin Netanyahu le pide al presidente de Israel que lo indulte"},"content":{"rendered":"<p><img fetchpriority=\"high\" decoding=\"async\" src=\"https:\/\/www.europesays.com\/es\/wp-content\/uploads\/2025\/11\/3a42f4b0-cdfa-11f0-9fb5-5f3a3703a365.jpg.webp.webp\"   alt=\"Benjam\u00edn Netanyahu ante un podio con dos micr\u00f3fonos lenvanta la mano izquierda. Hay una bandera de Israel en el fondo\" loading=\"eager\" width=\"1000\" height=\"563\" style=\"aspect-ratio:1000 \/ 563\" class=\"css-4ejld5\"\/><\/p>\n<p class=\"css-by8ykd\" role=\"text\">Fuente de la imagen, EPA<\/p>\n<p>Pie de foto, Netanyahu afirm\u00f3 que un indulto conducir\u00eda a una reconciliaci\u00f3n nacional en Israel.<strong id=\"article-byline\" aria-hidden=\"true\" class=\"css-m04vo2\">Informaci\u00f3n del art\u00edculo<\/strong><\/p>\n<ul class=\"css-1rvtlej\">\n<li class=\"css-oe8da4\">\n<ul role=\"list\" class=\"css-1rnycnn\">\n<li>Autor, James Cook<\/li>\n<li>T\u00edtulo del autor,  Corresponsal diplom\u00e1tico, BBC, Jerusal\u00e9n<\/li>\n<\/ul>\n<ul role=\"list\" class=\"css-1rnycnn\">\n<li>Autor, Paulin Kola<\/li>\n<li>T\u00edtulo del autor,  <\/li>\n<\/ul>\n<ul role=\"list\" class=\"css-1rnycnn\">\n<li>Autor, Patrick Jackson<\/li>\n<li>T\u00edtulo del autor,  <\/li>\n<\/ul>\n<\/li>\n<li class=\"css-1clfxfc\">30 noviembre 2025, 15:37 GMT\n<p>Actualizado 14 minutos<\/p>\n<\/li>\n<li class=\"css-1clfxfc\"\/><\/ul>\n<p dir=\"ltr\" class=\"css-oygqes e17g058b0\"><b>El primer ministro de Israel, Benjamin Netanyahu, present\u00f3 una solicitud de indulto del presidente de su pa\u00eds, Isaac Herzog.<\/b><\/p>\n<p dir=\"ltr\" class=\"css-oygqes e17g058b0\">En respuesta, la oficina del presidente comunic\u00f3 que Herzog esperar\u00e1 a recibir las opiniones de los funcionarios judiciales antes de considerar la \u00abextraordinaria solicitud que acarrea implicaciones significativas\u00bb.<\/p>\n<p dir=\"ltr\" class=\"css-oygqes e17g058b0\">Durante los \u00faltimos cinco a\u00f1os, Netanyahu ha sido sometido a juicio acusado de soborno, fraude y abuso de confianza en conexi\u00f3n con tres casos separados. El mandatario defiende su inocencia.<\/p>\n<p dir=\"ltr\" class=\"css-oygqes e17g058b0\">En un mensaje de video, Netanyahu expres\u00f3 que hubiese preferido ver el proceso seguir su curso hasta el final, pero los intereses nacionales \u00abexig\u00edan lo contrario\u00bb.<\/p>\n<p dir=\"ltr\" class=\"css-oygqes e17g058b0\">La oposici\u00f3n en Israel afirma que deber\u00eda reconocer su culpabilidad antes de buscar un indulto.<\/p>\n<p dir=\"ltr\" class=\"css-oygqes e17g058b0\">A principios de este mes, el presidente de EE.UU., Donald Trump, exhort\u00f3 a Herzog a que \u00abindultara completamente\u00bb al primer ministro.<\/p>\n<p dir=\"ltr\" class=\"css-oygqes e17g058b0\">En ese momento, Herzog dej\u00f3 en claro que cualquiera que estuviera buscando un indulto tendr\u00eda que presentar una solicitud formal.<\/p>\n<p dir=\"ltr\" class=\"css-oygqes e17g058b0\">El domingo, el despacho del presidente public\u00f3 la solicitud y una carta escrita por el propio primer ministro, en vista de \u00abla importancia de esta extraordinaria solicitud y sus implicaciones\u00bb.<\/p>\n<p dir=\"ltr\" class=\"css-oygqes e17g058b0\">No dio indicaci\u00f3n alguna de cu\u00e1ndo el presidente tomar\u00e1 una decisi\u00f3n.<\/p>\n<p dir=\"ltr\" class=\"css-oygqes e17g058b0\">En 2020, Netanyahu se convirti\u00f3 en el primer mandatario de Israel en funciones en ser enjuiciado.<\/p>\n<p><img decoding=\"async\" src=\"https:\/\/www.europesays.com\/es\/wp-content\/uploads\/2025\/11\/11504aa0-cdfd-11f0-8c06-f5d460985095.png.webp.webp\"   alt=\"[]\" loading=\"lazy\" width=\"800\" height=\"100\" style=\"aspect-ratio:800 \/ 100\" class=\"css-4ejld5\"\/><\/p>\n<p dir=\"ltr\" class=\"css-oygqes e17g058b0\"><b>Los tres casos en contra de Netanyahu<\/b><\/p>\n<ul class=\"css-1lxq1jn\" role=\"list\">\n<li role=\"listitem\" class=\"css-1maxgwy\"><b>Caso 1.000<\/b>: Netanyahu fue acusado de fraude y abuso de confianza. Se alega que recibi\u00f3 varios regalos de alto valor, como champ\u00e1n rosado y cigarros, a cambio de favores para un amigo rico. Netanyahu asegura que eran muestras de amistad y que no actu\u00f3 de manera inapropiada y el amigo niega igualmente cualquier comportamiento fuera de la ley.<\/li>\n<\/ul>\n<ul class=\"css-1lxq1jn\" role=\"list\">\n<li role=\"listitem\" class=\"css-1maxgwy\"><b>Caso 2.000<\/b>: Son tambi\u00e9n cargos por fraude y abuso de confianza. De acuerdo con la acusaci\u00f3n, el primer ministro lleg\u00f3 a un acuerdo con el editor de un importante peri\u00f3dico para promover una legislaci\u00f3n para debilitar a un rival a cambio de una cobertura favorable. El editor tambi\u00e9n fue acusado de soborno, pero, al igual que el primer ministro, niega los cargos.<\/li>\n<\/ul>\n<ul class=\"css-1lxq1jn\" role=\"list\">\n<li role=\"listitem\" class=\"css-1maxgwy\"><b>Caso 4.000<\/b>: Este es considerado el m\u00e1s grave porque Netanyahu fue acusado de soborno, as\u00ed como de fraude y abuso de confianza. Seg\u00fan la acusaci\u00f3n, Netanyahu promovi\u00f3 decisiones regulatorias que favorecieron a una compa\u00f1\u00eda l\u00edder de telecomunicaciones a cambio de una cobertura de noticias favorable en uno de sus sitios web, como parte de un acuerdo con el accionista que controlaba la compa\u00f1\u00eda.<\/li>\n<\/ul>\n<p><img decoding=\"async\" src=\"https:\/\/www.europesays.com\/es\/wp-content\/uploads\/2025\/11\/9ecfbdc0-cdfd-11f0-8c06-f5d460985095.png.webp.webp\"   alt=\"[]\" loading=\"lazy\" width=\"800\" height=\"100\" style=\"aspect-ratio:800 \/ 100\" class=\"css-4ejld5\"\/><\/p>\n<p>\u00abUna exigencia imposible\u00bb<\/p>\n<p dir=\"ltr\" class=\"css-oygqes e17g058b0\">Netanyahu se ha declarado no culpable de todas las acusaciones y describi\u00f3 el juicio como una \u00abcacer\u00eda de brujas\u00bb emprendida por sus opositores pol\u00edticos.<\/p>\n<p dir=\"ltr\" class=\"css-oygqes e17g058b0\">En su mensaje en video el domingo expres\u00f3 que la continuaci\u00f3n del juicio \u00abnos destrozar\u00e1 desde adentro\u00bb en un momento en el que Israel enfrenta \u00abdesaf\u00edos enormes y, a la vez, grandes oportunidades\u00bb, que requieren unidad.<\/p>\n<p dir=\"ltr\" class=\"css-oygqes e17g058b0\">\u00abEstoy seguro, como muchos otros en la naci\u00f3n, de que un fin inmediato del juicio ayudar\u00eda enormemente a apagar las llamas y promover una amplia reconciliaci\u00f3n, algo que nuestro pa\u00eds necesita desesperadamente\u00bb, declar\u00f3 el primer ministro.<\/p>\n<p dir=\"ltr\" class=\"css-oygqes e17g058b0\">A\u00f1adi\u00f3 que estaba siendo citado a comparecer ante el tribunal tres veces a la semana, describi\u00e9ndolo como \u00abuna exigencia imposible\u00bb.<\/p>\n<p dir=\"ltr\" class=\"css-oygqes e17g058b0\">Insisti\u00f3 en que un indulto ayudar\u00eda a Israel a esquivar las amenazas y aprovechar las oportunidades fomentando la \u00abunidad nacional\u00bb.<\/p>\n<p dir=\"ltr\" class=\"css-oygqes e17g058b0\">Los pol\u00edticos de oposici\u00f3n lo han acusado de tratar de mezclar sus intereses personales con aquellos del Estado.<\/p>\n<p><img decoding=\"async\" src=\"https:\/\/www.europesays.com\/es\/wp-content\/uploads\/2025\/11\/db07bcb0-cdfe-11f0-9fb5-5f3a3703a365.jpg.webp.webp\"   alt=\"Manifestantes en Jerusal\u00e9n con meg\u00e1fonos y una pancarta que muestra una imagen de Netanyahu con la palabra &quot;crimen&quot; \" loading=\"lazy\" width=\"1024\" height=\"702\" style=\"aspect-ratio:1024 \/ 702\" class=\"css-4ejld5\"\/><\/p>\n<p class=\"css-by8ykd\" role=\"text\">Fuente de la imagen, Getty Images<\/p>\n<p>Pie de foto, En Israel ha habido multitudinarias protestas contra Netanyahu y lo que consideran como un gobierno corrupto.<\/p>\n<p dir=\"ltr\" class=\"css-oygqes e17g058b0\">El l\u00edder de la oposici\u00f3n, Yair Lapid, expres\u00f3 que no podr\u00eda haber un indulto sin una admisi\u00f3n de culpa, una expresi\u00f3n de remordimiento y el retiro inmediato de Netanyahu de la vida pol\u00edtica.<\/p>\n<p dir=\"ltr\" class=\"css-oygqes e17g058b0\">Por su parte, Yair Golan, un pol\u00edtico de izquierda y antiguo subcomandante de las fuerzas israel\u00edes, afirm\u00f3 que \u00abs\u00f3lo los culpables\u00bb  buscan un indulto.<\/p>\n<p dir=\"ltr\" class=\"css-oygqes e17g058b0\">Seg\u00fan la Ley B\u00e1sica de Israel, el presidente \u00abtiene la potestad de indultar a delincuentes y reducir o transmutar (alterar) su sentencia\u00bb.<\/p>\n<p dir=\"ltr\" class=\"css-oygqes e17g058b0\">Sin embargo, la Corte Suprema de Israel ha fallado con anterioridad que el presidente podr\u00eda indultar a un individuo antes de que sea condenado si es en el inter\u00e9s p\u00fablico o si existen circunstancias personales extraordinarias.<\/p>\n<p dir=\"ltr\" class=\"css-oygqes e17g058b0\">Likud, el partido de derecha de Netanyahu, y sus seguidores continuamente han respaldado un indulto para su l\u00edder.<\/p>\n<p dir=\"ltr\" class=\"css-oygqes e17g058b0\">Pero para muchos en Israel, particularmente en la izquierda, ser\u00eda interpretado como otra medida que alejar\u00eda al pa\u00eds de su sentido de identidad como una democracia robusta con un sistema legal s\u00f3lido.<\/p>\n<p dir=\"ltr\" class=\"css-oygqes e17g058b0\">El temor p\u00fablico tras los planes del gobierno de reformar el sistema judicial llev\u00f3 a cientos de miles de personas a salir a las calles en protesta durante muchos meses antes del ataque del 7 de octubre de 2023 encabezado por Ham\u00e1s que desat\u00f3 la m\u00e1s reciente guerra en Gaza.<\/p>\n<p dir=\"ltr\" class=\"css-oygqes e17g058b0\">En un caso separado, la Corte Penal Internacional emiti\u00f3 una orden de arresto el a\u00f1o pasado contra Netanyahu y el exministro de Defensa de Israel, Yoav Gallant, por cr\u00edmenes de guerra y cr\u00edmenes de lesa humanidad supuestamente cometidos durante la guerra entre Israel y Ham\u00e1s. Netanyahu conden\u00f3 la medida como \u00abantisemita\u00bb.<\/p>\n<p><img decoding=\"async\" src=\"https:\/\/www.europesays.com\/es\/wp-content\/uploads\/2025\/11\/c1675c60-cdfa-11f0-a892-01d657345866.png.webp.webp\"   alt=\"[]\" loading=\"lazy\" width=\"800\" height=\"100\" style=\"aspect-ratio:800 \/ 100\" class=\"css-4ejld5\"\/><\/p>\n<p dir=\"ltr\" class=\"css-oygqes e17g058b0\"><a href=\"https:\/\/www.bbc.com\/mundo\/send\/u184973209\" class=\"focusIndicatorReducedWidth css-n8oauk e1p3sufg0\" rel=\"nofollow noopener\" target=\"_blank\">Suscr\u00edbete aqu\u00ed<\/a> a nuestro nuevo newsletter para recibir cada viernes una selecci\u00f3n de nuestro mejor contenido de la semana.<\/p>\n<p dir=\"ltr\" class=\"css-oygqes e17g058b0\">Y recuerda que puedes recibir notificaciones en nuestra app. Descarga la \u00faltima versi\u00f3n y act\u00edvalas.<\/p>\n","protected":false},"excerpt":{"rendered":"Fuente de la imagen, EPA Pie de foto, Netanyahu afirm\u00f3 que un indulto conducir\u00eda a una reconciliaci\u00f3n nacional&hellip;\n","protected":false},"author":2,"featured_media":263908,"comment_status":"","ping_status":"","sticky":false,"template":"","format":"standard","meta":{"footnotes":""},"categories":[5],"tags":[17,18,25,24,13,14,11,19,20,9,10,15,16,23,12,21,22],"class_list":{"0":"post-263907","1":"post","2":"type-post","3":"status-publish","4":"format-standard","5":"has-post-thumbnail","7":"category-titulares","8":"tag-breaking-news","9":"tag-breakingnews","10":"tag-es","11":"tag-espana","12":"tag-featured-news","13":"tag-featurednews","14":"tag-headlines","15":"tag-latest-news","16":"tag-latestnews","17":"tag-news","18":"tag-noticias","19":"tag-noticias-destacadas","20":"tag-noticiasdestacadas","21":"tag-spain","22":"tag-titulares","23":"tag-ultimas-noticias","24":"tag-ultimasnoticias"},"share_on_mastodon":{"url":"https:\/\/pubeurope.com\/@es\/115639502313944930","error":""},"_links":{"self":[{"href":"https:\/\/www.europesays.com\/es\/wp-json\/wp\/v2\/posts\/263907","targetHints":{"allow":["GET"]}}],"collection":[{"href":"https:\/\/www.europesays.com\/es\/wp-json\/wp\/v2\/posts"}],"about":[{"href":"https:\/\/www.europesays.com\/es\/wp-json\/wp\/v2\/types\/post"}],"author":[{"embeddable":true,"href":"https:\/\/www.europesays.com\/es\/wp-json\/wp\/v2\/users\/2"}],"replies":[{"embeddable":true,"href":"https:\/\/www.europesays.com\/es\/wp-json\/wp\/v2\/comments?post=263907"}],"version-history":[{"count":0,"href":"https:\/\/www.europesays.com\/es\/wp-json\/wp\/v2\/posts\/263907\/revisions"}],"wp:featuredmedia":[{"embeddable":true,"href":"https:\/\/www.europesays.com\/es\/wp-json\/wp\/v2\/media\/263908"}],"wp:attachment":[{"href":"https:\/\/www.europesays.com\/es\/wp-json\/wp\/v2\/media?parent=263907"}],"wp:term":[{"taxonomy":"category","embeddable":true,"href":"https:\/\/www.europesays.com\/es\/wp-json\/wp\/v2\/categories?post=263907"},{"taxonomy":"post_tag","embeddable":true,"href":"https:\/\/www.europesays.com\/es\/wp-json\/wp\/v2\/tags?post=263907"}],"curies":[{"name":"wp","href":"https:\/\/api.w.org\/{rel}","templated":true}]}}