{"id":263909,"date":"2025-11-30T16:10:14","date_gmt":"2025-11-30T16:10:14","guid":{"rendered":"https:\/\/www.europesays.com\/es\/263909\/"},"modified":"2025-11-30T16:10:14","modified_gmt":"2025-11-30T16:10:14","slug":"treinta-ciclistas-desafian-a-la-lluvia-en-la-ruta-del-pavo-que-organiza-el-cc-sport-tomelloso","status":"publish","type":"post","link":"https:\/\/www.europesays.com\/es\/263909\/","title":{"rendered":"Treinta ciclistas desaf\u00edan a la lluvia en la Ruta del Pavo que organiza el CC Sport Tomelloso"},"content":{"rendered":"<p>Treinta esforzados ciclistas desafian a la lluvia en la d\u00e9cima edici\u00f3n de la Ruta del Pavo que ha partido del recinto ferial este domingo, poco despu\u00e9s de las nueve de la ma\u00f1ana. Ataviados con chubasqueros y con moral alta a pesar del mal tiempo, los ciclistas afrontan una ruta de 55 kil\u00f3metros que discurrir\u00e1 por los parajes de La Garza, el Torre\u00f3n de Do\u00f1a Amparo y la Casa del Cura. Un trazado circular que les acercar\u00e1 al Pantano de Pe\u00f1arroya.<\/p>\n<p>Miguel \u00c1ngel Sevilla, presidente del club organizador, el CC Sport Tomelloso, agradec\u00eda en la salida la participaci\u00f3n. La carrera contaba con 80 inscritos, siendo mayor\u00eda de los ciclistas de Tomelloso, con presencia tambi\u00e9n de corredores de poblaciones vecinas y de otras comunidades aut\u00f3nomas como Madrid, Valencia o Andaluc\u00eda. Los organizadores han pedido precauci\u00f3n. Varias motos asistir\u00e1n a los ciclistas en\u00a0 caso de aver\u00eda o cualquier problema que se pueda producir.<\/p>\n<p>Est\u00e1 previsto que la ruta se realice en unas dos horas. Al final, tendr\u00e1 lugar la entrega de trofeos en la Casa de Todos del Barrio San Jos\u00e9.<\/p>\n<p>        <a target=\"_blank\" href=\"http:\/\/www.eurotaller.com\/taller\/112\/talleres-centrauto\" rel=\"nofollow noopener\">&#13;<br \/>\n            <img decoding=\"async\" class=\"img-fluid d-block mx-auto cursor\" ng-click=\"clickBanner(144)\" src=\"https:\/\/www.europesays.com\/es\/wp-content\/uploads\/2025\/07\/362b021c-6f30-47c5-8f0e-db8cff061a49.png\" alt=\"\"\/>&#13;<br \/>\n        <\/a><\/p>\n<p>&#13;<br \/>\n                     838 usuarios han visto esta noticia&#13;\n                <\/p>\n","protected":false},"excerpt":{"rendered":"Treinta esforzados ciclistas desafian a la lluvia en la d\u00e9cima edici\u00f3n de la Ruta del Pavo que ha&hellip;\n","protected":false},"author":2,"featured_media":263910,"comment_status":"","ping_status":"","sticky":false,"template":"","format":"standard","meta":{"footnotes":""},"categories":[273],"tags":[299,313,312,634,168,2560,95,25,24,282,10,23,167,3022],"class_list":{"0":"post-263909","1":"post","2":"type-post","3":"status-publish","4":"format-standard","5":"has-post-thumbnail","7":"category-ciclismo","8":"tag-baloncesto","9":"tag-ciclismo","10":"tag-cycling","11":"tag-deporte","12":"tag-deportes","13":"tag-economa","14":"tag-economia","15":"tag-es","16":"tag-espana","17":"tag-futbol","18":"tag-noticias","19":"tag-spain","20":"tag-sports","21":"tag-tomelloso"},"share_on_mastodon":{"url":"https:\/\/pubeurope.com\/@es\/115639525579880510","error":""},"_links":{"self":[{"href":"https:\/\/www.europesays.com\/es\/wp-json\/wp\/v2\/posts\/263909","targetHints":{"allow":["GET"]}}],"collection":[{"href":"https:\/\/www.europesays.com\/es\/wp-json\/wp\/v2\/posts"}],"about":[{"href":"https:\/\/www.europesays.com\/es\/wp-json\/wp\/v2\/types\/post"}],"author":[{"embeddable":true,"href":"https:\/\/www.europesays.com\/es\/wp-json\/wp\/v2\/users\/2"}],"replies":[{"embeddable":true,"href":"https:\/\/www.europesays.com\/es\/wp-json\/wp\/v2\/comments?post=263909"}],"version-history":[{"count":0,"href":"https:\/\/www.europesays.com\/es\/wp-json\/wp\/v2\/posts\/263909\/revisions"}],"wp:featuredmedia":[{"embeddable":true,"href":"https:\/\/www.europesays.com\/es\/wp-json\/wp\/v2\/media\/263910"}],"wp:attachment":[{"href":"https:\/\/www.europesays.com\/es\/wp-json\/wp\/v2\/media?parent=263909"}],"wp:term":[{"taxonomy":"category","embeddable":true,"href":"https:\/\/www.europesays.com\/es\/wp-json\/wp\/v2\/categories?post=263909"},{"taxonomy":"post_tag","embeddable":true,"href":"https:\/\/www.europesays.com\/es\/wp-json\/wp\/v2\/tags?post=263909"}],"curies":[{"name":"wp","href":"https:\/\/api.w.org\/{rel}","templated":true}]}}