{"id":263911,"date":"2025-11-30T16:12:29","date_gmt":"2025-11-30T16:12:29","guid":{"rendered":"https:\/\/www.europesays.com\/es\/263911\/"},"modified":"2025-11-30T16:12:29","modified_gmt":"2025-11-30T16:12:29","slug":"a-veces-infravaloramos-lo-vivido-en-bilbao","status":"publish","type":"post","link":"https:\/\/www.europesays.com\/es\/263911\/","title":{"rendered":"\u00abA veces infravaloramos lo vivido en Bilbao\u00bb\u00bb &#8211;"},"content":{"rendered":"<p>Hablar de Javi Salgado es hablar de Bilbao Basket. De baloncesto puro. Del antiguo, del cl\u00e1sico de los a\u00f1os 2000, y del presente, donde sigue siendo protagonista el de Santutxu. Presente en los tres ascensos del club, ahora disfruta de su nueva etapa en los banquillos, primero junto a Mumbr\u00fa y ahora al lado de Jaume Ponsarnau. De todo este recorrido hablamos con \u00e9l.<\/p>\n<p><strong>Gigantes: Javi, ahora habr\u00e1 lectores que cojan esta revista y que est\u00e1n acostumbrados a que siempre haya habido baloncesto de primer\u00edsimo nivel, de \u00e9lite, en Europa, aqu\u00ed en Bizkaia. \u00bfC\u00f3mo les hacemos entender que esto no era as\u00ed hace unos a\u00f1os?<\/strong><\/p>\n<p><strong>Javi Salgado:<\/strong> Yo puedo contar que cuando yo ten\u00eda 15, 16, 18 a\u00f1os, ni siquiera hab\u00eda baloncesto de ACB en Bizkaia. Lo m\u00e1ximo que hab\u00eda era Liga EBA y en los primeros a\u00f1os del Bilbao Basket en LEB 2 o Plata, en La Casilla ven\u00edan 500, 600, 800, 1000 personas a vernos, no hab\u00eda m\u00e1s.<\/p>\n<p><strong>Gigantes: Contado ahora, parece algo incre\u00edble.<\/strong><\/p>\n<p><strong>J.S.:<\/strong> S\u00ed, s\u00ed, visto ahora cuesta creerlo, pero as\u00ed era. Tuvimos la suerte de hacer bien las cosas desde los despachos y en la parte deportiva. La gente se fue enganchando, porque siempre hubo afici\u00f3n aqu\u00ed desde la \u00e9poca del Caja Bilbao. Y la gente se volvi\u00f3 a enganchar con este proyecto. El equipo fue para arriba: en el primer a\u00f1o de Txus Vidorreta, segundo a\u00f1o de historia del club, ascendimos a LEB. Ah\u00ed estuvimos un par de a\u00f1os y en muy poco tiempo ya est\u00e1bamos jugando en ACB contra el Madrid, el Bar\u00e7a, el Baskonia\u2026<\/p>\n<p><strong>Gigantes: Claro, y todo eso que ahora lo decimos de carrerilla, la LEB, el ascenso, y la ACB. Pum. Pero vosotros que estabais ah\u00ed, \u00bffue progresivo o en alg\u00fan momento os disteis cuenta de que esto iba en serio? Porque fue algo tan r\u00e1pido\u2026<\/strong><\/p>\n<p><strong>J.S.: <\/strong>A ver, es verdad que el club se cre\u00f3 con la idea de llegar a ACB, pero nadie pensaba que en tres o cuatro a\u00f1os estar\u00edamos ah\u00ed subiendo dos categor\u00edas. Fue todo muy r\u00e1pido. Con Txus ya gan\u00e1bamos muchos partidos, est\u00e1bamos ah\u00ed. En el primer a\u00f1o de LEB ya acabamos cuartos o quintos en liga regular y en el segundo conseguimos el ascenso. Recuerdo proyectos como el de Zaragoza, que llevaba 6, 8, 10 a\u00f1os con presupuestos alt\u00edsimos, grandes jugadores fichados, y no sub\u00edan. Sab\u00edamos que hab\u00eda que pelearlo y no era f\u00e1cil. Nosotros lo conseguimos muy r\u00e1pido, pens\u00e1bamos que tardar\u00edamos cinco o seis a\u00f1os y en el segundo de LEB ya lo logramos.<\/p>\n<p><strong>Gigantes: Y eso lo habr\u00e1s dicho muchas veces, pero en los a\u00f1os de Euroliga, de las finales, \u00bflo ve\u00edas con un puntito de estando fuera envidia? Habiendo estado aqu\u00ed desde los inicios. \u00bfC\u00f3mo lo viviste todo eso?<\/strong><\/p>\n<p><strong>J.S.: <\/strong>Lo viv\u00ed con mucho orgullo desde la distancia. Aunque jugase en otro equipo de ACB, en el Estu o en el GBC, yo siempre he sido del Bilbao Basket. Cuando jugaba contra Bilbao, peleaba por mi equipo, pero siempre les dese\u00e9 lo mejor. Cuando jugaron la final de la Liga ACB, Euroliga\u2026 lo segu\u00eda con atenci\u00f3n y con orgullo. Me hubiese gustado estar, claro, pero ya que no pude, al menos lo disfrut\u00e9 desde fuera.<\/p>\n<p><strong>Gigantes: Y en ese momento, \u00bfcon la idea de volver en mente alg\u00fan d\u00eda? \u00bften\u00edas claro que era una etapa inacabada?<\/strong><\/p>\n<p><strong>J.S.: <\/strong>S\u00ed. Cuando cambia la directiva, se va Gorka Arrinda y entra Carlos del Campo, me proponen volver, surge la posibilidad y no me lo pienso. Ya estaba al final de mi carrera y quer\u00eda acabar en casa, con mi familia, mis hijos, en el club que siempre he sentido. Era volver a casa y no lo pod\u00eda rechazar. Luego lleg\u00f3 el descenso y el ascenso, pero eso es el deporte profesional, nunca sabes lo que puede pasar.<br \/><strong>Gigantes: Hemos hablado muchas veces c\u00f3mo ha cambiado el baloncesto en esta \u00e9poca, en todos estos a\u00f1os. \u00bfCrees que veremos m\u00e1s bases como Javi Salgado en la ACB actual o ya es imposible porque todo es mucho m\u00e1s f\u00edsico?<\/strong><\/p>\n<p><strong>J.S.: <\/strong>Es buena pregunta. Es cierto que cada vez todo es m\u00e1s f\u00edsico, se buscan bases m\u00e1s fuertes y grandes. En todas las posiciones. Pero si eres buen jugador, tengas el tama\u00f1o que tengas, vas a tener espacio. En Euroliga est\u00e1n Campazzo, TJ Shorts\u2026 bases peque\u00f1os, de mi estatura, que dominan el juego en grandes equipos. Si tienes calidad y talento, tendr\u00e1s hueco en el m\u00e1s alto nivel.<\/p>\n<p><strong>Gigantes: Has jugado en otras ciudades, en otros equipos\u2026 \u00bfCrees que pod\u00eda darse lo que pas\u00f3 en Bilbao en otro sitio o es algo que a veces se infravalora?<\/strong><\/p>\n<p><strong>J.S.: <\/strong>Creo que lo infravaloramos. Pongo el ejemplo del GBC, donde estuve, la afici\u00f3n se ha ido desconectando con los descensos y ascensos, y les cuesta volver a engancharse y hacer una masa social fiel grande. En el Estu es distinto, tienen una base s\u00f3lida y numerosa de cantera y afici\u00f3n fiel. Familias, gente de toda la vida del Estu\u2026 En Bilbao, eso lo infravaloramos. El sentimiento creo que estaba latente desde el Caja Bilbao y cuando vieron que el proyecto era serio, con buena gesti\u00f3n, la gente se enganch\u00f3. La Casilla se qued\u00f3 peque\u00f1a, pasamos al BEC y luego a Miribilla, un pabell\u00f3n de primer nivel y de un tama\u00f1o considerable. De un sentimiento latente cada vez se hizo algo m\u00e1s grande. Y los \u00e9xitos acompa\u00f1aron y ayudaron.<\/p>\n<p><strong>Gigantes: Ahora, cuando est\u00e1s en el banquillo, con un rol de entrenador y miras ah\u00ed tu camiseta colgada, \u00bfalguna vez te ha tocado decir a alg\u00fan jugador: \u201cmira lo que construimos algunos, igual no est\u00e1s dando el 100%\u201d, o \u201cno est\u00e1s defendiendo los colores como yo lo hac\u00eda\u201d?<\/strong><\/p>\n<p><strong>J.S.: <\/strong>No, no. Nunca tiro de mi pasado para echar la bronca. Si hay que decir algo, o corregir algo, que a veces hay que hacerlo, claro, es por lo trabajado en la semana. Lo que s\u00ed me ha tocado alguna vez es decir a los j\u00f3venes, al delegado, al fisio, cuando me vacilan: \u00abCallaos, que est\u00e1is aqu\u00ed gracias a m\u00ed. \u00bfVeis esa camiseta? Estamos aqu\u00ed gracias a m\u00ed\u00bb, se\u00f1alando mi camiseta. Pero siempre de broma, de co\u00f1a, nunca fardando.<\/p>\n<p><strong>Gigantes: Javi, me interesa mucho conocer tu visi\u00f3n sobre esto. \u00bfC\u00f3mo ves el futuro del club de aqu\u00ed en adelante?<\/strong><\/p>\n<p><strong>J.S.: <\/strong>Creo que el futuro es bueno. Todav\u00eda estamos pagando excesos econ\u00f3micos del pasado, de una \u00e9poca que casi llev\u00f3 a la desaparici\u00f3n del club y al descenso. Todo acaba saliendo por alg\u00fan lado. Ahora, con la nueva junta directiva, hay m\u00e1s seriedad y control del gasto mucho m\u00e1s estricto. Cuando acabemos de pagar y el club pueda gestionar lo que genera, habr\u00e1 m\u00e1s margen para movernos en el mercado y ser m\u00e1s competitivos. Hay que poner en valor el trabajo de Rafa Pueyo, que hace plantillas con un presupuesto bajo y la gente quiz\u00e1 no es del todo consciente de ello. Cuando tengamos m\u00e1s holgura econ\u00f3mica, creo que podremos aspirar a m\u00e1s.<\/p>\n<p><strong>Gigantes: Cuesta explicar a veces a la afici\u00f3n que es mejor quedar 14\u00ba y estar saneado que 6\u00ba y arruinado.<\/strong><\/p>\n<p><strong>J.S.: <\/strong>La gente no es consciente de los presupuestos que manejan otros equipos en la Liga Endesa. No son p\u00fablicos y no se investiga. La liga, y la LEB, es cada vez m\u00e1s complicada y todos quieren subir r\u00e1pido, con grandes contratos. Nosotros sobrevivimos bien dentro de nuestra realidad y eso tiene m\u00e9rito. Tanto de Mumbr\u00fa como ahora de Jaume (Ponsarnau) en estas nuevas etapas.<\/p>\n<p><strong>Gigantes: Para acabar, al Javi Salgado jugador, \u00bfte gustaba m\u00e1s la ACB de 2005-2006, de las canciones e Nach, los pantalones anchos o la de ahora, m\u00e1s profesional, m\u00e1s tecnol\u00f3gica?<\/strong><\/p>\n<p><strong>J.S.: <\/strong>A ver, para hacernos una idea. En mi primer partido en ACB ten\u00eda enfrente a Calder\u00f3n y Prigioni en Baskonia. A los dos. Se iba uno y sal\u00eda el otro. Casi nada. El nivel era alt\u00edsimo, como ahora, pero distinto. Ahora el juego es m\u00e1s r\u00e1pido, con m\u00e1s triples. Se fomenta la y se busca la anotaci\u00f3n y los cambios de normas lo est\u00e1n fomentando y ayudando. Creo que me habr\u00eda adaptado bien a esta etapa, porque me gustaba correr, tiraba bien de tres y jugaba bien pick and roll. Me hubiese gustado jugar a este ritmo de ahora.<\/p>\n<p><strong>Gigantes: Alg\u00fan saque r\u00e1pido habr\u00edas hecho.<\/strong><\/p>\n<p><strong>J.S.:<\/strong> Seguro, aunque igual no acababa meti\u00e9ndola yo, pero la asistencia la daba, eso seguro.<\/p>\n<p><img decoding=\"async\" src=\"https:\/\/www.europesays.com\/es\/wp-content\/uploads\/2025\/11\/1764519138_806_mtracking.gif\" alt=\"Etiquetas de Mautic\" style=\"display:none;\"\/><\/p>\n<p><a href=\"https:\/\/www.gigantes.com\/tienda\/packs-revistas\/bilbao-basket-25-anos-de-un-viaje-unico-no-1-555-abril-2025-regalo-suplemento-miribilla-especial-25-anos\/\" rel=\"nofollow noopener\" target=\"_blank\"><img loading=\"lazy\" decoding=\"async\" class=\"aligncenter wp-image-712414 size-full\" src=\"https:\/\/cdn.gigantes.com\/wp-content\/uploads\/2025\/04\/1555-BILBAO-BASKET-NACIONAL-copia-2-1-scaled.jpg.webp\" alt=\"\" width=\"1453\" height=\"2048\"  \/><\/a><\/p>\n","protected":false},"excerpt":{"rendered":"Hablar de Javi Salgado es hablar de Bilbao Basket. De baloncesto puro. Del antiguo, del cl\u00e1sico de los&hellip;\n","protected":false},"author":2,"featured_media":263912,"comment_status":"","ping_status":"","sticky":false,"template":"","format":"standard","meta":{"footnotes":""},"categories":[269],"tags":[299,298,7224,168,25,24,65567,23,167],"class_list":{"0":"post-263911","1":"post","2":"type-post","3":"status-publish","4":"format-standard","5":"has-post-thumbnail","7":"category-baloncesto","8":"tag-baloncesto","9":"tag-basketball","10":"tag-bilbao-basket","11":"tag-deportes","12":"tag-es","13":"tag-espana","14":"tag-javi-salgado","15":"tag-spain","16":"tag-sports"},"share_on_mastodon":{"url":"https:\/\/pubeurope.com\/@es\/115639533523828668","error":""},"_links":{"self":[{"href":"https:\/\/www.europesays.com\/es\/wp-json\/wp\/v2\/posts\/263911","targetHints":{"allow":["GET"]}}],"collection":[{"href":"https:\/\/www.europesays.com\/es\/wp-json\/wp\/v2\/posts"}],"about":[{"href":"https:\/\/www.europesays.com\/es\/wp-json\/wp\/v2\/types\/post"}],"author":[{"embeddable":true,"href":"https:\/\/www.europesays.com\/es\/wp-json\/wp\/v2\/users\/2"}],"replies":[{"embeddable":true,"href":"https:\/\/www.europesays.com\/es\/wp-json\/wp\/v2\/comments?post=263911"}],"version-history":[{"count":0,"href":"https:\/\/www.europesays.com\/es\/wp-json\/wp\/v2\/posts\/263911\/revisions"}],"wp:featuredmedia":[{"embeddable":true,"href":"https:\/\/www.europesays.com\/es\/wp-json\/wp\/v2\/media\/263912"}],"wp:attachment":[{"href":"https:\/\/www.europesays.com\/es\/wp-json\/wp\/v2\/media?parent=263911"}],"wp:term":[{"taxonomy":"category","embeddable":true,"href":"https:\/\/www.europesays.com\/es\/wp-json\/wp\/v2\/categories?post=263911"},{"taxonomy":"post_tag","embeddable":true,"href":"https:\/\/www.europesays.com\/es\/wp-json\/wp\/v2\/tags?post=263911"}],"curies":[{"name":"wp","href":"https:\/\/api.w.org\/{rel}","templated":true}]}}