{"id":263923,"date":"2025-11-30T16:20:09","date_gmt":"2025-11-30T16:20:09","guid":{"rendered":"https:\/\/www.europesays.com\/es\/263923\/"},"modified":"2025-11-30T16:20:09","modified_gmt":"2025-11-30T16:20:09","slug":"sevilla-betis-en-directo-laliga-ea-sports-en-vivo-hoy","status":"publish","type":"post","link":"https:\/\/www.europesays.com\/es\/263923\/","title":{"rendered":"Sevilla &#8211; Betis, en directo: LaLiga EA Sports, en vivo hoy"},"content":{"rendered":"<p class=\"ev-title\">Sin rey en Nervi\u00f3n: un derbi sin f\u00fatbol<\/p>\n<p><strong>El Betis comenz\u00f3 m\u00e1s metido<\/strong>, buscando varios centros sin demasiada suerte.<\/p>\n<p>El Sevilla fue cogiendo el pulso al partido y teniendo m\u00e1s bal\u00f3n, pero<strong> avis\u00f3 el Betis con un disparo muy lejano de Pablo Garc\u00eda, muy activo.<\/strong><\/p>\n<p><strong>Carmona y Sow tambi\u00e9n lo intentaron desde lejos<\/strong>, pero tampoco hubo suerte pese a que <strong>el suizo se qued\u00f3 cerca de la escuadra.<\/strong><\/p>\n<p>La m\u00e1s clara del partido lleg\u00f3 en el tramo final con <strong>un uno contra uno de Abde, que se vio frenado por una gran mano de Odysseas<\/strong>. Fornals tampoco acert\u00f3 en el rechace.<\/p>\n<p><strong>M\u00e1s tensi\u00f3n que f\u00fatbol <\/strong>en una primera parte completamente igualada en el S\u00e1nchez Pizju\u00e1n.<\/p>\n","protected":false},"excerpt":{"rendered":"Sin rey en Nervi\u00f3n: un derbi sin f\u00fatbol El Betis comenz\u00f3 m\u00e1s metido, buscando varios centros sin demasiada&hellip;\n","protected":false},"author":2,"featured_media":263924,"comment_status":"","ping_status":"","sticky":false,"template":"","format":"standard","meta":{"footnotes":""},"categories":[93],"tags":[168,25,24,23,167],"class_list":{"0":"post-263923","1":"post","2":"type-post","3":"status-publish","4":"format-standard","5":"has-post-thumbnail","7":"category-deportes","8":"tag-deportes","9":"tag-es","10":"tag-espana","11":"tag-spain","12":"tag-sports"},"share_on_mastodon":{"url":"https:\/\/pubeurope.com\/@es\/115639564634860985","error":""},"_links":{"self":[{"href":"https:\/\/www.europesays.com\/es\/wp-json\/wp\/v2\/posts\/263923","targetHints":{"allow":["GET"]}}],"collection":[{"href":"https:\/\/www.europesays.com\/es\/wp-json\/wp\/v2\/posts"}],"about":[{"href":"https:\/\/www.europesays.com\/es\/wp-json\/wp\/v2\/types\/post"}],"author":[{"embeddable":true,"href":"https:\/\/www.europesays.com\/es\/wp-json\/wp\/v2\/users\/2"}],"replies":[{"embeddable":true,"href":"https:\/\/www.europesays.com\/es\/wp-json\/wp\/v2\/comments?post=263923"}],"version-history":[{"count":0,"href":"https:\/\/www.europesays.com\/es\/wp-json\/wp\/v2\/posts\/263923\/revisions"}],"wp:featuredmedia":[{"embeddable":true,"href":"https:\/\/www.europesays.com\/es\/wp-json\/wp\/v2\/media\/263924"}],"wp:attachment":[{"href":"https:\/\/www.europesays.com\/es\/wp-json\/wp\/v2\/media?parent=263923"}],"wp:term":[{"taxonomy":"category","embeddable":true,"href":"https:\/\/www.europesays.com\/es\/wp-json\/wp\/v2\/categories?post=263923"},{"taxonomy":"post_tag","embeddable":true,"href":"https:\/\/www.europesays.com\/es\/wp-json\/wp\/v2\/tags?post=263923"}],"curies":[{"name":"wp","href":"https:\/\/api.w.org\/{rel}","templated":true}]}}