{"id":263933,"date":"2025-11-30T16:25:10","date_gmt":"2025-11-30T16:25:10","guid":{"rendered":"https:\/\/www.europesays.com\/es\/263933\/"},"modified":"2025-11-30T16:25:10","modified_gmt":"2025-11-30T16:25:10","slug":"hallaron-sin-vida-a-la-influencer-austriaca-stefanie-pieper-en-eslovenia-tras-la-confesion-de-su-exnovio","status":"publish","type":"post","link":"https:\/\/www.europesays.com\/es\/263933\/","title":{"rendered":"Hallaron sin vida a la influencer austr\u00edaca Stefanie Pieper en Eslovenia tras la confesi\u00f3n de su exnovio"},"content":{"rendered":"<p><img alt=\"\" class=\"global-image\" decoding=\"async\" fetchpriority=\"high\" height=\"1080\" loading=\"eager\" src=\"https:\/\/www.europesays.com\/es\/wp-content\/uploads\/2025\/11\/IUMRPCZC6FCBPDD2VYY4YJ5R24.jpg\" width=\"1920\"\/><\/p>\n<p class=\"paragraph\">El cuerpo de <a rel=\"noopener noreferrer nofollow\" href=\"https:\/\/www.infobae.com\/america\/mundo\/2025\/11\/27\/la-desaparicion-de-la-influencer-stefanie-pieper-de-31-anos-sacude-a-austria\/\" target=\"_blank\" title=\"https:\/\/www.infobae.com\/america\/mundo\/2025\/11\/27\/la-desaparicion-de-la-influencer-stefanie-pieper-de-31-anos-sacude-a-austria\/\"><b>Stefanie Pieper<\/b><\/a>, <a rel=\"noopener noreferrer nofollow\" href=\"https:\/\/www.infobae.com\/tag\/influencers\/\" target=\"_blank\" title=\"https:\/\/www.infobae.com\/tag\/influencers\/\"><b>influencer<\/b><\/a><b> austr\u00edaca<\/b> de 31 a\u00f1os, fue hallado en un bosque de <b>Eslovenia<\/b> tras la presunta confesi\u00f3n de su exnovio, quien condujo a las autoridades hasta el lugar donde ocult\u00f3 el cad\u00e1ver, seg\u00fan report\u00f3 Kronen Zeitung. El caso ha generado un fuerte impacto tanto en el entorno digital como en el mundo del <b>modelaje<\/b>, donde la mujer era una figura reconocida.<\/p>\n<p class=\"paragraph\">De acuerdo con la informaci\u00f3n publicada por Kronen Zeitung, la desaparici\u00f3n de Pieper se produjo el domingo, cuando <b>fue vista por \u00faltima vez en una fiesta<\/b>. Su ausencia en una sesi\u00f3n de fotos programada para el d\u00eda siguiente alert\u00f3 a amigos y colegas, quienes notificaron a las autoridades. <\/p>\n<p class=\"paragraph\">La investigaci\u00f3n avanz\u00f3 r\u00e1pidamente cuando la polic\u00eda localiz\u00f3 al principal sospechoso cerca de su veh\u00edculo en llamas. El lunes, los agentes procedieron a su arresto y, tras ser detenido, el hombre<b> habr\u00eda admitido haber estrangulado a la joven<\/b>, guiando a los investigadores hasta el sitio donde abandon\u00f3 el cuerpo en el bosque esloveno.<\/p>\n<p class=\"paragraph\">En el desarrollo de la investigaci\u00f3n, las autoridades<b> tambi\u00e9n detuvieron al hermano y al padrastro del presunto autor<\/b>, quienes estar\u00edan implicados en el caso, seg\u00fan detall\u00f3 Kronen Zeitung. Los registros fronterizos citados por el medio revelaron que el acusado realiz\u00f3 varios desplazamientos entre <b>Austria<\/b> y <b>Eslovenia<\/b> en los d\u00edas previos al hallazgo del cuerpo. <\/p>\n<p><img alt=\"(Stefanie Pieper\/Facebook)\" class=\"global-image\" decoding=\"async\" fetchpriority=\"low\" height=\"1080\" loading=\"lazy\" src=\"https:\/\/www.europesays.com\/es\/wp-content\/uploads\/2025\/11\/5EYNB7IXXRHSVC3XS6ICECVKXU.jpg\" width=\"1920\"\/>(Stefanie Pieper\/Facebook)<\/p>\n<p class=\"paragraph\">Posteriormente, el sospechoso del crimen fue extraditado desde Eslovenia a Austria para enfrentar los cargos correspondientes.<\/p>\n<p class=\"paragraph\">En ese sentido, las autoridades austr\u00edacas informaron que el acusado permanece<b> bajo custodia preventiva<\/b> mientras se analizan las pruebas reunidas durante los primeros d\u00edas de la investigaci\u00f3n, entre ellas peritajes forenses y el contenido de dispositivos electr\u00f3nicos. <\/p>\n<p class=\"paragraph\">La fiscal\u00eda eval\u00faa la imputaci\u00f3n por <b>homicidio agravado<\/b>, aunque no se descartan nuevas calificaciones legales a medida que avance el proceso. En paralelo, la polic\u00eda contin\u00faa investigando el grado de participaci\u00f3n de los familiares detenidos y no descarta nuevas imputaciones vinculadas al encubrimiento del crimen.<\/p>\n<p class=\"paragraph\">Lo cierto es que el fallecimiento de Pieper ha provocado una ola de reacciones en redes sociales y en el sector del modelaje, donde su trabajo y presencia digital eran ampliamente reconocidos. La noticia, difundida por Kronen Zeitung, ha dejado una huella entre quienes segu\u00edan su trayectoria y compart\u00edan su entorno profesional.<\/p>\n","protected":false},"excerpt":{"rendered":"El cuerpo de Stefanie Pieper, influencer austr\u00edaca de 31 a\u00f1os, fue hallado en un bosque de Eslovenia tras&hellip;\n","protected":false},"author":2,"featured_media":263934,"comment_status":"","ping_status":"","sticky":false,"template":"","format":"standard","meta":{"footnotes":""},"categories":[42],"tags":[17,18,13,14,11,61,62,63,64,19,20,9,10,15,16,12,21,22,65,66,67],"class_list":{"0":"post-263933","1":"post","2":"type-post","3":"status-publish","4":"format-standard","5":"has-post-thumbnail","7":"category-internacional","8":"tag-breaking-news","9":"tag-breakingnews","10":"tag-featured-news","11":"tag-featurednews","12":"tag-headlines","13":"tag-internacional","14":"tag-international","15":"tag-international-news","16":"tag-internationalnews","17":"tag-latest-news","18":"tag-latestnews","19":"tag-news","20":"tag-noticias","21":"tag-noticias-destacadas","22":"tag-noticiasdestacadas","23":"tag-titulares","24":"tag-ultimas-noticias","25":"tag-ultimasnoticias","26":"tag-world","27":"tag-world-news","28":"tag-worldnews"},"share_on_mastodon":{"url":"https:\/\/pubeurope.com\/@es\/115639585297360163","error":""},"_links":{"self":[{"href":"https:\/\/www.europesays.com\/es\/wp-json\/wp\/v2\/posts\/263933","targetHints":{"allow":["GET"]}}],"collection":[{"href":"https:\/\/www.europesays.com\/es\/wp-json\/wp\/v2\/posts"}],"about":[{"href":"https:\/\/www.europesays.com\/es\/wp-json\/wp\/v2\/types\/post"}],"author":[{"embeddable":true,"href":"https:\/\/www.europesays.com\/es\/wp-json\/wp\/v2\/users\/2"}],"replies":[{"embeddable":true,"href":"https:\/\/www.europesays.com\/es\/wp-json\/wp\/v2\/comments?post=263933"}],"version-history":[{"count":0,"href":"https:\/\/www.europesays.com\/es\/wp-json\/wp\/v2\/posts\/263933\/revisions"}],"wp:featuredmedia":[{"embeddable":true,"href":"https:\/\/www.europesays.com\/es\/wp-json\/wp\/v2\/media\/263934"}],"wp:attachment":[{"href":"https:\/\/www.europesays.com\/es\/wp-json\/wp\/v2\/media?parent=263933"}],"wp:term":[{"taxonomy":"category","embeddable":true,"href":"https:\/\/www.europesays.com\/es\/wp-json\/wp\/v2\/categories?post=263933"},{"taxonomy":"post_tag","embeddable":true,"href":"https:\/\/www.europesays.com\/es\/wp-json\/wp\/v2\/tags?post=263933"}],"curies":[{"name":"wp","href":"https:\/\/api.w.org\/{rel}","templated":true}]}}