{"id":263935,"date":"2025-11-30T16:26:11","date_gmt":"2025-11-30T16:26:11","guid":{"rendered":"https:\/\/www.europesays.com\/es\/263935\/"},"modified":"2025-11-30T16:26:11","modified_gmt":"2025-11-30T16:26:11","slug":"hemos-encontrado-el-arbol-vivo-mas-antiguo-de-la-ue-esta-en-el-teide-y-casi-coincidio-con-el-imperio-romano","status":"publish","type":"post","link":"https:\/\/www.europesays.com\/es\/263935\/","title":{"rendered":"Hemos encontrado el \u00e1rbol vivo m\u00e1s antiguo de la UE. Est\u00e1 en el Teide y casi coincidi\u00f3 con el Imperio Romano"},"content":{"rendered":"<p>Espa\u00f1a es un monstruo del turismo, y uno de los <a class=\"text-outboundlink\" href=\"https:\/\/www.xataka.com\/magnet\/tenerife-no-parque-tematico-canarias-discute-cobrar-acceso-a-espacios-naturales-como-teide\" data-vars-post-title=\"Canarias se enfrenta al dilema irremediable de limitar el turismo. Empezando por cobrar para subir al Teide\" data-vars-post-url=\"https:\/\/www.xataka.com\/magnet\/tenerife-no-parque-tematico-canarias-discute-cobrar-acceso-a-espacios-naturales-como-teide\" rel=\"nofollow noopener\" target=\"_blank\">puntos m\u00e1s visitados es el Teide<\/a>. El territorio del volc\u00e1n es imponente, y en una de sus laderas se esconde B\u00e1rbol. Como el personaje de \u2018<a class=\"text-outboundlink\" href=\"https:\/\/www.xataka.com\/magnet\/las-19-influencias-de-tolkien-al-crear-la-mitologia-de-el-senor-de-los-anillos\" data-vars-post-title=\"Las 19 influencias que inspiraron a Tolkien para crear la mitolog\u00eda de El Se\u00f1or de los Anillos\" data-vars-post-url=\"https:\/\/www.xataka.com\/magnet\/las-19-influencias-de-tolkien-al-crear-la-mitologia-de-el-senor-de-los-anillos\" rel=\"nofollow noopener\" target=\"_blank\">El Se\u00f1or de los Anillos<\/a>\u2019, B\u00e1rbol, un cedro canario que era el \u00e1rbol vivo m\u00e1s longevo de la Uni\u00f3n Europea. Y decimos \u201cera\u201d porque acaba de ser superado por uno de su misma especie.\u00a0<\/p>\n<p>Uno al que se le estiman 1.544 a\u00f1os.<\/p>\n<p><strong>Clonal o no clonal, esa es la cuesti\u00f3n<\/strong>. Antes de entrar en el descubrimiento, aclaremos un concepto importante cuando hablamos de los \u00e1rboles vivos m\u00e1s viejos. Hay dos <a rel=\"noopener, noreferrer nofollow\" href=\"https:\/\/cdnsciencepub.com\/doi\/10.1139\/x74-084\" target=\"_blank\">categor\u00edas<\/a> principales: clonales y no clonales. Y entenderlos es bastante sencillo:<\/p>\n<ul>\n<li value=\"1\">Un \u00e1rbol no clonal es un individuo, el concepto tradicional de \u00e1rbol que crece a partir de una semilla. Es un individuo \u00fanico con su sistema de ra\u00edces y un tronco principal.<\/li>\n<li value=\"2\">Un \u00e1rbol clonal es uno que nace a partir de un sistema de ra\u00edces. Por ejemplo, unas ra\u00edces pueden dar lugar a un \u00e1rbol que crece y muere, y a partir de esas mismas ra\u00edces, luego nace otro \u00e1rbol, siendo un \u201cclon\u201d del original.<\/li>\n<\/ul>\n<p>    <a href=\"https:\/\/www.xataka.com\/ecologia-y-naturaleza\/estamos-reforestando-europa-arboles-que-no-llegaran-al-2100-no-matan-plagas-hara-cambio-climatico\" class=\"pivot-outboundlink\" data-vars-post-title=\"Estamos reforestando Europa con \u00e1rboles que no llegar\u00e1n al 2100. Si no los matan las plagas, lo har\u00e1 el cambio clim\u00e1tico \" rel=\"nofollow noopener\" target=\"_blank\"><br \/>\n     <img loading=\"lazy\" decoding=\"async\" alt=\"Estamos reforestando Europa con \u00e1rboles que no llegar\u00e1n al 2100. Si no los matan las plagas, lo har\u00e1 el cambio clim\u00e1tico \" width=\"375\" height=\"142\" src=\"https:\/\/www.europesays.com\/es\/wp-content\/uploads\/2025\/11\/1764519969_150_375_142.jpeg\"\/><br \/>\n    <\/a><\/p>\n<p><strong>Otro cedro canario<\/strong>. <a rel=\"noopener, noreferrer nofollow\" href=\"https:\/\/fundacion.uva.es\/noticias\/cedros-milenarios-teide\/\" target=\"_blank\">Hallado<\/a> por investigadores de la Escuela de Ingenier\u00eda de la Industria Forestal, Agron\u00f3mica y de la Bioingenier\u00eda del Campus Duques de Soria y por expertos del instituto Universitario de Gesti\u00f3n Forestal Sostenible de la Universidad de Valladolid, el ejemplar reci\u00e9n descubierto tiene la friolera de 1.544 a\u00f1os y es, al igual que B\u00e1rbol, un cedro canario. Lo supera por varios a\u00f1os, ya que se <a rel=\"noopener, noreferrer nofollow\" href=\"https:\/\/comunicacion.uva.es\/es\/detalle\/Un-trabajo-de-investigacion-identifica-un-cedro-canario-de-1481-anos-como-el-arbol-mas-viejo-de-la-Union-Europea\/\" target=\"_blank\">estima<\/a> que B\u00e1rbol tiene 1.481 a\u00f1os, y afortunadamente para estos dos ejemplares, est\u00e1n muy alejados de las zonas tur\u00edsticas y de influencia humana.<\/p>\n<p>Esto les ha permitido estar milenio y medio en el mismo lugar en el que nacieron, sin preocuparse por la deforestaci\u00f3n de la zona causada por los humanos, y tampoco han sido afectados por las erupciones del volc\u00e1n. Para acceder al nuevo ejemplar, los investigadores tuvieron que ser asistidos por escaladores locales para poder acceder a esas zonas remotas del <a class=\"text-outboundlink\" href=\"https:\/\/www.xataka.com\/magnet\/cada-vez-hay-gente-colandose-permiso-crater-teide-peligro-ilegal\" data-vars-post-title=\"Cada vez hay m\u00e1s gente col\u00e1ndose sin permiso en el cr\u00e1ter del Teide. Y adem\u00e1s de un peligro, es ilegal\" data-vars-post-url=\"https:\/\/www.xataka.com\/magnet\/cada-vez-hay-gente-colandose-permiso-crater-teide-peligro-ilegal\" rel=\"nofollow noopener\" target=\"_blank\">Parque Nacional del Teide<\/a> para poder tomar las muestras.<\/p>\n<p>                   <img class=\"centro_sinmarco\" height=\"800\" width=\"1200\" loading=\"lazy\" decoding=\"async\"  fetchpriority=\"high\"  src=\"https:\/\/www.europesays.com\/es\/wp-content\/uploads\/2025\/11\/1764519970_583_450_1000.jpeg\" alt=\"Cedroenroquedo 2 Ok\"\/><\/p>\n<p>        As\u00ed encontraron a B\u00e1rbol<\/p>\n<p><strong>Importancia<\/strong>. As\u00ed, han podido realizar un inventario de cedros milenarios localizados en estas zonas de dif\u00edcil acceso. De los 25 ejemplares analizados con la <a class=\"text-outboundlink\" href=\"https:\/\/www.xataka.com\/energia\/esta-bateria-atomica-supera-cualquier-expectativa-dura-5-700-anos-gracias-al-diamante-carbono-14\" data-vars-post-title=\"Hemos creado la bater\u00eda m\u00e1s duradera de la historia: 5.700 a\u00f1os gracias al diamante y el carbono-14\" data-vars-post-url=\"https:\/\/www.xataka.com\/energia\/esta-bateria-atomica-supera-cualquier-expectativa-dura-5-700-anos-gracias-al-diamante-carbono-14\" rel=\"nofollow noopener\" target=\"_blank\">t\u00e9cnica del carbono 14<\/a>, se ha evidenciado la existencia de ocho milenarios, tres de ellos sobrepasando los 1.500 a\u00f1os. Son el testigo de una antigua poblaci\u00f3n de cedros que habr\u00edan cubierto gran parte del parque.<\/p>\n<p>El equipo ha <a rel=\"noopener, noreferrer nofollow\" href=\"https:\/\/sorianoticias.com\/noticia\/2025-11-25-investigadores-de-la-uva-en-soria-descubren-en-el-teide-el-arbol-vivo-mas-longevo-de-la-ue-127214\" target=\"_blank\">comentado<\/a> que se trata de una de las concentraciones de \u00e1rboles milenarios m\u00e1s importantes de la Uni\u00f3n Europea y, adem\u00e1s, que \u201csu persistencia se debe a la inaccesibilidad de los roquedos en los que viven\u201d. Una suerte.<\/p>\n<p>Su valor cient\u00edfico, adem\u00e1s, es enorme, ya que es como un registro hist\u00f3rico del clima. Estudiar anillos de \u00e1rboles milenarios permite que reconstruyamos la historia clim\u00e1tica de la regi\u00f3n, obteniendo datos sobre patrones de lluvias y sequ\u00edas, trazar una evoluci\u00f3n de las temperaturas y, en el caso del Teide, identificar la frecuencia de los eventos volc\u00e1nicos.<\/p>\n<p>    <a href=\"https:\/\/www.xataka.com\/magnet\/pastores-ovejas-vascos-yosemite-nacimiento-pastoreo-california\" class=\"pivot-outboundlink\" data-vars-post-title=\"Durante la fiebre del oro, California necesitaba ovejas. Llegaron al rescate los m\u00e1s inesperados: los vascos\" rel=\"nofollow noopener\" target=\"_blank\"><br \/>\n     <img loading=\"lazy\" decoding=\"async\" alt=\"Durante la fiebre del oro, California necesitaba ovejas. Llegaron al rescate los m\u00e1s inesperados: los vascos\" width=\"375\" height=\"142\" src=\"https:\/\/www.europesays.com\/es\/wp-content\/uploads\/2025\/11\/1764519970_728_375_142.jpeg\"\/><br \/>\n    <\/a><\/p>\n<p><strong>Todo depende del \u201cporte\u201d<\/strong>. Los responsables de este hallazgo son los mismos que ya <a rel=\"noopener, noreferrer nofollow\" href=\"https:\/\/www.rtve.es\/noticias\/20220127\/cedro-canario-teide-arbol-mas-viejo-europa\/2272540.shtml\" target=\"_blank\">fecharon<\/a> a B\u00e1rbol en 2022, y hay que decir que en Finlandia encontraron un enebro con un siglo m\u00e1s en sus cortezas. Bautizado como Utsjoki, en un primer an\u00e1lisis en 2021 se le echaron 1.242 a\u00f1os, pero tras el descubrimiento de B\u00e1rbol, repitieron an\u00e1lisis y se <a rel=\"noopener, noreferrer nofollow\" href=\"https:\/\/www.utu.fi\/en\/news\/press-release\/italian-researchers-discovered-worlds-oldest-shrub-in-finland\" target=\"_blank\">encontraron<\/a> con que ten\u00eda muchos m\u00e1s: 1.647 a\u00f1os.<\/p>\n<p>Pero como en estas cosas los tecnicismos tienen su importancia, hay que decir que\u2026 todos tienen raz\u00f3n al afirmar que el \u201csuyo\u201d es el m\u00e1s longevo. La diferencia est\u00e1 en el porte arb\u00f3reo de cada sujeto. Los dos son no clonales, pero mientras el enebro finland\u00e9s ten\u00eda un porte arbustivo, el canario tiene un porte arb\u00f3reo.\u00a0<\/p>\n<p>Y&#8230; bueno, tambi\u00e9n hay que decir el enebro muri\u00f3 en 1906, as\u00ed que los dos canarios son los \u00e1rboles vivos m\u00e1s longevos.<\/p>\n<p>                   <img class=\"centro_sinmarco\" height=\"3313\" width=\"2603\" loading=\"lazy\" decoding=\"async\"  fetchpriority=\"high\"  src=\"https:\/\/www.europesays.com\/es\/wp-content\/uploads\/2025\/11\/1764519971_245_450_1000.jpeg\" alt=\"Kataja Marco Carrer 1\"\/><\/p>\n<p>        As\u00ed encontraron a Utsjoki. | Foto: UTU, Marco Carrer<\/p>\n<p><strong>Leyendas<\/strong>. Es evidente que hay una \u201ccompetici\u00f3n\u201d por encontrar el \u00e1rbol m\u00e1s antiguo, pero esto no es una carrera para convertirlo en algo tur\u00edstico, como si puede darse con otros hallazgos, sino por contar con nuevos ejemplares que nos permitan obtener una radiograf\u00eda hist\u00f3rica del terreno en el que est\u00e1n.<\/p>\n<p>Aparte de los ejemplares estudiados con m\u00e9todos como el carbono 14 pertenecientes a esa clasificaci\u00f3n de \u00e1rboles no clonales, tenemos ejemplares como el <a rel=\"noopener, noreferrer nofollow\" href=\"https:\/\/es.wikipedia.org\/wiki\/Old_Tjikko\" target=\"_blank\">Old Tjikko<\/a> sueco de 9.560 a\u00f1os. La \u201ctrampa\u201d es que es un ejemplar clonal, por lo que el sistema de ra\u00edces s\u00ed tiene esos casi 10.000 a\u00f1os, pero los troncos que aparecen cada cierto tiempo s\u00f3lo alcanzan algunos siglos de vida.<\/p>\n<p>Y, por \u00faltimo, los que pertenecen al \u00abfolklore\u00bb, como el tejo de <a rel=\"noopener, noreferrer nofollow\" href=\"https:\/\/es.wikipedia.org\/wiki\/Tejo_de_Llangernyw\" target=\"_blank\">Llangernyw<\/a> en Gales que, situado en el cementerio de una iglesia, estiman que tiene unos 5.000 a\u00f1os o el tejo de <a rel=\"noopener, noreferrer nofollow\" href=\"https:\/\/es.wikipedia.org\/wiki\/Tejo_de_Fortingall\" target=\"_blank\">Fortingall<\/a> en Escocia con entre 3.000 y 9.000 a\u00f1os. Un abanico demasiado amplio.<\/p>\n<p>Im\u00e1genes | <a rel=\"noopener, noreferrer nofollow\" href=\"https:\/\/commons.wikimedia.org\/wiki\/File:Teide_and_Caldera_2006.jpg\" target=\"_blank\">Jens Steckert<\/a>, UVa<\/p>\n<p>En Xataka | <a class=\"text-outboundlink\" href=\"https:\/\/www.xataka.com\/ecologia-y-naturaleza\/milagro-forestal-espanol-destruir-sus-masas-arboles-a-ser-tercer-pais-boscoso-europa\" data-vars-post-title=\"Incluso cuando Espa\u00f1a lo hace bien, le sale mal: llegar a ser el tercer pa\u00eds m\u00e1s boscoso de Europa se ha convertido en un problema\" data-vars-post-url=\"https:\/\/www.xataka.com\/ecologia-y-naturaleza\/milagro-forestal-espanol-destruir-sus-masas-arboles-a-ser-tercer-pais-boscoso-europa\" rel=\"nofollow noopener\" target=\"_blank\">Incluso cuando Espa\u00f1a lo hace bien, le sale mal: llegar a ser el tercer pa\u00eds m\u00e1s boscoso de Europa se ha convertido en un problema<\/a><\/p>\n","protected":false},"excerpt":{"rendered":"Espa\u00f1a es un monstruo del turismo, y uno de los puntos m\u00e1s visitados es el Teide. El territorio&hellip;\n","protected":false},"author":2,"featured_media":263936,"comment_status":"","ping_status":"","sticky":false,"template":"","format":"standard","meta":{"footnotes":""},"categories":[8],"tags":[17,18,25,24,13,14,11,19,20,9,10,15,16,23,12,21,22],"class_list":{"0":"post-263935","1":"post","2":"type-post","3":"status-publish","4":"format-standard","5":"has-post-thumbnail","7":"category-espana","8":"tag-breaking-news","9":"tag-breakingnews","10":"tag-es","11":"tag-espana","12":"tag-featured-news","13":"tag-featurednews","14":"tag-headlines","15":"tag-latest-news","16":"tag-latestnews","17":"tag-news","18":"tag-noticias","19":"tag-noticias-destacadas","20":"tag-noticiasdestacadas","21":"tag-spain","22":"tag-titulares","23":"tag-ultimas-noticias","24":"tag-ultimasnoticias"},"share_on_mastodon":{"url":"https:\/\/pubeurope.com\/@es\/115639588393359301","error":""},"_links":{"self":[{"href":"https:\/\/www.europesays.com\/es\/wp-json\/wp\/v2\/posts\/263935","targetHints":{"allow":["GET"]}}],"collection":[{"href":"https:\/\/www.europesays.com\/es\/wp-json\/wp\/v2\/posts"}],"about":[{"href":"https:\/\/www.europesays.com\/es\/wp-json\/wp\/v2\/types\/post"}],"author":[{"embeddable":true,"href":"https:\/\/www.europesays.com\/es\/wp-json\/wp\/v2\/users\/2"}],"replies":[{"embeddable":true,"href":"https:\/\/www.europesays.com\/es\/wp-json\/wp\/v2\/comments?post=263935"}],"version-history":[{"count":0,"href":"https:\/\/www.europesays.com\/es\/wp-json\/wp\/v2\/posts\/263935\/revisions"}],"wp:featuredmedia":[{"embeddable":true,"href":"https:\/\/www.europesays.com\/es\/wp-json\/wp\/v2\/media\/263936"}],"wp:attachment":[{"href":"https:\/\/www.europesays.com\/es\/wp-json\/wp\/v2\/media?parent=263935"}],"wp:term":[{"taxonomy":"category","embeddable":true,"href":"https:\/\/www.europesays.com\/es\/wp-json\/wp\/v2\/categories?post=263935"},{"taxonomy":"post_tag","embeddable":true,"href":"https:\/\/www.europesays.com\/es\/wp-json\/wp\/v2\/tags?post=263935"}],"curies":[{"name":"wp","href":"https:\/\/api.w.org\/{rel}","templated":true}]}}