{"id":263937,"date":"2025-11-30T16:27:09","date_gmt":"2025-11-30T16:27:09","guid":{"rendered":"https:\/\/www.europesays.com\/es\/263937\/"},"modified":"2025-11-30T16:27:09","modified_gmt":"2025-11-30T16:27:09","slug":"temporada-2025-26-laliga-hypermotion-jornada-16-real-zaragoza-c-d-leganes-c-d-leganes","status":"publish","type":"post","link":"https:\/\/www.europesays.com\/es\/263937\/","title":{"rendered":"Temporada 2025\/26 | LALIGA Hypermotion | Jornada 16 | Real Zaragoza &#8211; C.D. Legan\u00e9s &#8211; C.D. Legan\u00e9s"},"content":{"rendered":"<p><strong>El C.D. Legan\u00e9s no pudo sumar en su visita al Real Zaragoza (3-2), en partido de la decimosexta jornada de LALIGA HYPERMOTION. Duk y Diego Garc\u00eda marcaron para los pepineros, que acabaron con nueve tras las expulsiones de Marvel y el propio Duk.<\/strong><\/p>\n<p>Hasta cinco cambios introduc\u00eda Paco L\u00f3pez en la alineaci\u00f3n del Legan\u00e9s con respecto a la \u00faltima jornada, obligados en varios casos por las ausencias de Rub\u00e9n Pe\u00f1a y Lalo, que se quedaban en Madrid por lesi\u00f3n, y de Ciss\u00e9, que finalmente no pod\u00eda formar parte de la convocatoria, con molestias. Tampoco iniciaban Jorge S\u00e1enz ni Diego Garc\u00eda, entrando en el once Figueredo, Ignasi Miquel, Roberto L\u00f3pez, Melero y \u00c1lex Mill\u00e1n.<\/p>\n<p>Duk adelantaba al Legan\u00e9s en el 20&#8242; rematando una asistencia de Melero<\/p>\n<p>Comenzaba el encuentro con una primera oportunidad para el Zaragoza, con un remate de Kodro que sacaba Juan Soriano con su primera intervenci\u00f3n del choque. En el 12\u2019, de nuevo el arquero blanquiazul salvaba otra llegada de los locales, esta vez con el pie a remate de Francho. Trataba de superar el Lega el arranque en\u00e9rgico de los ma\u00f1os, con una primera llegada peligrosa con centro de Naim en el 16\u2019 que salvaba la defensa in extremis.<\/p>\n<p>En el 20\u2019, el Legan\u00e9s se iba a adelantar en el marcador: Naim la pon\u00eda desde la izquierda al \u00e1rea, Melero tocaba de cabeza y Duk aparec\u00eda en el segundo palo para hacer el primer tanto del partido con la pierna derecha y poner por delante al Legan\u00e9s. Era su tercer tanto de la temporada.<\/p>\n<p>Incomprensible expulsi\u00f3n de Marvel tras revisi\u00f3n de VAR que condicionaba el partido, dejando al Legan\u00e9s en inferioridad m\u00e1s de una hora<\/p>\n<p>La jugada clave del partido llegaba en el 27\u2019, cuando el colegiado expulsaba de forma incomprensible a instancias del VAR a Marvel tras una acci\u00f3n en la que le mostraba amarilla en primera instancia tras una conducci\u00f3n en ataque del \u20182\u2019 pepinero, pero cambiaba su decisi\u00f3n tras ser llamado a la revisi\u00f3n dejando al equipo con diez durante m\u00e1s de una hora.<\/p>\n<p>Reestructuraba Paco L\u00f3pez colocando a Diawara como tercer central y pasando Duk a ejercer como carrilero derecho, ayudando Juan Cruz a Melero y Roberto L\u00f3pez en el centro del campo. En el 35\u2019 el Zaragoza empataba con un cabezazo de Kodro que bat\u00eda a Juan Soriano para hacer el 1-1. Con empate en el marcador se llegaba al descanso.<\/p>\n<p>Toni Moya y Francho adelantaban al Zaragoza en la segunda parte<\/p>\n<p>Arrancaba la segunda parte con el primer cambio de Paco L\u00f3pez, que reestructuraba el equipo dando entrada a Sa\u00efd como central zurdo en lugar de \u00c1lex Mill\u00e1n, pasando Duk a ejercer como hombre m\u00e1s adelantado. Volv\u00eda a aparecer Juan Soriano en un remate de Sober\u00f3n que repel\u00eda con las piernas, en un Legan\u00e9s que se defend\u00eda en inferioridad ante los ataques de los locales y buscaba su momento para salir y crear peligro. Sin embargo, en el 65\u2019 el Zaragoza hac\u00eda el 2-1 en un libre directo transformado por Toni Moya.<\/p>\n<p>Reaccionaba Paco L\u00f3pez con un doble cambio, entrando Guirao y Diego Garc\u00eda en lugar de Juan Cruz y Melero. Sin embargo, en el 75\u2019 el Zaragoza marcaba el 3-1 por mediaci\u00f3n de Francho. Los \u00faltimos cambios pepineros eran las entradas de Andr\u00e9s Campos y Pauwels en sustituci\u00f3n de Diawara y Roberto L\u00f3pez.\u00a0<\/p>\n<p>Diego Garc\u00eda acortaba distancias en el 89&#8242;, y Duk era expulsado en la \u00faltima acci\u00f3n<\/p>\n<p>El Legan\u00e9s consegu\u00eda acortar distancias en el 89\u2019 gracias a Diego Garc\u00eda, quien transformaba un penalti cometido sobre Duk y pon\u00eda el 3-2 en el electr\u00f3nico. Sin embargo, el duelo finalizar\u00eda con la expulsi\u00f3n del propio Duk ya en el 95\u2019.<\/p>\n<p>El Legan\u00e9s se queda con 18 puntos en la clasificaci\u00f3n y su pr\u00f3ximo encuentro llegar\u00e1 el jueves (19:00 horas) ante el Albacete Balompi\u00e9, en la segunda ronda de la Copa del Rey.<\/p>\n","protected":false},"excerpt":{"rendered":"El C.D. Legan\u00e9s no pudo sumar en su visita al Real Zaragoza (3-2), en partido de la decimosexta&hellip;\n","protected":false},"author":2,"featured_media":263938,"comment_status":"","ping_status":"","sticky":false,"template":"","format":"standard","meta":{"footnotes":""},"categories":[5],"tags":[17,18,25,24,13,14,11,65573,65572,4174,19,20,9,10,15,16,23,12,21,22,65571],"class_list":{"0":"post-263937","1":"post","2":"type-post","3":"status-publish","4":"format-standard","5":"has-post-thumbnail","7":"category-titulares","8":"tag-breaking-news","9":"tag-breakingnews","10":"tag-es","11":"tag-espana","12":"tag-featured-news","13":"tag-featurednews","14":"tag-headlines","15":"tag-ibercaja-estadio","16":"tag-jornada-16","17":"tag-laliga-hypermotion","18":"tag-latest-news","19":"tag-latestnews","20":"tag-news","21":"tag-noticias","22":"tag-noticias-destacadas","23":"tag-noticiasdestacadas","24":"tag-spain","25":"tag-titulares","26":"tag-ultimas-noticias","27":"tag-ultimasnoticias","28":"tag-zaragoza-leganes"},"share_on_mastodon":{"url":"","error":""},"_links":{"self":[{"href":"https:\/\/www.europesays.com\/es\/wp-json\/wp\/v2\/posts\/263937","targetHints":{"allow":["GET"]}}],"collection":[{"href":"https:\/\/www.europesays.com\/es\/wp-json\/wp\/v2\/posts"}],"about":[{"href":"https:\/\/www.europesays.com\/es\/wp-json\/wp\/v2\/types\/post"}],"author":[{"embeddable":true,"href":"https:\/\/www.europesays.com\/es\/wp-json\/wp\/v2\/users\/2"}],"replies":[{"embeddable":true,"href":"https:\/\/www.europesays.com\/es\/wp-json\/wp\/v2\/comments?post=263937"}],"version-history":[{"count":0,"href":"https:\/\/www.europesays.com\/es\/wp-json\/wp\/v2\/posts\/263937\/revisions"}],"wp:featuredmedia":[{"embeddable":true,"href":"https:\/\/www.europesays.com\/es\/wp-json\/wp\/v2\/media\/263938"}],"wp:attachment":[{"href":"https:\/\/www.europesays.com\/es\/wp-json\/wp\/v2\/media?parent=263937"}],"wp:term":[{"taxonomy":"category","embeddable":true,"href":"https:\/\/www.europesays.com\/es\/wp-json\/wp\/v2\/categories?post=263937"},{"taxonomy":"post_tag","embeddable":true,"href":"https:\/\/www.europesays.com\/es\/wp-json\/wp\/v2\/tags?post=263937"}],"curies":[{"name":"wp","href":"https:\/\/api.w.org\/{rel}","templated":true}]}}