{"id":263939,"date":"2025-11-30T16:32:19","date_gmt":"2025-11-30T16:32:19","guid":{"rendered":"https:\/\/www.europesays.com\/es\/263939\/"},"modified":"2025-11-30T16:32:19","modified_gmt":"2025-11-30T16:32:19","slug":"las-imagenes-de-boris-becker-con-su-hija-recien-nacida-y-la-celebracion-de-58-cumpleanos-en-el-hospital","status":"publish","type":"post","link":"https:\/\/www.europesays.com\/es\/263939\/","title":{"rendered":"Las im\u00e1genes de Boris Becker con su hija reci\u00e9n nacida y la celebraci\u00f3n de 58 cumplea\u00f1os en el hospital"},"content":{"rendered":"<p id=\"ey1pOlJgcG\" data-wc=\"97\">La vida vuelve a sonre\u00edrle a Boris Becker y a su esposa, la analista de riesgos Lilian de Carvalho Monteiro. Ambos celebran la llegada de su primera hija en com\u00fan. La peque\u00f1a se llama Zo\u00eb Vittoria Becker, un nombre cargado de simbolismo: \u201cvida\u201d y \u201cvictoria\u201d. Es un gui\u00f1o al triunfo y, quiz\u00e1, un homenaje al padre de Lilian. Su nacimiento ilumina una de las etapas m\u00e1s estables y dulces del campe\u00f3n de Wimbledon. El extenista comparti\u00f3 su alegr\u00eda en redes sociales. Confes\u00f3 que a\u00fan est\u00e1 \u201c<strong>digiriendo esta emotiva semana pasada<\/strong>\u201d y agradeci\u00f3 los mensajes de cari\u00f1o recibidos.<\/p>\n<p> <img src=\"https:\/\/www.europesays.com\/es\/wp-content\/uploads\/2025\/11\/8c5c19bbcaf9-still-digesting-this-emotional-past-weekthank-you-all-for-the-kind-messages-buon.jpg\"   width=\"768\" height=\"1024\" loading=\"lazy\" decoding=\"async\" alt=\"Media Image\" fetchpriority=\"auto\" class=\"image ho-image\"\/>\u00a9 borisbeckerofficial<\/p>\n<p id=\"eIGsel1bDvL\" data-wc=\"85\">La llegada de Zo\u00eb, que nace cuando Becker tiene 58 a\u00f1os, se convierte en el broche de oro de su intensa historia de amor con Lilian. Ella es su \u201ccompa\u00f1era para toda la vida\u201d y su \u201cancla\u201d en los momentos dif\u00edciles. Con este beb\u00e9, su relaci\u00f3n da un paso m\u00e1s en un amor que Becker define como \u00fanico: \u201cNadie es m\u00e1s importante que el otro. La necesito y espero que ella tambi\u00e9n me necesite. <strong>Nunca antes hab\u00eda conocido a una mujer as\u00ed<\/strong>\u201d, confes\u00f3 a \u00a1Hola!.<\/p>\n<p> <img src=\"https:\/\/www.europesays.com\/es\/wp-content\/uploads\/2025\/11\/f49c448b8f9b-still-digesting-this-emotional-past-weekthank-you-all-for-the-kind-messages-buon.jpg\"   width=\"768\" height=\"1024\" loading=\"lazy\" decoding=\"async\" alt=\"Media Image\" fetchpriority=\"auto\" class=\"image ho-image\"\/>\u00a9 borisbeckerofficial<\/p>\n<p id=\"eACZ4HdDY08\" data-wc=\"48\">El nacimiento de este \u201c<strong>peque\u00f1o milagro<\/strong>\u201d tambi\u00e9n confirma el deseo que Becker expres\u00f3 a \u00a1Hola! tras su boda en Portofino, una celebraci\u00f3n que calific\u00f3 como \u201caut\u00e9ntica, real y m\u00e1gica\u201d. Entonces dijo: \u201cEspero que el futuro sea prometedor\u201d. Hoy, con Zo\u00eb en brazos, ese futuro comienza a tomar forma.<\/p>\n<p> <img src=\"https:\/\/www.europesays.com\/es\/wp-content\/uploads\/2025\/11\/8af0b47a3840-welcome-to-the-worldzo-vittoria-becker-21112025.jpg\"   width=\"768\" height=\"1024\" loading=\"lazy\" decoding=\"async\" alt=\"Media Image\" fetchpriority=\"auto\" class=\"image ho-image\"\/>\u00a9 borisbeckerofficial<\/p>\n<p id=\"eVOtiXU2JOYe\" data-wc=\"51\">El extenista tuvo que celebrar su cumplea\u00f1os esta semana en la intimidad del hospital, pero sin duda, con la mejor compa\u00f1\u00eda: su esposa y su hija reci\u00e9n nacida. Una celebraci\u00f3n at\u00edpica que se convierte en un recuerdo inolvidable, con Zo\u00eb Vittoria siendo el mejor regalo que el campe\u00f3n pod\u00eda haber recibido.<\/p>\n<p> <img src=\"https:\/\/www.europesays.com\/es\/wp-content\/uploads\/2025\/11\/ee3118795880-still-digesting-this-emotional-past-weekthank-you-all-for-the-kind-messages-buon.jpg\"   width=\"768\" height=\"1024\" loading=\"lazy\" decoding=\"async\" alt=\"Media Image\" fetchpriority=\"auto\" class=\"image ho-image\"\/>\u00a9 borisbeckerofficial<\/p>\n<p id=\"eeFlkL4yMLLH\" data-wc=\"76\">Una vez instalados en casa, la pareja ha realizado su primera aparici\u00f3n p\u00fablica en <strong>Mil\u00e1n<\/strong>. La ciudad italiana, decorada con un ambiente navide\u00f1o de ensue\u00f1o, ha servido de tel\u00f3n de fondo para el entra\u00f1able paseo familiar. All\u00ed, han querido inmortalizar la dulce estampa familiar posando con su beb\u00e9 delante de una pintoresca pista de patinaje sobre hielo bellamente adornada. Unas im\u00e1genes de ternura absoluta que reflejan la paz y la felicidad que ha encontrado Boris Becker.<\/p>\n<p> <img src=\"https:\/\/www.europesays.com\/es\/wp-content\/uploads\/2025\/11\/ebe1b958d2e7-still-digesting-this-emotional-past-weekthank-you-all-for-the-kind-messages-buon.jpg\"   width=\"768\" height=\"1024\" loading=\"lazy\" decoding=\"async\" alt=\"Media Image\" fetchpriority=\"auto\" class=\"image ho-image\"\/>\u00a9 borisbeckerofficial<\/p>\n<p id=\"eTzyfAxM4htX\" data-wc=\"93\">Uno de los momentos m\u00e1s emocionantes de esta primera semana fue el encuentro de la nueva beb\u00e9 con uno de sus hermanos mayores. <strong>Noah Becker<\/strong>, el hijo mayor del extenista, tuvo la oportunidad de conocer a su nueva hermana junto a su padre, en un encuentro cargado de cari\u00f1o que multiplica la alegr\u00eda en la familia. El clan entero se ha volcado con la llegada de Zo\u00eb Vittoria, que promete ser el nexo de uni\u00f3n y el s\u00edmbolo de la victoria personal de Boris Becker tras una intensa etapa de luces y sombras.<\/p>\n<p> <img src=\"https:\/\/www.europesays.com\/es\/wp-content\/uploads\/2025\/11\/997f2ccbcb96-still-digesting-this-emotional-past-weekthank-you-all-for-the-kind-messages-buon.jpg\"   width=\"768\" height=\"1024\" loading=\"lazy\" decoding=\"async\" alt=\"Media Image\" fetchpriority=\"auto\" class=\"image ho-image\"\/>\u00a9 borisbeckerofficial<br \/>\nUna familia supernumerosa\u00a0<\/p>\n<p id=\"eEHAW5uWxat\" data-wc=\"40\"><a class=\"hm-link ho-link\" href=\"https:\/\/www.hola.com\/actualidad\/20251122868953\/boris-becker-se-convierte-en-padre-a-los-58-anos-bienvenida-zoe\/\" rel=\"noopener nofollow\" target=\"_blank\" data-mrf-recirculation=\"article-body-link\">Zo\u00eb Vittoria es la quinta hija de Boris Becker.<\/a> El extenista ya era padre de cuatro hijos de tres relaciones anteriores. La llegada de la peque\u00f1a ha llenado de ilusi\u00f3n a todo su entorno y multiplica la felicidad del clan.\u00a0<\/p>\n<p> <img src=\"https:\/\/www.europesays.com\/es\/wp-content\/uploads\/2025\/11\/0e61ec2f20a2-boris-becker-hijos-ig1.jpg\"   width=\"1024\" height=\"768\" loading=\"lazy\" decoding=\"async\" alt=\"Boris Becker junto a su prometida, Lilian De Carvalho, y tres de sus hijos: Noah, Elias y Amadeus\" fetchpriority=\"auto\" class=\"image ho-image\"\/>\u00a9 borisbeckerofficial<\/p>\n<p id=\"etbU5p1svdk\" data-wc=\"113\">La primera gran historia de amor de Becker fue con la modelo Barbara Feltus, a quien conoci\u00f3 en 1991 durante una fiesta en Alemania. Juntos formaron una familia con el nacimiento de Noah Gabriel en 1993 y de Elias Balthasar en 1999. Sin embargo, el matrimonio termin\u00f3 cuando Barbara pidi\u00f3 el divorcio al descubrir la infidelidad del tenista con la modelo Angela Ermakova. La separaci\u00f3n fue una de las m\u00e1s sonadas \u2014y costosas\u2014 del deporte. Becker tuvo que pagar 14,4 millones de d\u00f3lares, ceder un apartamento en Florida y renunciar a la custodia de sus hijos, entonces menores. De aquel breve affaire naci\u00f3 su hija Anna, cuya paternidad reconoci\u00f3 oficialmente un a\u00f1o despu\u00e9s.<\/p>\n<p> <img src=\"https:\/\/www.europesays.com\/es\/wp-content\/uploads\/2025\/11\/7a9be52fb2b8-gettyimages-2197676834.jpg\"   width=\"1024\" height=\"682\" loading=\"lazy\" decoding=\"async\" alt=\"Media Image\" fetchpriority=\"auto\" class=\"image ho-image\"\/>\u00a9 Getty Images<\/p>\n<p id=\"efBIBZ-kL_2\" data-wc=\"64\">A\u00f1os m\u00e1s tarde, en 2009, Becker volvi\u00f3 a casarse, esta vez con la modelo neerlandesa Lily Kerssenberg. La pareja dio la bienvenida a su hijo Amadeus Benedict un a\u00f1o despu\u00e9s de la boda. Pero esta relaci\u00f3n tampoco logr\u00f3 mantenerse. Tras una d\u00e9cada juntos, se separaron por nuevas infidelidades del extenista, un episodio que incluso se abord\u00f3 en el documental Boris Becker: luces y sombras.<\/p>\n<p> <img src=\"https:\/\/www.europesays.com\/es\/wp-content\/uploads\/2025\/11\/b33fb7bd7189-boris-becker2-z.jpg\"   width=\"1024\" height=\"710\" loading=\"lazy\" decoding=\"async\" alt=\"boris becker2\" fetchpriority=\"auto\" class=\"image ho-image\"\/><\/p>\n","protected":false},"excerpt":{"rendered":"La vida vuelve a sonre\u00edrle a Boris Becker y a su esposa, la analista de riesgos Lilian de&hellip;\n","protected":false},"author":2,"featured_media":263940,"comment_status":"","ping_status":"","sticky":false,"template":"","format":"standard","meta":{"footnotes":""},"categories":[274],"tags":[517,14526,168,25,24,23,167,327,326],"class_list":{"0":"post-263939","1":"post","2":"type-post","3":"status-publish","4":"format-standard","5":"has-post-thumbnail","7":"category-tenis","8":"tag-actualidad","9":"tag-boris-becker","10":"tag-deportes","11":"tag-es","12":"tag-espana","13":"tag-spain","14":"tag-sports","15":"tag-tenis","16":"tag-tennis"},"share_on_mastodon":{"url":"https:\/\/pubeurope.com\/@es\/115639612342676491","error":""},"_links":{"self":[{"href":"https:\/\/www.europesays.com\/es\/wp-json\/wp\/v2\/posts\/263939","targetHints":{"allow":["GET"]}}],"collection":[{"href":"https:\/\/www.europesays.com\/es\/wp-json\/wp\/v2\/posts"}],"about":[{"href":"https:\/\/www.europesays.com\/es\/wp-json\/wp\/v2\/types\/post"}],"author":[{"embeddable":true,"href":"https:\/\/www.europesays.com\/es\/wp-json\/wp\/v2\/users\/2"}],"replies":[{"embeddable":true,"href":"https:\/\/www.europesays.com\/es\/wp-json\/wp\/v2\/comments?post=263939"}],"version-history":[{"count":0,"href":"https:\/\/www.europesays.com\/es\/wp-json\/wp\/v2\/posts\/263939\/revisions"}],"wp:featuredmedia":[{"embeddable":true,"href":"https:\/\/www.europesays.com\/es\/wp-json\/wp\/v2\/media\/263940"}],"wp:attachment":[{"href":"https:\/\/www.europesays.com\/es\/wp-json\/wp\/v2\/media?parent=263939"}],"wp:term":[{"taxonomy":"category","embeddable":true,"href":"https:\/\/www.europesays.com\/es\/wp-json\/wp\/v2\/categories?post=263939"},{"taxonomy":"post_tag","embeddable":true,"href":"https:\/\/www.europesays.com\/es\/wp-json\/wp\/v2\/tags?post=263939"}],"curies":[{"name":"wp","href":"https:\/\/api.w.org\/{rel}","templated":true}]}}