{"id":26394,"date":"2025-08-05T03:38:19","date_gmt":"2025-08-05T03:38:19","guid":{"rendered":"https:\/\/www.europesays.com\/es\/26394\/"},"modified":"2025-08-05T03:38:19","modified_gmt":"2025-08-05T03:38:19","slug":"la-plantilla-de-montenegro-en-el-eurobasket-2025-jugadores-y-entrenador","status":"publish","type":"post","link":"https:\/\/www.europesays.com\/es\/26394\/","title":{"rendered":"La plantilla de Montenegro en el EuroBasket 2025: Jugadores y entrenador"},"content":{"rendered":"<p data-start=\"0\" data-end=\"280\">La Federaci\u00f3n de <strong>Montenegro<\/strong> ha anunciado la prelista de 15 jugadores seleccionados por Bosko Radovic para disputar el EuroBasket 2025. El equipo balc\u00e1nico, que compartir\u00e1 grupo con Alemania, Lituania, Finlandia, Suecia y Gran Breta\u00f1a, inici\u00f3 su camino preparatorio el pasado 27 de julio en China, con dos partidos amistosos.<\/p>\n<p data-start=\"282\" data-end=\"582\">Entre los convocados destaca la presencia del p\u00edvot <strong>Nikola Vucevic<\/strong> (Chicago Bulls), el jugador m\u00e1s experimentado del equipo -estuvo presente en el primer Eurobasket de Montenegro como pa\u00eds totalmente independiente-, acompa\u00f1ado por piezas importantes como <strong>Marko Simonovic<\/strong>\u00a0y j\u00f3venes talentos que buscar\u00e1n dar un paso al frente en esta nueva etapa de la selecci\u00f3n montenegrina, como es el caso de <strong>Jovan Kljaji\u0107<\/strong>, fichaje reciente del Covir\u00e1n Granada.<\/p>\n<p>La plantilla de Montenegro para el EuroBasket 2025<\/p>\n<ul>\n<li>Kyle Allman Jr (Besiktas)<\/li>\n<li>Igor Drobnjak (Spartak Subotica)<\/li>\n<li>Ognjen Carapic (PECS)<\/li>\n<li>Vladimir Mihailovic (Zadar)<\/li>\n<li>Balsa Zivanovic (SC Derbi)<\/li>\n<li>Zoran Vuceljic (SC Derbi)<\/li>\n<li>Jovan Kljajic (Covir\u00e1n Granada)<\/li>\n<li>Djordije Jovanovic (Buducnost)<\/li>\n<li>Andrija Slavkovic (Buducnost)<\/li>\n<li>Emir Hadzibegovic (SC Derbi)<\/li>\n<li>Bojan Tomasevic (FMP)<\/li>\n<li>Filip Andusic (SC Derbi)<\/li>\n<li>Marko Simonovic (Tuk Telekom)<\/li>\n<li>Zoran Nikolic (SC Derbi)<\/li>\n<li>Nikola Vucevi\u0107 (Chicago Bulls)<\/li>\n<li><strong>Entrenador:<\/strong> Bosko Radovic<\/li>\n<\/ul>\n<p>El historial de Montenegro en el EuroBasket<\/p>\n<ul>\n<li>1935-1991 \u2013 Parte de Yugoslavia<\/li>\n<li>1993 \u2013 Suspendida (RF Yugoslavia \u2013 junto a Serbia)<\/li>\n<li>1995 \u2013 Campeona (RF Yugoslavia \u2013 junto a Serbia)<\/li>\n<li>1997 \u2013 Campeona (RF Yugoslavia \u2013 junto a Serbia)<\/li>\n<li>1999 \u2013 Bronce (RF Yugoslavia \u2013 junto a Serbia)<\/li>\n<li>2001 \u2013 Campeona\u00a0 (RF Yugoslavia \u2013 junto a Serbia)<\/li>\n<li>2003 \u2013 6.\u00ba (Serbia y Montenegro)<\/li>\n<li>2005 \u2013 9.\u00ba (Serbia y Montenegro)<\/li>\n<li>2007 \u2013 No particip\u00f3<\/li>\n<li>2009 \u2013 No se clasific\u00f3<\/li>\n<li>2011 \u2013 21.\u00ba<\/li>\n<li>2013 \u2013 17.\u00ba<\/li>\n<li>2015 \u2013 No se clasific\u00f3<\/li>\n<li>2017 \u2013 13.\u00ba<\/li>\n<li>2022 \u2013 13.\u00ba<\/li>\n<\/ul>\n<p>M\u00e1s info | <a href=\"https:\/\/www.gigantes.com\/eurobasket-2025\/todas-plantillas-2025-repaso-equipo\/\" rel=\"nofollow noopener\" target=\"_blank\">Todas las plantillas provisionales para el EuroBasket 2025: repasa equipo a equipo<\/a><\/p>\n<p style=\"text-align: right;\">Foto: FIBA<\/p>\n<p><a href=\"https:\/\/www.gigantes.com\/tienda\/?srsltid=AfmBOoqlKLoMe2MxAL77XtHDbuXA5XSEJIxYJGLJlcaz0YRCBtT8lx_s\" rel=\"nofollow noopener\" target=\"_blank\"><img loading=\"lazy\" decoding=\"async\" class=\"aligncenter wp-image-749935 size-full\" src=\"https:\/\/www.europesays.com\/es\/wp-content\/uploads\/2025\/08\/1754365098_668_INSTAGRAMdoble-1.jpg\" alt=\"\" width=\"1969\" height=\"1969\"  \/><\/a><\/p>\n<p>\t\t\t\t\t<img loading=\"lazy\" decoding=\"async\" src=\"https:\/\/www.europesays.com\/es\/wp-content\/uploads\/2025\/07\/1753851914_214_mano.png\" width=\"60\" height=\"60\" alt=\"Deliza hacia abajo\"\/>Sigue deslizando hacia abajo para ver m\u00e1s contenidos<\/p>\n","protected":false},"excerpt":{"rendered":"La Federaci\u00f3n de Montenegro ha anunciado la prelista de 15 jugadores seleccionados por Bosko Radovic para disputar el&hellip;\n","protected":false},"author":2,"featured_media":26395,"comment_status":"","ping_status":"","sticky":false,"template":"","format":"standard","meta":{"footnotes":""},"categories":[269],"tags":[299,298,168,25,24,8074,7219,23,167],"class_list":{"0":"post-26394","1":"post","2":"type-post","3":"status-publish","4":"format-standard","5":"has-post-thumbnail","7":"category-baloncesto","8":"tag-baloncesto","9":"tag-basketball","10":"tag-deportes","11":"tag-es","12":"tag-espana","13":"tag-eurobasket-2025","14":"tag-montenegro","15":"tag-spain","16":"tag-sports"},"share_on_mastodon":{"url":"","error":""},"_links":{"self":[{"href":"https:\/\/www.europesays.com\/es\/wp-json\/wp\/v2\/posts\/26394","targetHints":{"allow":["GET"]}}],"collection":[{"href":"https:\/\/www.europesays.com\/es\/wp-json\/wp\/v2\/posts"}],"about":[{"href":"https:\/\/www.europesays.com\/es\/wp-json\/wp\/v2\/types\/post"}],"author":[{"embeddable":true,"href":"https:\/\/www.europesays.com\/es\/wp-json\/wp\/v2\/users\/2"}],"replies":[{"embeddable":true,"href":"https:\/\/www.europesays.com\/es\/wp-json\/wp\/v2\/comments?post=26394"}],"version-history":[{"count":0,"href":"https:\/\/www.europesays.com\/es\/wp-json\/wp\/v2\/posts\/26394\/revisions"}],"wp:featuredmedia":[{"embeddable":true,"href":"https:\/\/www.europesays.com\/es\/wp-json\/wp\/v2\/media\/26395"}],"wp:attachment":[{"href":"https:\/\/www.europesays.com\/es\/wp-json\/wp\/v2\/media?parent=26394"}],"wp:term":[{"taxonomy":"category","embeddable":true,"href":"https:\/\/www.europesays.com\/es\/wp-json\/wp\/v2\/categories?post=26394"},{"taxonomy":"post_tag","embeddable":true,"href":"https:\/\/www.europesays.com\/es\/wp-json\/wp\/v2\/tags?post=26394"}],"curies":[{"name":"wp","href":"https:\/\/api.w.org\/{rel}","templated":true}]}}