{"id":263941,"date":"2025-11-30T16:36:09","date_gmt":"2025-11-30T16:36:09","guid":{"rendered":"https:\/\/www.europesays.com\/es\/263941\/"},"modified":"2025-11-30T16:36:09","modified_gmt":"2025-11-30T16:36:09","slug":"ya-se-conocen-los-precios-de-las-entradas-para-el-derbi-del-cartagonova-fc-cartagena","status":"publish","type":"post","link":"https:\/\/www.europesays.com\/es\/263941\/","title":{"rendered":"Ya se conocen los precios de las entradas para el Derbi del Cartagonova | FC Cartagena"},"content":{"rendered":"<p class=\"CuerpoA\" style=\"text-align: justify; text-justify: inter-ideograph;\">El FC Cartagena SAD informa que a partir de ma\u00f1ana lunes 1 de diciembre, ya estar\u00e1n a la venta las entradas para el partido el Derbi del Cartagonova, que enfrentar\u00e1 al FC Cartagena y al Real Murcia el pr\u00f3ximo lunes 8 a las 18:15 horas. El precio de las mismas oscilar\u00e1 entre 15 y 22 euros para los abonados del Efes\u00e9, y de 25 a 45 euros para los no abonados (precios infantiles desde 10 euros).<\/p>\n<p class=\"CuerpoA\" style=\"text-align: justify; text-justify: inter-ideograph;\">\u00a0<\/p>\n<p class=\"CuerpoA\" style=\"text-align: justify; text-justify: inter-ideograph;\">Los abonados tendr\u00e1n garantizado su asiento hasta el viernes 5 de diciembre a las 20:00 horas. Una vez llegado ese momento, se liberar\u00e1n (y se pondr\u00e1n a la venta al precio del p\u00fablico general) las butacas de los abonados que no hayan sacado su entrada.<\/p>\n<p class=\"CuerpoA\" style=\"text-align: justify; text-justify: inter-ideograph;\">\u00a0<\/p>\n<p class=\"CuerpoA\" style=\"text-align: justify; text-justify: inter-ideograph;\">Con tu entrada del Derbi, podr\u00e1s beneficiarte de la promoci\u00f3n que el club lanza para el \u00faltimo partido del a\u00f1o en el Cartagonova, y acceder a un 2&#215;1 en entradas para el FC Cartagena \u2013 Juventud Torremolinos del domingo 21 de diciembre a las 18.15 horas. <\/p>\n<p class=\"CuerpoA\" style=\"text-align: justify; text-justify: inter-ideograph;\">\u00a0<\/p>\n<p class=\"CuerpoA\" style=\"text-align: justify; text-justify: inter-ideograph;\">La venta f\u00edsica estar\u00e1 activa en las oficinas del Club desde ma\u00f1ana lunes a las 10.00 horas, y en el siguiente horario:<\/p>\n<p class=\"CuerpoA\" style=\"text-align: justify; text-justify: inter-ideograph;\">\u00a0<\/p>\n<p class=\"CuerpoA\" style=\"text-align: justify; text-justify: inter-ideograph;\">&#8211;\u00a0\u00a0\u00a0\u00a0\u00a0\u00a0 De lunes 1 a viernes 5 de 10:00 a 14:00 horas y de 16:30 a 20:00 horas<\/p>\n<p class=\"CuerpoA\" style=\"text-align: justify; text-justify: inter-ideograph;\">\u00a0<\/p>\n<p class=\"CuerpoA\" style=\"text-align: justify; text-justify: inter-ideograph;\">La venta online comenzar\u00e1 ma\u00f1ana lunes 1 de diciembre a partir de las 10.00 horas, a trav\u00e9s del portal habitual del club <a href=\"https:\/\/fccartagena.compralaentrada.com\/eventos\/\" rel=\"nofollow noopener\" target=\"_blank\">https:\/\/fccartagena.compralaentrada.com\/eventos\/<\/a><\/p>\n<p class=\"CuerpoA\" style=\"text-align: justify; text-justify: inter-ideograph;\">\u00a0<\/p>\n<p class=\"CuerpoA\" style=\"text-align: justify; text-justify: inter-ideograph;\">La entrada para la afici\u00f3n visitante, adquirida a trav\u00e9s de su club, tendr\u00e1 un precio de 25 euros para todo el fondo norte. Los abonados del FC Cartagena de fondo norte alto podr\u00e1n adquirir una entrada a su precio de abonado en esa zona, que es 15 euros, y elegir su reubicaci\u00f3n en la zona de fondo sur alto o bajo, o en la zona de lateral alto o bajo. Esta entrada debe retirarse en las oficinas del club, y en los horarios anteriormente indicados. <\/p>\n","protected":false},"excerpt":{"rendered":"El FC Cartagena SAD informa que a partir de ma\u00f1ana lunes 1 de diciembre, ya estar\u00e1n a la&hellip;\n","protected":false},"author":2,"featured_media":263942,"comment_status":"","ping_status":"","sticky":false,"template":"","format":"standard","meta":{"footnotes":""},"categories":[268],"tags":[168,25,24,280,282,281,23,167],"class_list":{"0":"post-263941","1":"post","2":"type-post","3":"status-publish","4":"format-standard","5":"has-post-thumbnail","7":"category-futbol","8":"tag-deportes","9":"tag-es","10":"tag-espana","11":"tag-football","12":"tag-futbol","13":"tag-soccer","14":"tag-spain","15":"tag-sports"},"share_on_mastodon":{"url":"https:\/\/pubeurope.com\/@es\/115639627518539509","error":""},"_links":{"self":[{"href":"https:\/\/www.europesays.com\/es\/wp-json\/wp\/v2\/posts\/263941","targetHints":{"allow":["GET"]}}],"collection":[{"href":"https:\/\/www.europesays.com\/es\/wp-json\/wp\/v2\/posts"}],"about":[{"href":"https:\/\/www.europesays.com\/es\/wp-json\/wp\/v2\/types\/post"}],"author":[{"embeddable":true,"href":"https:\/\/www.europesays.com\/es\/wp-json\/wp\/v2\/users\/2"}],"replies":[{"embeddable":true,"href":"https:\/\/www.europesays.com\/es\/wp-json\/wp\/v2\/comments?post=263941"}],"version-history":[{"count":0,"href":"https:\/\/www.europesays.com\/es\/wp-json\/wp\/v2\/posts\/263941\/revisions"}],"wp:featuredmedia":[{"embeddable":true,"href":"https:\/\/www.europesays.com\/es\/wp-json\/wp\/v2\/media\/263942"}],"wp:attachment":[{"href":"https:\/\/www.europesays.com\/es\/wp-json\/wp\/v2\/media?parent=263941"}],"wp:term":[{"taxonomy":"category","embeddable":true,"href":"https:\/\/www.europesays.com\/es\/wp-json\/wp\/v2\/categories?post=263941"},{"taxonomy":"post_tag","embeddable":true,"href":"https:\/\/www.europesays.com\/es\/wp-json\/wp\/v2\/tags?post=263941"}],"curies":[{"name":"wp","href":"https:\/\/api.w.org\/{rel}","templated":true}]}}