{"id":263945,"date":"2025-11-30T16:41:11","date_gmt":"2025-11-30T16:41:11","guid":{"rendered":"https:\/\/www.europesays.com\/es\/263945\/"},"modified":"2025-11-30T16:41:11","modified_gmt":"2025-11-30T16:41:11","slug":"malevolent-creation-vuelven-a-ser-quinteto-primeros-invitados-para-el-disco-de-sinner-video-en-directo-de-forbidden","status":"publish","type":"post","link":"https:\/\/www.europesays.com\/es\/263945\/","title":{"rendered":"MALEVOLENT CREATION vuelven a ser quinteto. Primeros invitados para el disco de SINNER. V\u00eddeo en directo de FORBIDDEN."},"content":{"rendered":"<p>\u00a0<\/p>\n<p style=\"text-align: center;\"><strong><a href=\"#MALEVOLENT\">MALEVOLENT CREATION vuelven a ser quinteto<\/a> \u2013 <a href=\"#SINNER2\">Primeros invitados para el disco de SINNER<\/a> \u2013 <a href=\"#FORBIDDEN2\">V\u00eddeo en directo de FORBIDDEN<\/a>.<\/strong><\/p>\n<p><strong><a href=\"https:\/\/malevolentcreation.com\/\" target=\"_blank\" rel=\"noopener nofollow\">MALEVOLENT CREATION<\/a><\/strong> han recuperado al cantante y guitarrista Deron Miler, y son ahora un quinteto. El resto del grupo se completa con los guitarristas Chris Cannella y Phil Fasciana, el bajista Jesse Jolly y el bater\u00eda Ronnie Parmer.<\/p>\n<p>Tocaron el pasado julio en nuestro pa\u00eds.<\/p>\n<p><img fetchpriority=\"high\" decoding=\"async\" src=\"https:\/\/www.europesays.com\/es\/wp-content\/uploads\/2025\/11\/malevolent-creation2025_1live_500x267.jpg\" alt=\"MALEVOLENT CREATION\" width=\"500\" height=\"267\"\/><\/p>\n<p>La banda comenzar\u00e1 en enero a trabajar en su <a href=\"https:\/\/www.rafabasa.com\/2023\/03\/20\/nervosa-malevolent-creation-cry-of-dawn\/#MALEVOLENT_CREATION\" target=\"_blank\" rel=\"noopener nofollow\">nuevo disco<\/a> y en principio no tocar\u00e1n en 2026.<\/p>\n<p>Los americanos\u00a0editaron el 18 de enero de 2019 a trav\u00e9s de Hammerheart Records su \u00faltimo trabajo \u201cThe 13th Beast\u201d.<\/p>\n<p>Toda la informaci\u00f3n en este\u00a0<a href=\"https:\/\/www.rafabasa.com\/2018\/11\/15\/accept-spirits-of-fire-malevolent-creation-niryth-finntroll\/#MALEVOLENT_CREATION\" target=\"_blank\" rel=\"noopener nofollow\">bloque<\/a>\u00a0y los adelantos aparecidos en\u00a0<a href=\"https:\/\/www.rafabasa.com\/2019\/01\/23\/rammstein-king-diamond-malevolent-creation-bring-me-the-horizon-frenzy\/#MALEVOLENT_CREATION\" target=\"_blank\" rel=\"noopener nofollow\">este<\/a>.<\/p>\n<p>\u00a0<\/p>\n<p><strong>Mat Sinner <\/strong>ha revelado m\u00e1s invitados para el <a href=\"https:\/\/www.rafabasa.com\/2025\/11\/16\/sabaton-sinner-tank-cyhra\/#SINNER\" rel=\"nofollow noopener\" target=\"_blank\">pr\u00f3ximo disco<\/a> de <strong>SINNER<\/strong>. Entre los nuevos nombres se encuentran los guitarristas Alex Scholpp y Jim M\u00fcller, el bater\u00eda Moritz M\u00fcller, la teclista Lisa M\u00fcller, Erik Martensson de ECLIPSE, Ricky Warwick de BLACK STAR RIDERS y THE ALMIGHTY, Michael Sadler de SAGA, Ronnie Romero y Sascha Krebs.<\/p>\n<p>Todav\u00eda quedan 5 invitados por anunciar.<\/p>\n<p>Este ser\u00e1 el \u00faltimo disco del grupo y ser\u00e1 producido por <strong>SINNER<\/strong> y mezclado por Jacob Hansen.<\/p>\n<p>Su \u00faltimo disco \u201cBrotherhood\u201d sali\u00f3 el 15 de julio de 2022 con Atomic Fire Records.<\/p>\n<p>Todos los detalles en esta <a href=\"https:\/\/www.rafabasa.com\/2022\/04\/21\/rock-imperium-sinner-tribulation\/#SINNER\" target=\"_blank\" rel=\"noopener nofollow\">noticia<\/a> y los singles aparecidos en <a href=\"https:\/\/www.rafabasa.com\/2022\/06\/11\/h-e-a-t-estrenan-nuevo-video-adelanto-de-sinner-video-de-fallen-sanctuary\/#SINNER\" target=\"_blank\" rel=\"noopener nofollow\">esta<\/a>.<\/p>\n<p>Dissonance Productions sac\u00f3 el 28 de abril de 2023 una caja de <strong>SINNER<\/strong> compuesta por 4 CDs titulada <a href=\"https:\/\/www.rafabasa.com\/2023\/02\/05\/korn-sinner-barcia-metal-fest\/#SINNER\" rel=\"nofollow noopener\" target=\"_blank\">\u201cBorn To Rock \u2013 The Noise Years 1984-1987\u201d<\/a>.<\/p>\n<p>\u00a0<\/p>\n<p>A continuaci\u00f3n ten\u00e9is un v\u00eddeo en directo de <strong>FORBIDDEN<\/strong> para el tema \u201cChalice Of Blood\u201d grabado en la \u00faltima edici\u00f3n del festival alem\u00e1n Wacken Open Air.<\/p>\n<p>La banda <a href=\"https:\/\/www.rafabasa.com\/2025\/10\/08\/floor-jansen-forbidden-v-i-d-a\/#FORBIDDEN\" rel=\"nofollow noopener\" target=\"_blank\">visitar\u00e1 Sudam\u00e9rica<\/a> en 2026 acompa\u00f1ados por VIO \u2013 LENCE.<\/p>\n<p>FORBIDDEN han estrenado ya <a href=\"https:\/\/www.rafabasa.com\/2025\/10\/02\/saxon-forbidden-royal-hunt\/#FORBIDDEN\" rel=\"nofollow noopener\" target=\"_blank\">dos singles<\/a> y est\u00e1n ultimando su <a href=\"https:\/\/www.rafabasa.com\/2025\/04\/20\/savatage-therion-forbidden\/#FORBIDDEN\" target=\"_blank\" rel=\"noopener nofollow\">pr\u00f3ximo disco<\/a> para sacarlo el a\u00f1o pr\u00f3ximo.<\/p>\n<p>Los americanos sacaron su disco de regreso \u00abOmega Wave\u00bb el 22 de octubre de 2010 v\u00eda Nuclear Blast Records.<\/p>\n<p>Ten\u00e9is todos los detalles en esta <a href=\"https:\/\/www.rafabasa.com\/2010\/10\/judas-priest-%E2%80%93-helloween-%E2%80%93-trivium-%E2%80%93-forbidden-%E2%80%93-firewind-%E2%80%93-death-angel-%E2%80%93-anathe\/\" target=\"_blank\" rel=\"noopener nofollow\">noticia anterior<\/a>.<\/p>\n<p>\u00a0<\/p>\n<p align=\"center\"><strong>Sigue el\u00a0<a href=\"https:\/\/whatsapp.com\/channel\/0029VaCprxVBA1f555USvT2O\" target=\"_blank\" rel=\"nofollow noopener\">Canal de RAFABASA.COM en WhatsApp<\/a>, donde encontrar\u00e1s todas nuestras novedades al instante<\/strong><\/p>\n<p>\u00a0<\/p>\n<p>\u00a0<\/p>\n<p>\u00a0<\/p>\n","protected":false},"excerpt":{"rendered":"\u00a0 MALEVOLENT CREATION vuelven a ser quinteto \u2013 Primeros invitados para el disco de SINNER \u2013 V\u00eddeo en&hellip;\n","protected":false},"author":2,"featured_media":263946,"comment_status":"","ping_status":"","sticky":false,"template":"","format":"standard","meta":{"footnotes":""},"categories":[170],"tags":[146,147,25,24,46268,65575,184,185,4466,23],"class_list":{"0":"post-263945","1":"post","2":"type-post","3":"status-publish","4":"format-standard","5":"has-post-thumbnail","7":"category-musica","8":"tag-entertainment","9":"tag-entretenimiento","10":"tag-es","11":"tag-espana","12":"tag-forbidden","13":"tag-malevolent-creation","14":"tag-music","15":"tag-musica","16":"tag-sinner","17":"tag-spain"},"share_on_mastodon":{"url":"https:\/\/pubeurope.com\/@es\/115639647629805045","error":""},"_links":{"self":[{"href":"https:\/\/www.europesays.com\/es\/wp-json\/wp\/v2\/posts\/263945","targetHints":{"allow":["GET"]}}],"collection":[{"href":"https:\/\/www.europesays.com\/es\/wp-json\/wp\/v2\/posts"}],"about":[{"href":"https:\/\/www.europesays.com\/es\/wp-json\/wp\/v2\/types\/post"}],"author":[{"embeddable":true,"href":"https:\/\/www.europesays.com\/es\/wp-json\/wp\/v2\/users\/2"}],"replies":[{"embeddable":true,"href":"https:\/\/www.europesays.com\/es\/wp-json\/wp\/v2\/comments?post=263945"}],"version-history":[{"count":0,"href":"https:\/\/www.europesays.com\/es\/wp-json\/wp\/v2\/posts\/263945\/revisions"}],"wp:featuredmedia":[{"embeddable":true,"href":"https:\/\/www.europesays.com\/es\/wp-json\/wp\/v2\/media\/263946"}],"wp:attachment":[{"href":"https:\/\/www.europesays.com\/es\/wp-json\/wp\/v2\/media?parent=263945"}],"wp:term":[{"taxonomy":"category","embeddable":true,"href":"https:\/\/www.europesays.com\/es\/wp-json\/wp\/v2\/categories?post=263945"},{"taxonomy":"post_tag","embeddable":true,"href":"https:\/\/www.europesays.com\/es\/wp-json\/wp\/v2\/tags?post=263945"}],"curies":[{"name":"wp","href":"https:\/\/api.w.org\/{rel}","templated":true}]}}