{"id":263947,"date":"2025-11-30T16:42:11","date_gmt":"2025-11-30T16:42:11","guid":{"rendered":"https:\/\/www.europesays.com\/es\/263947\/"},"modified":"2025-11-30T16:42:11","modified_gmt":"2025-11-30T16:42:11","slug":"el-langui-debuta-como-director-de-largometrajes-con-un-documental-sobre-desiree-vila","status":"publish","type":"post","link":"https:\/\/www.europesays.com\/es\/263947\/","title":{"rendered":"&#8216;El Langui&#8217; debuta como director de largometrajes con un documental sobre Desir\u00e9e Vila"},"content":{"rendered":"<p data-mrf-recirculation=\"Links P\u00e1rrafos\" class=\"ue-c-article__paragraph paragraph xai-icon-container ue-c-article--first-letter-highlighted\">Juan Manuel Montilla, m\u00e1s conocido como El Langui, debuta como director de largometrajes con el rodaje del <strong>documental \u201cGanas de vivir\u201d, centrado en la historia de superaci\u00f3n de la deportista paral\u00edmpica Desir\u00e9e Vila<\/strong>.\u00a0Una producci\u00f3n de Morena Films en coproducci\u00f3n con Morena Docs rodado entre las provincias de Madrid, M\u00e1laga, Valladolid y Pontevedra.<\/p>\n<p data-mrf-recirculation=\"Links P\u00e1rrafos\" class=\"ue-c-article__paragraph paragraph xai-icon-container\">El Langui, que <strong><a href=\"https:\/\/www.marca.com\/paralimpicos\/2025\/11\/21\/langui-medallista-boccia-deporte-me-cambiado-vida.html\" rel=\"nofollow noopener\" target=\"_blank\">recientemente visit\u00f3 MARCA<\/a><\/strong> para hablarnos de su nueva faceta como jugador de boccia y medallista internacional, centra la mirada en la historia de<strong> la atleta paral\u00edmpica gallega que tuvo que reinventarse con s\u00f3lo 16 a\u00f1os. Entonces so\u00f1aba con triunfar en la gimnasia acrob\u00e1tica<\/strong>. De hecho, compet\u00eda a nivel internacional con Espa\u00f1a, pero <strong>una grave lesi\u00f3n tras una ca\u00edda haciendo un mortal entrenando y una <a href=\"https:\/\/www.marca.com\/marca-la-diferencia\/2023\/02\/01\/63d906c222601d70678b45ca.html\" rel=\"nofollow noopener\" target=\"_blank\">negligencia m\u00e9dica<\/a> derivaron en la amputaci\u00f3n de su pierna derecha.\u00a0<\/strong><\/p>\n<p data-mrf-recirculation=\"Links P\u00e1rrafos\" class=\"ue-c-article__paragraph paragraph xai-icon-container\"><strong>El atletismo le abri\u00f3 una nueva puerta <\/strong>y en tan solo un a\u00f1o, se proclam\u00f3 campeona de Espa\u00f1a en 100 metros y salto de longitud. Desde entonces ha batido varios r\u00e9cords nacionales, una <strong>medalla de bronce europea<\/strong>, un <strong>diploma paral\u00edmpico en los Juegos de Tokio<\/strong> y tambi\u00e9n compiti\u00f3 en los de Par\u00eds 2024. Pero adem\u00e1s, Vila posee la <strong><a href=\"https:\/\/www.marca.com\/paralimpicos\/2022\/12\/02\/6388e52c268e3e1a0e8b45c9.html\" rel=\"nofollow noopener\" target=\"_blank\">Medalla de Oro de la Real Orden del M\u00e9rito Deportivo<\/a><\/strong>\u00a0por sus logros en el atletismo paral\u00edmpico pero tambi\u00e9n por su <strong>visibilizaci\u00f3n y normalidad de la discapacidad<\/strong>\u00ab. Se ha convertido en u<strong>na de las voces m\u00e1s influyentes en favor de la igualdad, la inclusi\u00f3n y la superaci\u00f3n personal.<\/strong><\/p>\n<blockquote class=\"ue-c-article__blockquote\">\n<p>Este documental es mucho m\u00e1s que la biograf\u00eda de una deportista, es un canto a la vida<\/p>\n<p>Rodrigo Espinel, productor del documental &#8216;Ganas de vivir&#8217;<\/p><\/blockquote>\n<p>Inspiraci\u00f3n y reinvenci\u00f3n<\/p>\n<p data-mrf-recirculation=\"Links P\u00e1rrafos\" class=\"ue-c-article__paragraph paragraph xai-icon-container\"><strong>\u00abEste documental es mucho m\u00e1s que la biograf\u00eda de una deportista; es un canto a la vida, a la capacidad del ser humano para reinventarse, perdonar y aceptar el destino que nos toca vivir. <\/strong>Como sociedad, necesitamos referentes que nos inspiren a derribar barreras y a perder el miedo a vivir. La conmovedora historia de Desir\u00e9e, narrada desde la mirada \u00fanica de El Langui, tiene el poder de emocionar, motivar y provocar cambios reales en la manera en que entendemos la discapacidad\u201d, dice el productor vallisoletano <strong>Rodrigo Espinel<\/strong>.<\/p>\n<p data-mrf-recirculation=\"Links P\u00e1rrafos\" class=\"ue-c-article__paragraph paragraph xai-icon-container\">Esta pel\u00edcula busca<strong> inspirar y sensibilizar a la sociedad abordando temas como el perd\u00f3n, la aceptaci\u00f3n positiva de la vida<\/strong> que a cada uno nos ha tocado vivir y la importancia de visibilizar e <strong>impulsar referentes capaces de transformar la mirada hacia la discapacidad<\/strong> para avanzar hacia la plena inclusi\u00f3n.<\/p>\n<p data-mrf-recirculation=\"Links P\u00e1rrafos\" class=\"ue-c-article__paragraph paragraph xai-icon-container\">El film cuenta con la <strong>participaci\u00f3n de RTVE, Movistar Plus+ y RTV<\/strong>M, con la financiaci\u00f3n del Ayuntamiento de Madrid, con el patrocinio de la Fundaci\u00f3n Adecco y de Valladolid Film Commission (UNESCO Creative City of Film), y con la colaboraci\u00f3n del Comit\u00e9 Paral\u00edmpico Espa\u00f1ol y de Canary Islands Film \u2013 Gobierno de Canarias.<\/p>\n","protected":false},"excerpt":{"rendered":"Juan Manuel Montilla, m\u00e1s conocido como El Langui, debuta como director de largometrajes con el rodaje del documental&hellip;\n","protected":false},"author":2,"featured_media":263948,"comment_status":"","ping_status":"","sticky":false,"template":"","format":"standard","meta":{"footnotes":""},"categories":[169],"tags":[177,146,147,25,24,176,175,23],"class_list":{"0":"post-263947","1":"post","2":"type-post","3":"status-publish","4":"format-standard","5":"has-post-thumbnail","7":"category-cine","8":"tag-cine","9":"tag-entertainment","10":"tag-entretenimiento","11":"tag-es","12":"tag-espana","13":"tag-film","14":"tag-movies","15":"tag-spain"},"share_on_mastodon":{"url":"https:\/\/pubeurope.com\/@es\/115639651276810830","error":""},"_links":{"self":[{"href":"https:\/\/www.europesays.com\/es\/wp-json\/wp\/v2\/posts\/263947","targetHints":{"allow":["GET"]}}],"collection":[{"href":"https:\/\/www.europesays.com\/es\/wp-json\/wp\/v2\/posts"}],"about":[{"href":"https:\/\/www.europesays.com\/es\/wp-json\/wp\/v2\/types\/post"}],"author":[{"embeddable":true,"href":"https:\/\/www.europesays.com\/es\/wp-json\/wp\/v2\/users\/2"}],"replies":[{"embeddable":true,"href":"https:\/\/www.europesays.com\/es\/wp-json\/wp\/v2\/comments?post=263947"}],"version-history":[{"count":0,"href":"https:\/\/www.europesays.com\/es\/wp-json\/wp\/v2\/posts\/263947\/revisions"}],"wp:featuredmedia":[{"embeddable":true,"href":"https:\/\/www.europesays.com\/es\/wp-json\/wp\/v2\/media\/263948"}],"wp:attachment":[{"href":"https:\/\/www.europesays.com\/es\/wp-json\/wp\/v2\/media?parent=263947"}],"wp:term":[{"taxonomy":"category","embeddable":true,"href":"https:\/\/www.europesays.com\/es\/wp-json\/wp\/v2\/categories?post=263947"},{"taxonomy":"post_tag","embeddable":true,"href":"https:\/\/www.europesays.com\/es\/wp-json\/wp\/v2\/tags?post=263947"}],"curies":[{"name":"wp","href":"https:\/\/api.w.org\/{rel}","templated":true}]}}