{"id":263949,"date":"2025-11-30T16:43:09","date_gmt":"2025-11-30T16:43:09","guid":{"rendered":"https:\/\/www.europesays.com\/es\/263949\/"},"modified":"2025-11-30T16:43:09","modified_gmt":"2025-11-30T16:43:09","slug":"mercado-de-fichajes-en-directo-ultima-hora-de-real-madrid-barcelona-atletico-y-futbol-internacional-10","status":"publish","type":"post","link":"https:\/\/www.europesays.com\/es\/263949\/","title":{"rendered":"Mercado de fichajes, en directo: \u00faltima hora de Real Madrid, Barcelona, Atl\u00e9tico y f\u00fatbol internacional"},"content":{"rendered":"<p class=\"ev-title\">\u00abQue Kane se venga al City\u00bb<\/p>\n<p>Un ex jugador del City como\u00a0Shaun Wright-Phillips, invita a Kane a jugar en el conjunto ingl\u00e9s: \u00ab<strong>Si fueras Harry Kane, podr\u00edas ganar m\u00e1s t\u00edtulos en el Barcelona o el Real Madrid , \u00bfpor qu\u00e9 rechazar\u00edas eso? Pero si \u00e9l quiere ese r\u00e9cord en la Premier League, creo que el Manchester City <\/strong>lo recibir\u00eda con los brazos abiertos.\u00a0\u00abAunque solo jueguen con un delantero, podr\u00edan rotar a Erling Haaland. Creo que ambos lo aceptar\u00edan siempre y cuando ganen t\u00edtulos.\u00a0Es m\u00e1s, creo que pueden jugar juntos porque Kane tambi\u00e9n es un n\u00famero 10 excepcional. Eso le dar\u00eda m\u00e1s libertad a Haaland. En cuanto Kane tiene el bal\u00f3n y se gira, Haaland corre por detr\u00e1s, y Kane lo encuentra\u00bb<\/p>\n","protected":false},"excerpt":{"rendered":"\u00abQue Kane se venga al City\u00bb Un ex jugador del City como\u00a0Shaun Wright-Phillips, invita a Kane a jugar&hellip;\n","protected":false},"author":2,"featured_media":263950,"comment_status":"","ping_status":"","sticky":false,"template":"","format":"standard","meta":{"footnotes":""},"categories":[93],"tags":[168,25,24,23,167],"class_list":{"0":"post-263949","1":"post","2":"type-post","3":"status-publish","4":"format-standard","5":"has-post-thumbnail","7":"category-deportes","8":"tag-deportes","9":"tag-es","10":"tag-espana","11":"tag-spain","12":"tag-sports"},"share_on_mastodon":{"url":"https:\/\/pubeurope.com\/@es\/115639655066233510","error":""},"_links":{"self":[{"href":"https:\/\/www.europesays.com\/es\/wp-json\/wp\/v2\/posts\/263949","targetHints":{"allow":["GET"]}}],"collection":[{"href":"https:\/\/www.europesays.com\/es\/wp-json\/wp\/v2\/posts"}],"about":[{"href":"https:\/\/www.europesays.com\/es\/wp-json\/wp\/v2\/types\/post"}],"author":[{"embeddable":true,"href":"https:\/\/www.europesays.com\/es\/wp-json\/wp\/v2\/users\/2"}],"replies":[{"embeddable":true,"href":"https:\/\/www.europesays.com\/es\/wp-json\/wp\/v2\/comments?post=263949"}],"version-history":[{"count":0,"href":"https:\/\/www.europesays.com\/es\/wp-json\/wp\/v2\/posts\/263949\/revisions"}],"wp:featuredmedia":[{"embeddable":true,"href":"https:\/\/www.europesays.com\/es\/wp-json\/wp\/v2\/media\/263950"}],"wp:attachment":[{"href":"https:\/\/www.europesays.com\/es\/wp-json\/wp\/v2\/media?parent=263949"}],"wp:term":[{"taxonomy":"category","embeddable":true,"href":"https:\/\/www.europesays.com\/es\/wp-json\/wp\/v2\/categories?post=263949"},{"taxonomy":"post_tag","embeddable":true,"href":"https:\/\/www.europesays.com\/es\/wp-json\/wp\/v2\/tags?post=263949"}],"curies":[{"name":"wp","href":"https:\/\/api.w.org\/{rel}","templated":true}]}}